{"id":12833,"date":"2017-06-06T14:52:24","date_gmt":"2017-06-06T14:52:24","guid":{"rendered":"http:\/\/granadacostanacional.es\/?p=12833"},"modified":"2017-06-06T14:52:24","modified_gmt":"2017-06-06T14:52:24","slug":"susana-diaz-presenta-el-dispositivo-del-plan-infoca-para-2017-con-4-400-profesionales-y-una-inversion-de-1576-millones","status":"publish","type":"post","link":"https:\/\/granadacostaglobal.es\/?p=12833","title":{"rendered":"Susana D\u00edaz presenta el dispositivo del Plan Infoca para 2017, con 4.400 profesionales y una inversi\u00f3n de 157,6 millones"},"content":{"rendered":"<p style=\"text-align: justify;\"><strong>La presidenta pide \u201ccompromiso y ayuda\u201d a todos los andaluces para evitar siniestros, porque el 96% de los incendios son\u00a0 originados por el hombre<\/strong><\/p>\n<p>La presidenta de la Junta, Susana D\u00edaz, ha presentado en el Centro de Defensa Forestal de Madro\u00f1alejo (Aznalc\u00f3llar, Sevilla) el dispositivo para la prevenci\u00f3n y extinci\u00f3n de incendios forestales de Andaluc\u00eda, Plan Infoca, que se puso en marcha el pasado 1 de junio hasta el pr\u00f3ximo 15 de octubre y que este a\u00f1o cuenta con la participaci\u00f3n de m\u00e1s de 4.400 profesionales y una inversi\u00f3n de 157,6 millones de euros.<\/p>\n<p>D\u00edaz ha agradecido la labor de los 4.400 efectivos de todos los Cuerpos que \u201cforman el Plan Infoca y que dan seguridad al medio ambiente y a las personas\u201d y ha reclamado el \u201ccompromiso y la ayuda\u201d de todos los andaluces para evitar siniestros, que en el 96% de los casos son originados por el hombre, sea de forma negligente o intencionada.<\/p>\n<p>La presidenta ha remarcado que \u201ctodos y todas tenemos la responsabilidad de proteger nuestros montes, nuestro patrimonio natural y la vida de las personas\u201d y se ha mostrado convencida de que \u201ccon un esfuerzo colectivo, muchos de esos incendios pueden ser evitables\u201d.<\/p>\n<p>\u201cSi ayudamos todos, con un magn\u00edfico Plan como el que tenemos, que es una referencia nacional; si todos ponemos de nuestra parte, el resultado ser\u00e1 positivo para el conjunto de Andaluc\u00eda\u201d, ha se\u00f1alado la presidenta, que ha valorado el \u201cesfuerzo colectivo por el bienestar de los andaluces y la seguridad de las personas y de nuestro patrimonio natural\u201d.<\/p>\n<p>D\u00edaz ha recordado que, a pesar de que el Plan se desarrolla del 1 de junio al 15 de octubre, \u201cse trabaja durante todo el a\u00f1o para que lo que se hace en el dispositivo sea un \u00e9xito\u201d. De hecho, en torno a la mitad del presupuesto que destina el Gobierno andaluz al Plan Infoca va destinado \u201ca la prevenci\u00f3n, la sensibilizaci\u00f3n y a trabajar durante todo el a\u00f1o para evitar que en el verano ese tipo de semanas tr\u00e1gicas se lleven por delante el trabajo y la prevenci\u00f3n colectiva\u201d.<\/p>\n<p>La presidenta, que ha valorado la puesta en marcha de la oferta p\u00fablica de empleo y de la bolsa de empleo eventual, ha agradecido el \u201ccompromiso, la entrega y la responsabilidad\u201d de los trabajadores del Plan Infoca y ha tenido palabras de recuerdo para uno de ellos, fallecido en un accidente a la vuelta de un incendio el pasado a\u00f1o.<\/p>\n<p style=\"text-align: justify;\"><a href=\"http:\/\/granadacostanacional.es\/wp-content\/uploads\/2017\/06\/1af.jpg\"><img decoding=\"async\" loading=\"lazy\" class=\"aligncenter size-large wp-image-12834\" src=\"http:\/\/granadacostanacional.es\/wp-content\/uploads\/2017\/06\/1af-1024x740.jpg\" alt=\"1af\" width=\"1024\" height=\"740\" \/><\/a><\/p>\n<p><strong>Datos del Plan Infoca 2017<\/strong><br \/>\nEl presupuesto del Plan Infoca para 2017 se divide casi a partes iguales entre tareas de prevenci\u00f3n de incendios forestales y labores de extinci\u00f3n. En cuanto a estas \u00faltimas, en el dispositivo participar\u00e1n 4.400 efectivos que contar\u00e1n entre sus medios t\u00e9cnicos y materiales con 115 veh\u00edculos pesados (98 autobombas y 17 nodrizas), 8 Unidades M\u00f3viles de Meteorolog\u00eda y Transmisiones (UMMT) y una Unidad de An\u00e1lisis y Seguimiento de Incendios Forestales (UNASIF).<\/p>\n<p>En cuanto a los medios a\u00e9reos, esta campa\u00f1a dispondr\u00e1 de 39 aviones y helic\u00f3pteros, de los que 33 son contratados directamente por la Junta de Andaluc\u00eda, 5 los aporta el Ministerio de Agricultura y Pesca, Alimentaci\u00f3n y Medio Ambiente y otro Enresa, a ra\u00edz de un convenio suscrito con la Consejer\u00eda Medio Ambiente. De la cifra total, 27 son helic\u00f3pteros (4 de gran capacidad), 7 aviones de carga en tierra, 2 aviones anfibios y 3 aviones de coordinaci\u00f3n y vigilancia.<\/p>\n<p>Todo este dispositivo se complementa con un Centro Operativo Regional (COR), 23 Centros de Defensa Forestal, un Centro Operativo Regional (COR) y ocho Centros Operativos Provinciales (COP), adem\u00e1s de una red de pistas de aterrizaje, tres bases de Brigada de Refuerzos (BRICA) y puntos de toma de agua para aeronaves. A estos medios se suman 198 puntos de vigilancia y detecci\u00f3n de fuego distribuidos por toda Andaluc\u00eda.Como en a\u00f1os anteriores, colaborar\u00e1n con el Infoca los Cuerpos y Fuerzas de Seguridad del Estado, la Unidad Adscrita de Polic\u00eda Auton\u00f3mica, las Polic\u00edas Locales y la Unidad Militar de Emergencias.<\/p>\n<p>Adem\u00e1s de las labores de extinci\u00f3n, las tareas de prevenci\u00f3n, dotadas con un presupuesto de 74,6 millones, recogen medidas como el acondicionamiento de un total de 11.573 kil\u00f3metros de \u00e1reas, l\u00edneas y fajas de cortafuegos, la Red de \u00c1reas de Pasto Cortafuegos de Andaluc\u00eda (Rapca), que act\u00faa con 126.215 cabezas de ganado en 3.410 kil\u00f3metros lineales de cortafuegos, y las quemas prescritas, una herramienta que viene a dar respuesta a los nuevos retos a los que se enfrentan los equipos de extinci\u00f3n.<\/p>\n<p>Los trabajos preventivos del dispositivo incluyen tambi\u00e9n las iniciativas de participaci\u00f3n social, la colaboraci\u00f3n con empresas privadas, las actividades de difusi\u00f3n o el programa formativo del dispositivo, as\u00ed como los incentivos destinados a los propietarios particulares.<\/p>\n<p>En esta l\u00ednea de prevenci\u00f3n cabe destacar el proyecto &#8216;Semilla&#8217;, desarrollado a trav\u00e9s del programa de educaci\u00f3n ambiental &#8216;Aldea&#8217;, que va a posibilitar que m\u00e1s de 8.000 escolares puedan conocer la problem\u00e1tica de los incendios forestales desde edades tempranas y evitar en el futuro comportamientos negligentes. No en vano, el 96% de los siniestros forestales lo origina el hombre, ya sea de forma negligente o intencionada.<\/p>\n<p>Seg\u00fan el cierre provisional de estad\u00edstica en Andaluc\u00eda hasta el 4 de junio,\u00a0 el dispositivo del Plan Infoca ha intervenido ya en 200 siniestros en terrenos forestales, de los cuales 175 (87,5 %) han quedado reducidos a conatos. En total, la vegetaci\u00f3n afectada por estos incidentes ha sido de 152,6 hect\u00e1reas, de las que el 82,92 % (126,54 hect\u00e1reas) se corresponden con terrenos de matorral, y el resto a arbolado.<\/p>\n","protected":false},"excerpt":{"rendered":"<p>La presidenta pide \u201ccompromiso y ayuda\u201d a todos los andaluces para evitar siniestros, porque el 96% de los incendios son\u00a0&hellip;<\/p>\n","protected":false},"author":2,"featured_media":12835,"comment_status":"open","ping_status":"open","sticky":false,"template":"","format":"standard","meta":{"om_disable_all_campaigns":false,"_mi_skip_tracking":false,"_monsterinsights_sitenote_active":false,"_monsterinsights_sitenote_note":"","_monsterinsights_sitenote_category":0,"footnotes":""},"categories":[22],"tags":[],"aioseo_notices":[],"_links":{"self":[{"href":"https:\/\/granadacostaglobal.es\/index.php?rest_route=\/wp\/v2\/posts\/12833"}],"collection":[{"href":"https:\/\/granadacostaglobal.es\/index.php?rest_route=\/wp\/v2\/posts"}],"about":[{"href":"https:\/\/granadacostaglobal.es\/index.php?rest_route=\/wp\/v2\/types\/post"}],"author":[{"embeddable":true,"href":"https:\/\/granadacostaglobal.es\/index.php?rest_route=\/wp\/v2\/users\/2"}],"replies":[{"embeddable":true,"href":"https:\/\/granadacostaglobal.es\/index.php?rest_route=%2Fwp%2Fv2%2Fcomments&post=12833"}],"version-history":[{"count":0,"href":"https:\/\/granadacostaglobal.es\/index.php?rest_route=\/wp\/v2\/posts\/12833\/revisions"}],"wp:featuredmedia":[{"embeddable":true,"href":"https:\/\/granadacostaglobal.es\/index.php?rest_route=\/"}],"wp:attachment":[{"href":"https:\/\/granadacostaglobal.es\/index.php?rest_route=%2Fwp%2Fv2%2Fmedia&parent=12833"}],"wp:term":[{"taxonomy":"category","embeddable":true,"href":"https:\/\/granadacostaglobal.es\/index.php?rest_route=%2Fwp%2Fv2%2Fcategories&post=12833"},{"taxonomy":"post_tag","embeddable":true,"href":"https:\/\/granadacostaglobal.es\/index.php?rest_route=%2Fwp%2Fv2%2Ftags&post=12833"}],"curies":[{"name":"wp","href":"https:\/\/api.w.org\/{rel}","templated":true}]}}