{"id":12826,"date":"2017-06-05T16:40:03","date_gmt":"2017-06-05T16:40:03","guid":{"rendered":"http:\/\/granadacostanacional.es\/?p=12826"},"modified":"2017-06-05T16:40:03","modified_gmt":"2017-06-05T16:40:03","slug":"los-andaluces-evitaron-la-emision-de-67-000-toneladas-de-co2-gracias-al-reciclaje-de-vidrio-en-2016","status":"publish","type":"post","link":"https:\/\/granadacostaglobal.es\/?p=12826","title":{"rendered":"Los andaluces evitaron la emisi\u00f3n de 67.000 toneladas de CO2 gracias al reciclaje de vidrio en 2016"},"content":{"rendered":"<ul>\n<li style=\"text-align: justify;\">Con motivo del D\u00eda Mundial del Medio Ambiente, Ecovidrio destaca la importancia de una gesti\u00f3n responsable de los residuos<\/li>\n<\/ul>\n<ul style=\"text-align: justify;\">\n<li>Gracias al reciclaje de vidrio, los andaluces en 2016 evitaron la emisi\u00f3n equivalente a la retirar 16.300 coches de la carretera<\/li>\n<\/ul>\n<ul style=\"text-align: justify;\">\n<li>Cada andaluz recicl\u00f3 12 kilogramos de residuos de envases de vidrio, un 5% m\u00e1s que en 2015<\/li>\n<\/ul>\n<p style=\"text-align: justify;\">\n<p style=\"text-align: justify;\"><strong>Sevilla, 5 de junio de 2017.- <\/strong>Ecovidrio, la entidad sin \u00e1nimo de lucro encargada de la gesti\u00f3n del reciclado de residuos de envases de vidrio en Espa\u00f1a, celebra el D\u00eda Mundial del Medio Ambiente con el objetivo de concienciar a la sociedad sobre la importancia del reciclaje de vidrio y su papel para minimizar los efectos del cambio clim\u00e1tico.<\/p>\n<p style=\"text-align: justify;\"><strong>\u00a0<\/strong><\/p>\n<p style=\"text-align: justify;\">El reciclaje de vidrio es un elemento clave en la lucha por el cambio clim\u00e1tico. En 2016, el reciclaje de vidrio en Andaluc\u00eda ha logrado:<\/p>\n<ul style=\"text-align: justify;\">\n<li><strong>Evitar la emisi\u00f3n de 67.000 toneladas de CO<sub>2<\/sub>, equivalente a retirar 16.300 coches de la carretera durante un a\u00f1o, el parque automovil\u00edstico de Ronda (M\u00e1laga).<\/strong><\/li>\n<li><strong>\u00a0<\/strong><strong>Ahorrar 221.000 MWh de energ\u00eda, la cantidad equivalente al consumo dom\u00e9stico de Sevilla durante dos meses.<\/strong><\/li>\n<li><strong>\u00a0<\/strong><strong>Evitar la extracci\u00f3n de m\u00e1s de 120.000 toneladas de materias primas, 12 veces el peso de la Torre Eiffel.<\/strong><\/li>\n<\/ul>\n<p style=\"text-align: justify;\">\n<p style=\"text-align: justify;\">En 2016, los andaluces reciclaron 99.622 toneladas de residuos de envases de vidrio a trav\u00e9s del contenedor verde, lo que supone un incremento del 5% con respecto a 2015. Ecovidrio gestion\u00f3 la recogida selectiva de m\u00e1s 380 millones de envases, lo que equivale a una media de 46 envases por ciudadano.<\/p>\n<p style=\"text-align: justify;\">Andaluc\u00eda alcanz\u00f3 un ratio de reciclaje de 11,9 kilogramos por habitante lo que representa un aumento del 5% respecto a 2015. Por provincias, M\u00e1laga fue la que m\u00e1s recicl\u00f3 con 14,5 kg\/hab, seguida de Granada con 11 kg\/hab y Sevilla con 10,9 kg\/hab.<\/p>\n<p>&nbsp;<\/p>\n<table width=\"298\">\n<tbody>\n<tr>\n<td width=\"175\"><strong>Media nacional<\/strong><\/td>\n<td width=\"123\"><strong>16,2 Kg\/hab<\/strong><\/td>\n<\/tr>\n<tr>\n<td width=\"175\"><strong>Andaluc\u00eda<\/strong><\/td>\n<td width=\"123\"><strong>11,9 Kg\/hab<\/strong><\/td>\n<\/tr>\n<tr>\n<td width=\"175\">M\u00e1laga<\/td>\n<td width=\"123\">14,5 Kg\/hab<\/td>\n<\/tr>\n<tr>\n<td width=\"175\">Granada<\/td>\n<td width=\"123\">11 Kg\/hab<\/td>\n<\/tr>\n<tr>\n<td width=\"175\">Sevilla<\/td>\n<td width=\"123\">10,9 Kg\/hab<\/td>\n<\/tr>\n<tr>\n<td width=\"175\">C\u00e1diz<\/td>\n<td width=\"123\">9,7 Kg\/hab<\/td>\n<\/tr>\n<tr>\n<td width=\"175\">Ja\u00e9n<\/td>\n<td width=\"123\">9,3 Kg\/hab<\/td>\n<\/tr>\n<tr>\n<td width=\"175\">Huelva<\/td>\n<td width=\"123\">8,2 Kg\/hab<\/td>\n<\/tr>\n<tr>\n<td width=\"175\">Almer\u00eda<\/td>\n<td width=\"123\">7,7 Kg\/hab<\/td>\n<\/tr>\n<tr>\n<td width=\"175\">C\u00f3rdoba<\/td>\n<td width=\"123\">7,3 Kg\/hab<\/td>\n<\/tr>\n<\/tbody>\n<\/table>\n<p>&nbsp;<\/p>\n<table width=\"256\">\n<tbody>\n<tr>\n<td colspan=\"2\" width=\"256\"><strong>DATOS ANDALUC\u00cdA<\/strong><\/td>\n<\/tr>\n<tr>\n<td width=\"99\">99.622<\/td>\n<td width=\"157\">Toneladas de residuos<\/td>\n<\/tr>\n<tr>\n<td width=\"99\">46<\/td>\n<td width=\"157\">Envases por ciudadano<\/td>\n<\/tr>\n<tr>\n<td width=\"99\">11,9<\/td>\n<td width=\"157\">Kg\/hab<\/td>\n<\/tr>\n<tr>\n<td width=\"99\">32.531<\/td>\n<td width=\"157\">Contenedores<\/td>\n<\/tr>\n<tr>\n<td width=\"99\">258<\/td>\n<td width=\"157\">Hab\/contenedor<\/td>\n<\/tr>\n<\/tbody>\n<\/table>\n<p style=\"text-align: justify;\">Con el objetivo de facilitar la colaboraci\u00f3n ciudadana el a\u00f1o pasado se increment\u00f3 un 7% el parque de contenedores hasta las 32.531 unidades, posicion\u00e1ndose como la segunda comunidad con el mayor n\u00famero de contenedores de toda Espa\u00f1a, tan solo por detr\u00e1s de Catalu\u00f1a. El ratio de contenerizaci\u00f3n es de un contenedor por cada 258 andaluces.<\/p>\n<p style=\"text-align: justify;\">\n<p style=\"text-align: justify;\"><strong>Sensibilizaci\u00f3n y hosteler\u00eda, ejes de acci\u00f3n regional<\/strong><\/p>\n<p style=\"text-align: justify;\">La cadena de reciclado de vidrio comienza con el gesto de depositar los residuos de vidrio en el contenedor verde. Por este motivo, Ecovidrio puso en marcha en Andaluc\u00eda 28 campa\u00f1as de sensibilizaci\u00f3n como los carnavales de C\u00e1diz, la feria de M\u00e1laga, Mr. Igl\u00fa RoadShow, pensada para educar a los ni\u00f1os en el reciclaje y donde participaron m\u00e1s de 460.000 escolares andaluces.<\/p>\n<p style=\"text-align: justify;\">\n<p style=\"text-align: justify;\">Adem\u00e1s, la entidad desarroll\u00f3 actividades dirigidas al sector de la hosteler\u00eda -que genera el 50% de los residuos de envases de vidrio de un solo uso que se comercializan en el mercado- como el Plan Verano para incrementar la recogida en los establecimientos durante el periodo estival ya que el consumo de envases crece exponencialmente. Durante julio y agosto, se recogieron 7.300 toneladas de vidrio en 43 localidades costeras como M\u00e1laga, C\u00e1diz, Puerto de Santa Mar\u00eda o Isla Cristina.<\/p>\n<p style=\"text-align: justify;\">\n<p style=\"text-align: justify;\">En el marco del Plan Nacional Horeca, la entidad mantuvo contacto directo con 5.700 establecimientos y distribuy\u00f3 cubos especiales para facilitar el transporte de los residuos de vidrio.<\/p>\n<p style=\"text-align: justify;\">\n<p style=\"text-align: justify;\"><strong>Sobre Ecovidrio<\/strong><\/p>\n<p style=\"text-align: justify;\">Ecovidrio es la entidad sin \u00e1nimo de lucro, encargada de la gesti\u00f3n del reciclado de los residuos de envases de vidrio en Espa\u00f1a, desde 1998. La compa\u00f1\u00eda se encarga de gestionar \u00edntegramente la cadena de reciclado: iniciativas de sensibilizaci\u00f3n,\u00a0recogida selectiva,\u00a0transporte y tratamiento de residuos de envases de vidrio y su posterior comercializaci\u00f3n.<\/p>\n<p style=\"text-align: justify;\">\n<p style=\"text-align: justify;\">Ecovidrio proporciona un servicio p\u00fablico y universal para el ciudadano y pone a disposici\u00f3n de las compa\u00f1\u00edas que envasan sus productos en vidrio un modelo de gesti\u00f3n eficaz y eficiente, tanto desde la perspectiva ambiental como econ\u00f3mica.<\/p>\n<p style=\"text-align: justify;\">\n<p style=\"text-align: justify;\">En la actualidad, un total de 8.000 compa\u00f1\u00edas envasadoras hacen posible, a trav\u00e9s de su aportaci\u00f3n, el sistema de reciclado. Los sectores integrados en\u00a0Ecovidrio representan m\u00e1s del 3% del PIB espa\u00f1ol y comercializan el 99% de los envases de vidrio.<\/p>\n","protected":false},"excerpt":{"rendered":"<p>Con motivo del D\u00eda Mundial del Medio Ambiente, Ecovidrio destaca la importancia de una gesti\u00f3n responsable de los residuos Gracias&hellip;<\/p>\n","protected":false},"author":2,"featured_media":12827,"comment_status":"open","ping_status":"open","sticky":false,"template":"","format":"standard","meta":{"om_disable_all_campaigns":false,"_mi_skip_tracking":false,"_monsterinsights_sitenote_active":false,"_monsterinsights_sitenote_note":"","_monsterinsights_sitenote_category":0,"footnotes":""},"categories":[22],"tags":[],"aioseo_notices":[],"_links":{"self":[{"href":"https:\/\/granadacostaglobal.es\/index.php?rest_route=\/wp\/v2\/posts\/12826"}],"collection":[{"href":"https:\/\/granadacostaglobal.es\/index.php?rest_route=\/wp\/v2\/posts"}],"about":[{"href":"https:\/\/granadacostaglobal.es\/index.php?rest_route=\/wp\/v2\/types\/post"}],"author":[{"embeddable":true,"href":"https:\/\/granadacostaglobal.es\/index.php?rest_route=\/wp\/v2\/users\/2"}],"replies":[{"embeddable":true,"href":"https:\/\/granadacostaglobal.es\/index.php?rest_route=%2Fwp%2Fv2%2Fcomments&post=12826"}],"version-history":[{"count":0,"href":"https:\/\/granadacostaglobal.es\/index.php?rest_route=\/wp\/v2\/posts\/12826\/revisions"}],"wp:featuredmedia":[{"embeddable":true,"href":"https:\/\/granadacostaglobal.es\/index.php?rest_route=\/"}],"wp:attachment":[{"href":"https:\/\/granadacostaglobal.es\/index.php?rest_route=%2Fwp%2Fv2%2Fmedia&parent=12826"}],"wp:term":[{"taxonomy":"category","embeddable":true,"href":"https:\/\/granadacostaglobal.es\/index.php?rest_route=%2Fwp%2Fv2%2Fcategories&post=12826"},{"taxonomy":"post_tag","embeddable":true,"href":"https:\/\/granadacostaglobal.es\/index.php?rest_route=%2Fwp%2Fv2%2Ftags&post=12826"}],"curies":[{"name":"wp","href":"https:\/\/api.w.org\/{rel}","templated":true}]}}