{"id":1282,"date":"2015-05-12T11:35:17","date_gmt":"2015-05-12T11:35:17","guid":{"rendered":"http:\/\/granadacosta.es\/?p=1282"},"modified":"2015-05-12T11:35:17","modified_gmt":"2015-05-12T11:35:17","slug":"luis-salvador-esta-ciudad-y-este-ayuntamiento-necesitan-un-cambio-en-la-forma-de-hacer-politica","status":"publish","type":"post","link":"https:\/\/granadacostaglobal.es\/?p=1282","title":{"rendered":"Luis Salvador: \u201cEsta ciudad y este Ayuntamiento necesitan un cambio en la forma de hacer pol\u00edtica\u201d"},"content":{"rendered":"<p>El candidato a la alcald\u00eda de Granada considera que el <strong>\u201cactual portal de transparencia de m\u00ednimos no deja a nadie satisfecho\u201d<\/strong><\/p>\n<p><strong><br \/>\nGranada, 11 de mayo de 2015<\/strong>.<strong> \u201cEsta ciudad y este Ayuntamiento necesitan un cambio en la forma de hacer pol\u00edtica\u201d<\/strong>, ha asegurado esta ma\u00f1ana Luis Salvador, candidato a la alcald\u00eda de Granada, en la presentaci\u00f3n del bloque de medidas que Ciudadanos (C\u2019s) propone para la mejora de la gesti\u00f3n, la transparencia y la participaci\u00f3n en el Ayuntamiento de la capital.<\/p>\n<p>Salvador ha hecho firme su compromiso por situar a Granada como una ciudad l\u00edder en la transparencia de gesti\u00f3n hacia sus ciudadanos. <strong>\u201cActualmente tenemos un portal de transparencia de m\u00ednimos que no deja satisfecho a nadie. Nosotros creemos en un portal de m\u00e1ximos en el que se vea clara toda la trazabilidad de los contratos p\u00fablicos, en el que facilitemos el manejo de datos de los ciudadanos a trav\u00e9s del concepto Open Data y en el que retransmitamos en directo los plenos municipales\u201d<\/strong>, ha destacado.<\/p>\n<p>El candidato a la alcald\u00eda ha explicado la <strong>\u201cimportancia de abrir el Ayuntamiento a la participaci\u00f3n ciudadana\u201d <\/strong>mediante nuevas herramientas como <em>Granada 24\/365<\/em>, \u201cun portal que entiende que la informaci\u00f3n, la transparencia, la gesti\u00f3n y la participaci\u00f3n son derechos de los ciudadanos\u201d y que permitir\u00e1 a los granadinos realizar tr\u00e1mites municipales, consultar sus impuestos y hacer propuestas espec\u00edficas a su Ayuntamiento. Asimismo, la participaci\u00f3n se extender\u00e1 a los m\u00e1s j\u00f3venes mediante la creaci\u00f3n de un Consejo Ciudadano Junior.<\/p>\n<p>Salvador tambi\u00e9n ha considerado imprescindible <strong>\u201cla apertura al conocimiento y a la tecnolog\u00eda\u201d<\/strong> de Granada. Para ello, ha valorado la necesidad de impulsar<strong> \u201cuna Concejal\u00eda de Emprendimiento, Innovaci\u00f3n y Tecnolog\u00eda en contacto con la Universidad, los aut\u00f3nomos y las pymes que se encargue de dinamizar la investigaci\u00f3n y la vida empresarial de la ciudad\u201d<\/strong>. En esa l\u00ednea, ha asegurado su intenci\u00f3n de <strong>\u201cintegrar a Granada en la red de <em>smart-cities<\/em> espa\u00f1olas\u201d <\/strong>y de poner en marcha aplicaciones como <em>Cuida tu barrio<\/em> que permitan una comunicaci\u00f3n directa ciudadano-Ayuntamiento.<br \/>\n<em>Imagen de la presentaci\u00f3n de esta ma\u00f1ana. Junto a Luis Salvador, Manuel Olivares (n\u00famero 2 de la lista) y Lola Carazo (n\u00famero 11 de la lista).<\/em><\/p>\n","protected":false},"excerpt":{"rendered":"<p>El candidato a la alcald\u00eda de Granada considera que el \u201cactual portal de transparencia de m\u00ednimos no deja a nadie&hellip;<\/p>\n","protected":false},"author":2,"featured_media":1283,"comment_status":"open","ping_status":"open","sticky":false,"template":"","format":"standard","meta":{"om_disable_all_campaigns":false,"_mi_skip_tracking":false,"_monsterinsights_sitenote_active":false,"_monsterinsights_sitenote_note":"","_monsterinsights_sitenote_category":0,"footnotes":""},"categories":[21,22],"tags":[],"aioseo_notices":[],"_links":{"self":[{"href":"https:\/\/granadacostaglobal.es\/index.php?rest_route=\/wp\/v2\/posts\/1282"}],"collection":[{"href":"https:\/\/granadacostaglobal.es\/index.php?rest_route=\/wp\/v2\/posts"}],"about":[{"href":"https:\/\/granadacostaglobal.es\/index.php?rest_route=\/wp\/v2\/types\/post"}],"author":[{"embeddable":true,"href":"https:\/\/granadacostaglobal.es\/index.php?rest_route=\/wp\/v2\/users\/2"}],"replies":[{"embeddable":true,"href":"https:\/\/granadacostaglobal.es\/index.php?rest_route=%2Fwp%2Fv2%2Fcomments&post=1282"}],"version-history":[{"count":0,"href":"https:\/\/granadacostaglobal.es\/index.php?rest_route=\/wp\/v2\/posts\/1282\/revisions"}],"wp:featuredmedia":[{"embeddable":true,"href":"https:\/\/granadacostaglobal.es\/index.php?rest_route=\/"}],"wp:attachment":[{"href":"https:\/\/granadacostaglobal.es\/index.php?rest_route=%2Fwp%2Fv2%2Fmedia&parent=1282"}],"wp:term":[{"taxonomy":"category","embeddable":true,"href":"https:\/\/granadacostaglobal.es\/index.php?rest_route=%2Fwp%2Fv2%2Fcategories&post=1282"},{"taxonomy":"post_tag","embeddable":true,"href":"https:\/\/granadacostaglobal.es\/index.php?rest_route=%2Fwp%2Fv2%2Ftags&post=1282"}],"curies":[{"name":"wp","href":"https:\/\/api.w.org\/{rel}","templated":true}]}}