{"id":12653,"date":"2017-05-31T11:46:35","date_gmt":"2017-05-31T11:46:35","guid":{"rendered":"http:\/\/granadacostanacional.es\/?p=12653"},"modified":"2017-05-31T11:46:35","modified_gmt":"2017-05-31T11:46:35","slug":"andalucia-se-encuentra-en-epoca-de-peligro-alto-de-incendios-forestales-desde-el-1-de-junio-hasta-el-15-de-octubre","status":"publish","type":"post","link":"https:\/\/granadacostaglobal.es\/?p=12653","title":{"rendered":"Andaluc\u00eda se encuentra en \u00e9poca de peligro alto de incendios  forestales desde el 1 de junio hasta el 15 de octubre"},"content":{"rendered":"<h3 class=\"Subtitulo\" style=\"text-align: justify;\"><span style=\"color: black;\">En este periodo queda prohibida la realizaci\u00f3n de barbacoas, quemas agr\u00edcolas y el paso de veh\u00edculos a motor por espacios forestales y de influencia.<\/span><\/h3>\n<p style=\"text-align: justify;\">La Consejer\u00eda de Medio Ambiente y Ordenaci\u00f3n del Territorio, a trav\u00e9s del Plan Infoca, informa que desde el 1 de junio hasta el 15 de octubre Andaluc\u00eda se encuentra en \u00e9poca de peligro alto de incendios forestales, quedando prohibida la realizaci\u00f3n de barbacoas, quemas agr\u00edcolas, as\u00ed como el paso de veh\u00edculos a motor por espacios forestales y zonas de influencia forestal en Andaluc\u00eda (franja de 400 metros alrededor de las zonas forestales).<\/p>\n<p style=\"text-align: justify;\">La medida est\u00e1 regulada en funci\u00f3n de la orden publicada en BOJA el 29 de mayo de 2009, que con car\u00e1cter permanente establece las prohibiciones para todas las anualidades posteriores a su publicaci\u00f3n, siendo una medida que est\u00e1 ayudando a reducir los fuegos cuyo origen se encuentra entre estas causas anteriormente citadas. Concretamente, una media en los \u00faltimos a\u00f1os de un 80% por quemas y un 50% por barbacoas.<\/p>\n<p style=\"text-align: justify;\">\u00a0Las restricciones afectan a la quema de vegetaci\u00f3n natural y tambi\u00e9n a la de residuos agr\u00edcolas y forestales. Del mismo modo, tambi\u00e9n queda prohibido encender fuego para la preparaci\u00f3n de alimentos, incluyendo las zonas de acampada o zonas recreativas que est\u00e9n acondicionadas para ello. Igualmente, se restringe el uso de veh\u00edculos a motor por zonas forestales y de influencia forestal.<\/p>\n<p style=\"text-align: justify;\">En cuanto a las excepciones permitidas en la orden, siempre bajo autorizaci\u00f3n expresa y previa de la delegaci\u00f3n territorial de la Consejer\u00eda de Medio Ambiente y Ordenaci\u00f3n del Territorio correspondiente, se permite el uso de barbacoas s\u00f3lo en el caso de establecimientos de alojamientos tur\u00edsticos autorizados y en restaurantes rurales, as\u00ed como la preparaci\u00f3n de alimentos en campamentos infantiles o el uso de calderas de destilaci\u00f3n, hornos de carb\u00f3n y piconeo. En lo que respecta a la utilizaci\u00f3n de veh\u00edculos a motor, s\u00f3lo se permite en algunos casos, como el uso de las servidumbres de paso, la utilizaci\u00f3n de veh\u00edculos para servicios de emergencia o extinci\u00f3n de incendios, los servicios ecotur\u00edsticos autorizados, o la celebraci\u00f3n de romer\u00edas, entre otros.<\/p>\n<p style=\"text-align: justify;\"><strong>Colaboraci\u00f3n ciudadana<\/strong><\/p>\n<p style=\"text-align: justify;\">La colaboraci\u00f3n e implicaci\u00f3n de los ciudadanos en la prevenci\u00f3n de siniestros forestales es fundamental, haciendo suya la expresi\u00f3n de \u2018Todos somos Infoca\u2019, y alertando r\u00e1pidamente a los servicios de emergencia, a trav\u00e9s del tel\u00e9fono 1-1-2, de posibles actitudes sospechosas en el monte o avistamiento de fuego. La prevenci\u00f3n social, la sensibilizaci\u00f3n y la educaci\u00f3n en valores medioambientales son elementos clave para la lucha contra los incendios, una de las principales agresiones que sufre el medio natural andaluz.<\/p>\n<p>&nbsp;<\/p>\n","protected":false},"excerpt":{"rendered":"<p>En este periodo queda prohibida la realizaci\u00f3n de barbacoas, quemas agr\u00edcolas y el paso de veh\u00edculos a motor por espacios&hellip;<\/p>\n","protected":false},"author":2,"featured_media":12654,"comment_status":"open","ping_status":"open","sticky":false,"template":"","format":"standard","meta":{"om_disable_all_campaigns":false,"_mi_skip_tracking":false,"_monsterinsights_sitenote_active":false,"_monsterinsights_sitenote_note":"","_monsterinsights_sitenote_category":0,"footnotes":""},"categories":[22],"tags":[],"aioseo_notices":[],"_links":{"self":[{"href":"https:\/\/granadacostaglobal.es\/index.php?rest_route=\/wp\/v2\/posts\/12653"}],"collection":[{"href":"https:\/\/granadacostaglobal.es\/index.php?rest_route=\/wp\/v2\/posts"}],"about":[{"href":"https:\/\/granadacostaglobal.es\/index.php?rest_route=\/wp\/v2\/types\/post"}],"author":[{"embeddable":true,"href":"https:\/\/granadacostaglobal.es\/index.php?rest_route=\/wp\/v2\/users\/2"}],"replies":[{"embeddable":true,"href":"https:\/\/granadacostaglobal.es\/index.php?rest_route=%2Fwp%2Fv2%2Fcomments&post=12653"}],"version-history":[{"count":0,"href":"https:\/\/granadacostaglobal.es\/index.php?rest_route=\/wp\/v2\/posts\/12653\/revisions"}],"wp:featuredmedia":[{"embeddable":true,"href":"https:\/\/granadacostaglobal.es\/index.php?rest_route=\/"}],"wp:attachment":[{"href":"https:\/\/granadacostaglobal.es\/index.php?rest_route=%2Fwp%2Fv2%2Fmedia&parent=12653"}],"wp:term":[{"taxonomy":"category","embeddable":true,"href":"https:\/\/granadacostaglobal.es\/index.php?rest_route=%2Fwp%2Fv2%2Fcategories&post=12653"},{"taxonomy":"post_tag","embeddable":true,"href":"https:\/\/granadacostaglobal.es\/index.php?rest_route=%2Fwp%2Fv2%2Ftags&post=12653"}],"curies":[{"name":"wp","href":"https:\/\/api.w.org\/{rel}","templated":true}]}}