{"id":12581,"date":"2017-05-30T07:12:09","date_gmt":"2017-05-30T07:12:09","guid":{"rendered":"http:\/\/granadacostanacional.es\/?p=12581"},"modified":"2017-05-30T07:12:09","modified_gmt":"2017-05-30T07:12:09","slug":"educacion-confia-en-que-el-constitucional-falle-a-favor-de-la-coeducacion-y-en-contra-de-la-educacion-segregadora","status":"publish","type":"post","link":"https:\/\/granadacostaglobal.es\/?p=12581","title":{"rendered":"Educaci\u00f3n conf\u00eda en que el Constitucional falle a favor de la coeducaci\u00f3n y en contra de la educaci\u00f3n segregadora"},"content":{"rendered":"<p><strong>La Consejer\u00eda defiende la educaci\u00f3n mixta y recurri\u00f3 la LOMCE por considerar inconstitucional un modelo educativo contra el principio de igualdad.<\/strong><\/p>\n<p style=\"text-align: justify;\">\u00a0La Junta de Andaluc\u00eda respeta el fallo del Tribunal Supremo pero cree que hubiese sido m\u00e1s acertado, tal y como lo indicaron los votos particulares de la sentencia, esperar a que el Tribunal Constitucional se pronunciase sobre el recurso que la Junta interpuso a la LOMCE por considerar que al habilitar esta la financiaci\u00f3n de la educaci\u00f3n diferenciada se actuaba en contra del principio de igualdad. En cualquier caso, la Consejer\u00eda de Educaci\u00f3n defiende la educaci\u00f3n mixta y la coeducaci\u00f3n frente al sistema de ense\u00f1anza que segrega entre ni\u00f1os y ni\u00f1as.<\/p>\n<p style=\"text-align: justify;\">Asimismo, la consejera ya ha anunciado que se promoveran iniciativas parlamentarios tanto en Andaluc\u00eda como en el Congreso de los Diputados para que se derogue \u201cde una vez por todas\u201d la LOMCE y, mientras que esto ocurre, que se deje sin efecto el art\u00edculo 84 de la misma que blinda la financiaci\u00f3n con dinero p\u00fablico de la educaci\u00f3n segregada.<\/p>\n<p style=\"text-align: justify;\">La administraci\u00f3n educativa valora presentar un recurso de amparo por la sentencia del Tribunal Supremo y en todo caso, a\u00fan no estando de acuerdo con el fallo, ser\u00e1 responsable con lo que indica el Alto Tribunal. De esta manera, se habilitar\u00e1 los procedimientos necesarios para que la admisi\u00f3n, matr\u00edcula e inicio de curso se haga con normalidad en estos centros.<\/p>\n<p style=\"text-align: justify;\">Por \u00faltimo, cabe recordar que desde la Junta de Andaluc\u00eda se seguir\u00e1 apostando por la coeducaci\u00f3n y la convivencia de ni\u00f1os y ni\u00f1as en sus aulas pues lo contrario ser\u00eda \u201cformar de espaldas a una realidad igualitaria y diversa\u201d.<\/p>\n","protected":false},"excerpt":{"rendered":"<p>La Consejer\u00eda defiende la educaci\u00f3n mixta y recurri\u00f3 la LOMCE por considerar inconstitucional un modelo educativo contra el principio de&hellip;<\/p>\n","protected":false},"author":2,"featured_media":12582,"comment_status":"open","ping_status":"open","sticky":false,"template":"","format":"standard","meta":{"om_disable_all_campaigns":false,"_mi_skip_tracking":false,"_monsterinsights_sitenote_active":false,"_monsterinsights_sitenote_note":"","_monsterinsights_sitenote_category":0,"footnotes":""},"categories":[22],"tags":[],"aioseo_notices":[],"_links":{"self":[{"href":"https:\/\/granadacostaglobal.es\/index.php?rest_route=\/wp\/v2\/posts\/12581"}],"collection":[{"href":"https:\/\/granadacostaglobal.es\/index.php?rest_route=\/wp\/v2\/posts"}],"about":[{"href":"https:\/\/granadacostaglobal.es\/index.php?rest_route=\/wp\/v2\/types\/post"}],"author":[{"embeddable":true,"href":"https:\/\/granadacostaglobal.es\/index.php?rest_route=\/wp\/v2\/users\/2"}],"replies":[{"embeddable":true,"href":"https:\/\/granadacostaglobal.es\/index.php?rest_route=%2Fwp%2Fv2%2Fcomments&post=12581"}],"version-history":[{"count":0,"href":"https:\/\/granadacostaglobal.es\/index.php?rest_route=\/wp\/v2\/posts\/12581\/revisions"}],"wp:featuredmedia":[{"embeddable":true,"href":"https:\/\/granadacostaglobal.es\/index.php?rest_route=\/"}],"wp:attachment":[{"href":"https:\/\/granadacostaglobal.es\/index.php?rest_route=%2Fwp%2Fv2%2Fmedia&parent=12581"}],"wp:term":[{"taxonomy":"category","embeddable":true,"href":"https:\/\/granadacostaglobal.es\/index.php?rest_route=%2Fwp%2Fv2%2Fcategories&post=12581"},{"taxonomy":"post_tag","embeddable":true,"href":"https:\/\/granadacostaglobal.es\/index.php?rest_route=%2Fwp%2Fv2%2Ftags&post=12581"}],"curies":[{"name":"wp","href":"https:\/\/api.w.org\/{rel}","templated":true}]}}