{"id":12530,"date":"2017-05-26T16:13:42","date_gmt":"2017-05-26T16:13:42","guid":{"rendered":"http:\/\/granadacostanacional.es\/?p=12530"},"modified":"2017-05-26T16:13:42","modified_gmt":"2017-05-26T16:13:42","slug":"entrevista-a-viva-leone","status":"publish","type":"post","link":"https:\/\/granadacostaglobal.es\/?p=12530","title":{"rendered":"ENTREVISTA A VIVA LEONE"},"content":{"rendered":"<p style=\"text-align: justify;\"><strong>Este mes hablamos en Granada Costa con \u201cViva Leone!\u201d Una banda de indie Rock Granadina que nos ha dejado muy buenas sensaciones. Acaban de publicar su primer disco, un corta duraci\u00f3n llamado \u201cPostura y Flash\u201d, donde dejan negro sobre blanco sus intenciones de hacerse un hueco en el panorama nacional. Con una portada donde aparece el \u201canima dannata&#8221; de Berninni, con esos ojos desorbitados y su grito sordo custodiando las canciones, \u201cPostura y Flash\u201d es una colecci\u00f3n de 5 temas que viene a reforzar esa idea del refranero espa\u00f1ol que dice que \u201cNo hay quinto malo\u201d. Y es que todos son \u201chitazos\u201d: Desde la contundente \u201coxitocina\u201d a la movida \u201cNo pares de bailar\u201d, 25 minutos sin poder despegar la oreja del transistor. Bater\u00edas contundentes, guitarras siderales y letras con una gran carga literaria. Viva Leone! Tiene todo lo necesario para ver su nombre bien grande en los carteles antes de lo que sus miembros si quiera imaginan. <\/strong><\/p>\n<ul style=\"text-align: justify;\">\n<li><strong> Empezamos con una pregunta sencilla \u00bfPor qu\u00e9 montar una banda?<\/strong><\/li>\n<\/ul>\n<p style=\"text-align: justify;\">\u00bfY por qu\u00e9 no? Si no eres capaz de encontrar una buena raz\u00f3n en menos de tres segundos para no hacer algo en la vida, t\u00edrate al barro. De cabeza. Granada es una ciudad en la que por suerte todo el mundo sabe hacer algo, o tiene curiosidad. Vamos, que si no sabes aprendes. As\u00ed que es relativamente sencillo comenzar algo dentro del mundillo de la cultura, en general, y de la m\u00fasica, en particular. Siempre hay un roto para un descosido, dicen. Aunque comenzar es lo sencillo, lo dif\u00edcil viene justo despu\u00e9s. Pero eso ya es harina de otro costal. En nuestro caso mucho ha llovido ya desde que somos amigos (algunos desde la infancia) e incluso todos hemos compartido banda ya anteriormente. As\u00ed que una noche de birras en un conocido bar de la escena granadina dijimos \u00bfY por qu\u00e9 no?<\/p>\n<ul style=\"text-align: justify;\">\n<li><strong> Ahora que vivimos en los tiempos del hashtag \u00bfCon qu\u00e9 etiquetas\u00a0<\/strong><strong>clasificar\u00edais a \u201cViva Leone!\u201d? Y una sobre t\u00f3picos \u00bfPor qu\u00e9 \u201cViva Leone!\u201d?<\/strong><\/li>\n<\/ul>\n<p style=\"text-align: justify;\">Pues el asunto de las etiquetas nunca nos ha interesado lo m\u00e1s m\u00ednimo. Para que queremos etiquetas si tenemos canciones. Las canciones se escuchan, las etiquetas no.<\/p>\n<p style=\"text-align: justify;\">Escucha la canci\u00f3n y valora, solo deber\u00eda haber dos etiquetas \u201cme gusta\u201d \/ \u201cno me gusta\u201d, pero ojo, no nos referimos a la clasificaci\u00f3n en g\u00e9neros musicales. Podr\u00edamos decir que nos movemos por las distintas orillas del Rock. Aunque a alguno de nosotros le gusta decir que hacemos \u201cPost Indie Rock\u201d. Se ve que lo \u201cpost\u201d est\u00e1 de moda.<\/p>\n<p style=\"text-align: justify;\">En cuanto al nombre la verdad es que ten\u00edamos alternativas muy s\u00f3lidas como \u201cWalter Murray\u201d \u201cAston Martin\u201d, \u201cEl honesto, \u00edntegro y decente Goldie Wilson\u201d, \u201cthe probelicaos\u201d \u2026\u00a0 Pero al final nos pudo el apellido del c\u00e9lebre director de \u201cLa muerte ten\u00eda un precio\u201d, \u201cel bueno el feo y el malo\u201d y \u201cPor un pu\u00f1ado de d\u00f3lares\u201d.<\/p>\n<figure id=\"attachment_12532\" aria-describedby=\"caption-attachment-12532\" style=\"width: 617px\" class=\"wp-caption alignnone\"><a href=\"http:\/\/granadacostanacional.es\/wp-content\/uploads\/2017\/05\/DSC03024.jpg\"><img decoding=\"async\" loading=\"lazy\" class=\"wp-image-12532\" src=\"http:\/\/granadacostanacional.es\/wp-content\/uploads\/2017\/05\/DSC03024-300x200.jpg\" alt=\"SONY DSC\" width=\"617\" height=\"411\" \/><\/a><figcaption id=\"caption-attachment-12532\" class=\"wp-caption-text\"><em>Jos\u00e9 B\u00e9jar, Jos\u00e9 Luis Mulero y Kike Mart\u00edn.<\/em><\/figcaption><\/figure>\n<ul style=\"text-align: justify;\">\n<li><strong> \u00bfD\u00f3nde nace la m\u00fasica de \u201cViva Leone!\u201d?<\/strong><\/li>\n<\/ul>\n<p style=\"text-align: justify;\">Al sur del sur, a caballo entre la costa tropical, el cintur\u00f3n metropolitano y el centro de Gran\u00e1. Pero sobre todo en los bares de la capital nazar\u00ed. Ser\u00eda imposible explicar la m\u00fasica en la ciudad sin tener en cuenta el papel de ciertos \u201cantros\u201d como escuela, donde ir a aprender de m\u00fasica.<\/p>\n<ul style=\"text-align: justify;\">\n<li><strong>Seguro que ten\u00e9is muy claro a qui\u00e9n os quer\u00e9is parecer, pero \u00bfa qui\u00e9n no? \u00bfExiste alg\u00fan estilo que nunca tocar\u00edais?<\/strong><\/li>\n<\/ul>\n<p style=\"text-align: justify;\">La verdad es que aspiramos a parecernos a aquello que vemos cuando nos miramos al espejo, es decir, a nosotros mismos. No tenemos ning\u00fan modelo a seguir en ese sentido, asumiendo, claro est\u00e1, que las canciones que componemos son las que son porque escuchamos lo que escuchamos, vemos lo que vemos y, en definitiva, nos emocionamos con lo que nos emocionamos. Respecto a lo del estilo que nunca tocar\u00edamos nos quedaremos con el \u201cnunca digas de esta agua no beber\u00e9 ni este cura no es mi padre\u201d, escuchamos de todo siempre que tenga una m\u00ednima \u201cdecencia\u201d pero la verdad es que la banda est\u00e1 muy c\u00f3moda movi\u00e9ndose por las orillas del Rock. No nos vemos haciendo algo rollo calle 13 por mucho que nos puedan gustar o consideremos que dieran decencia a un g\u00e9nero como el reggeaton cuando lo trabajaban.<\/p>\n<ul style=\"text-align: justify;\">\n<li><strong> \u00bfQu\u00e9 grupos se os vienen a la mente?<\/strong><\/li>\n<\/ul>\n<p style=\"text-align: justify;\">DYLAN, PETTY, YOUNG, SPRINGSTEEN y en general todas las vacas sagradas del rock del siglo XX y XXI, Beatles, Stones, Doors, Ocean Colour Scene, the Black Keys, Nina Simone, Two door cinema club, Muse, the Black Crows Whitesnake, Helloween, Angus &amp; Julia Stone, Damien Rice, The Smiths, Calamaro, Vacazul, Tom Waits, Morriconne, Wilco, James Brown, Robert Plant, Marc Ribott, Los brincos, Los Salvajes, 091, Lagartija nick, Tequila, Mando Diao, The Jayhawks, Buenas noches Rose\u2026<\/p>\n<p style=\"text-align: justify;\"><a href=\"http:\/\/granadacostanacional.es\/wp-content\/uploads\/2017\/05\/pplucosta.jpg\"><img decoding=\"async\" loading=\"lazy\" class=\"alignnone wp-image-12533\" src=\"http:\/\/granadacostanacional.es\/wp-content\/uploads\/2017\/05\/pplucosta-300x201.jpg\" alt=\"pplucosta\" width=\"667\" height=\"447\" \/><\/a><\/p>\n<ul style=\"text-align: justify;\">\n<li><strong>\u00bfTen\u00e9is alg\u00fan disco en casa del que os avergonz\u00e1is? No vale \u201cpasar\u00a0<\/strong><strong>palabra\u201d.<\/strong><\/li>\n<\/ul>\n<p style=\"text-align: justify;\">Jajajaj Pues la verdad es que este verano ibamos de festival, y como mi coche solo tiene reproductor de cassettes, entre las \u201creliquias\u201d que encontramos de vez en cuando iban sonando \u201cperlas\u201d del tipo \u201cya me cans\u00e9 de Alejandro Sanz\u201d \u2026.<\/p>\n<ul style=\"text-align: justify;\">\n<li><strong> Una duda que tengo \u00bfTen\u00e9is formaci\u00f3n musical?<\/strong><\/li>\n<\/ul>\n<p style=\"text-align: justify;\">\u00bfAceptas Pulpo como animal de compa\u00f1\u00eda? Conservatorio no hemos tenido la suerte de pisar ninguno m\u00e1s que para acompa\u00f1ar a alguna que otra chica. Lo nuestro es m\u00e1s \u201cautodidacta\u201d, De hecho, nuestra torpeza manifiesta a la hora de encender el fuego en las barbacoas es en parte responsable de que acab\u00e1ramos por aprender. En algo hab\u00eda que ocuparse mientras esper\u00e1bamos a que estuviera lista la comida cuando \u00edbamos de cortijo.<\/p>\n<ul style=\"text-align: justify;\">\n<li><strong> \u00bfSe apoya en la ciudad a los grupos granadinos?<\/strong><\/li>\n<\/ul>\n<p style=\"text-align: justify;\">Teniendo en cuenta que pr\u00e1cticamente se persigue a la m\u00fasica en Granada, que quien osa ofrecer una agenda cultural en su garito acaba multado cuando no \u201cchapado\u201d, que la inversi\u00f3n por parte de las instituciones es pr\u00e1cticamente nula, que quien est\u00e1 en posici\u00f3n de hacer \u201calgo de presi\u00f3n\u201d normalmente est\u00e1 m\u00e1s pendiente de mirarse el ombligo\u2026 La respuesta tiende al no rotundo. \u201cpero nos han dejado un poco de m\u00fasica y un p\u00f3ster clavado en un rinc\u00f3n\u201d que dir\u00eda Bukowski. A pesar de los pesares sigue habiendo escena musical, pero es m\u00e1s por terquedad que por oportunidad. \u201cCabezoner\u00eda grana\u00edna\u201d \u00bfLes salen oportunidades a los grupos para poder lanzarse al mercado? \u00bfMercado? \u00bfQu\u00e9 mercado? Ni est\u00e1 ni se le espera, deben ser los padres, como los reyes magos, o algo\u2026 Jajaj. La figura del cazatalentos, que se pateaba los garitos en busca de bandas con potencial creo que muri\u00f3 en los 90 y adem\u00e1s solo se dio en pa\u00edses como el Reino Unido o los Estados Unidos. Aqu\u00ed el m\u00fasico debe ser tambi\u00e9n manager, productor, editor\u2026 Y ni con eso. Con honrosas excepciones es quien tiene padrino el que acaba bautizado. Aun as\u00ed, \u201cque la inspiraci\u00f3n nos pille trabajando\u201d dec\u00edan. Estemos preparados por si se da la oportunidad.<\/p>\n<ul style=\"text-align: justify;\">\n<li><strong> Ahora una sobre vuestro disco \u201cPostura y Flash\u201d \u00bfCu\u00e1nto de postura tiene? \u00bfPor qu\u00e9 el formato EP con 5 canciones? Me dicen que es autoeditado \u00bfHay que curr\u00e1rselo mucho para sacar algo al mercado?<\/strong><\/li>\n<\/ul>\n<p style=\"text-align: justify;\">Pues el disco es 50% postura, 50% flash. Postureo del bueno jajajaj. No ya en serio, detr\u00e1s de \u201cpostura y flash\u201d hay mucho trabajo y esfuerzo. Est\u00e1 plagado de traspi\u00e9s, contratiempos, reveses\u2026 Pero tambi\u00e9n hay mucha ayuda por parte de amigos que nos han echado una mano (cuando no la otra y los dos pies) para que esto salga adelante. As\u00ed que aprovechamos para agradec\u00e9rselo a todos ellos. Porque sus \u201cgranos de arena\u201d han sido imprescindibles para sacar esto adelante que, por qu\u00e9 no decirlo, si nos preguntaran que podemos encontrar dentro del disco habr\u00eda que decir que postura y flash es un manual sobre \u201cc\u00f3mo hacer rock para modernos\u201d en cinco c\u00f3modos pasos.<\/p>\n<p style=\"text-align: justify;\">\u00bfQu\u00e9 si hay que curr\u00e1rselo mucho para sacar algo? Piensa que desde el primer acorde a montar las portadas con c\u00fater y pegamento TODO lo hemos hecho nosotros: somos compositores, \u00ednterpretes, editores, fabricadores, grabadores\u2026 Resumiendo: Si y mucho.<\/p>\n<p style=\"text-align: justify;\"><a href=\"http:\/\/granadacostanacional.es\/wp-content\/uploads\/2017\/05\/PORTADAS.jpg\"><img decoding=\"async\" loading=\"lazy\" class=\"alignnone wp-image-12534\" src=\"http:\/\/granadacostanacional.es\/wp-content\/uploads\/2017\/05\/PORTADAS-300x149.jpg\" alt=\"PORTADAS\" width=\"828\" height=\"411\" \/><\/a><\/p>\n<ul style=\"text-align: justify;\">\n<li><strong> La \u00faltima es para vuestros seguidores \u00bfd\u00f3nde podemos encontraros y\/o escucharos?<\/strong><\/li>\n<\/ul>\n<p style=\"text-align: justify;\">Pues lo ideal es que se hicieran con una copia de \u201cPostura y flash\u201d. Pero, aun as\u00ed \u201cPostura y Flash\u201d de Viva Leone! puede escucharse en Spotify y iTunes o en nuestro Bandcamp.<\/p>\n<p style=\"text-align: justify;\">Tambi\u00e9n estamos en todas las redes sociales, Facebook, Instagram, Twitter, Youtube\u2026 estamos a un click de cualquiera, vamos.<\/p>\n<p style=\"text-align: justify;\"><a href=\"http:\/\/granadacostanacional.es\/wp-content\/uploads\/2017\/05\/Captura-de-pantalla-2017-05-26-a-las-16.12.49.png\"><img decoding=\"async\" loading=\"lazy\" class=\"alignnone wp-image-12535\" src=\"http:\/\/granadacostanacional.es\/wp-content\/uploads\/2017\/05\/Captura-de-pantalla-2017-05-26-a-las-16.12.49-300x181.png\" alt=\"Captura de pantalla 2017-05-26 a las 16.12.49\" width=\"477\" height=\"288\" \/><\/a>\u00a0<a href=\"http:\/\/granadacostanacional.es\/wp-content\/uploads\/2017\/05\/Unitag_QRCode_1495799842376.png\"><img decoding=\"async\" loading=\"lazy\" class=\"alignnone wp-image-12536\" src=\"http:\/\/granadacostanacional.es\/wp-content\/uploads\/2017\/05\/Unitag_QRCode_1495799842376.png\" alt=\"Unitag_QRCode_1495799842376\" width=\"268\" height=\"268\" \/><\/a><\/p>\n<p style=\"text-align: justify;\">\n<p style=\"text-align: right;\"><em><strong>Antonio Manuel Segura<\/strong><\/em><\/p>\n","protected":false},"excerpt":{"rendered":"<p>Este mes hablamos en Granada Costa con \u201cViva Leone!\u201d Una banda de indie Rock Granadina que nos ha dejado muy&hellip;<\/p>\n","protected":false},"author":2,"featured_media":12531,"comment_status":"open","ping_status":"open","sticky":false,"template":"","format":"standard","meta":{"om_disable_all_campaigns":false,"_mi_skip_tracking":false,"_monsterinsights_sitenote_active":false,"_monsterinsights_sitenote_note":"","_monsterinsights_sitenote_category":0,"footnotes":""},"categories":[21,27,22],"tags":[],"aioseo_notices":[],"_links":{"self":[{"href":"https:\/\/granadacostaglobal.es\/index.php?rest_route=\/wp\/v2\/posts\/12530"}],"collection":[{"href":"https:\/\/granadacostaglobal.es\/index.php?rest_route=\/wp\/v2\/posts"}],"about":[{"href":"https:\/\/granadacostaglobal.es\/index.php?rest_route=\/wp\/v2\/types\/post"}],"author":[{"embeddable":true,"href":"https:\/\/granadacostaglobal.es\/index.php?rest_route=\/wp\/v2\/users\/2"}],"replies":[{"embeddable":true,"href":"https:\/\/granadacostaglobal.es\/index.php?rest_route=%2Fwp%2Fv2%2Fcomments&post=12530"}],"version-history":[{"count":0,"href":"https:\/\/granadacostaglobal.es\/index.php?rest_route=\/wp\/v2\/posts\/12530\/revisions"}],"wp:featuredmedia":[{"embeddable":true,"href":"https:\/\/granadacostaglobal.es\/index.php?rest_route=\/"}],"wp:attachment":[{"href":"https:\/\/granadacostaglobal.es\/index.php?rest_route=%2Fwp%2Fv2%2Fmedia&parent=12530"}],"wp:term":[{"taxonomy":"category","embeddable":true,"href":"https:\/\/granadacostaglobal.es\/index.php?rest_route=%2Fwp%2Fv2%2Fcategories&post=12530"},{"taxonomy":"post_tag","embeddable":true,"href":"https:\/\/granadacostaglobal.es\/index.php?rest_route=%2Fwp%2Fv2%2Ftags&post=12530"}],"curies":[{"name":"wp","href":"https:\/\/api.w.org\/{rel}","templated":true}]}}