{"id":12455,"date":"2017-05-25T14:14:58","date_gmt":"2017-05-25T14:14:58","guid":{"rendered":"http:\/\/granadacostanacional.es\/?p=12455"},"modified":"2017-05-25T14:14:58","modified_gmt":"2017-05-25T14:14:58","slug":"guadalinfo-abre-inscripciones-para-las-jornadas-los-retos-del-innovador-que-arrancan-el-1-de-junio-en-granada","status":"publish","type":"post","link":"https:\/\/granadacostaglobal.es\/?p=12455","title":{"rendered":"Guadalinfo abre inscripciones para las jornadas \u2018Los retos del innovador\u2019 que arrancan el 1 de junio en Granada"},"content":{"rendered":"<ul>\n<li style=\"text-align: justify;\"><strong>Jornadas te\u00f3rico-pr\u00e1cticas de acceso libre y 3 h de duraci\u00f3n, con 8 tem\u00e1ticas distintas (ideas de negocio, productividad, financiaci\u00f3n, o gesti\u00f3n del fracaso).<\/strong><\/li>\n<\/ul>\n<ul style=\"text-align: justify;\">\n<li><strong>Las charlas son el pr\u00f3logo de la 2\u00aa edici\u00f3n del programa de aceleraci\u00f3n de proyectos de innovaci\u00f3n &#8220;Guadalinfo Impulsa&#8221; que en breve abrir\u00e1 plazo de inscripci\u00f3n.<\/strong><\/li>\n<\/ul>\n<p style=\"text-align: justify;\">El Consorcio \u201cFernando de los R\u00edos\u201d (CFR)\u00a0 -entidad 100% p\u00fablica que gestiona la red Guadalinfo por encargo de las ocho diputaciones provinciales y la Junta de Andaluc\u00eda, &#8211; ultima el <strong>lanzamiento de la segunda edici\u00f3n de Guadalinfo Impulsa<\/strong>. Se trata de un programa intensivo de formaci\u00f3n, acompa\u00f1amiento y asesor\u00eda de expertos y mentores a personas con una idea para que la conviertan en un proyecto empresarial que puedan presentar ante inversores. En su primera edici\u00f3n trabaj\u00f3 durante seis meses con\u00a050 promotores \u00a0(33 hombres y 17 mujeres)\u00a0para\u00a0ayudarles con formaci\u00f3n intensiva, acompa\u00f1amiento y asesoramiento personalizado, a trabajar sus ideas hasta transformarlas en iniciativas empresariales potencialmente viables y listas para dar su salto al mercado. El \u00e9xito de la iniciativa invita a repetirla. Como pr\u00f3logo al II Guadalinfo Impulsa, se han programado 8 jornadas te\u00f3rico-pr\u00e1cticas (gratuitas y de acceso libre hasta completar aforo) en cada una de las capitales andaluzas.<\/p>\n<p style=\"text-align: justify;\">Se trata de <strong>jornadas intensivas de tres horas de duraci\u00f3n, dirigidas a cualquier persona interesada en lanzar un proyecto<\/strong> y que necesite conocimiento y recursos para ponerlo en marcha. Los encuentros servir\u00e1n adem\u00e1s para invitar a innovadores de toda Andaluc\u00eda a participar en el II programa Guadalinfo Impulsa donde podr\u00e1n madurar durante 6 meses &#8211; junto a expertos y mentores-\u00a0 sus proyectos.<\/p>\n<p style=\"text-align: justify;\"><strong>El ciclo \u2018Los retos del innovador\u2019 tratar\u00e1 una amplia gama de tem\u00e1ticas<\/strong>, entre ellas asuntos como la validaci\u00f3n de ideas de negocio, la desmitificaci\u00f3n de falsos mitos sobre el camino de la idea al proyecto; el aprendizaje de h\u00e1bitos sanos de productividad y eficiencia o el conocimiento de recursos y fuentes de financiaci\u00f3n disponibles. Los coloquios estar\u00e1n dirigidos por profesionales expertos en cada materia y se han dise\u00f1ado partiendo de un enfoque pr\u00e1ctico. Abiertos al debate, est\u00e1n pensados adem\u00e1s para alimentar la generaci\u00f3n de comunidades de innovaci\u00f3n y espacios de networking multiprovinciales.<\/p>\n<p style=\"text-align: justify;\"><strong>Granada, 1 de junio: &#8220;Liderazgo y gesti\u00f3n inteligente para proyectos de innovaci\u00f3n social&#8221; (Sal\u00f3n de Actos de la Fundaci\u00f3n del PTS) <\/strong><\/p>\n<p style=\"text-align: justify;\">La jornada granadina se celebrar\u00e1 el 1 de junio en el Sal\u00f3n de Actos Fundaci\u00f3n PTS (Avenida del Conocimiento 33) bajo el lema &#8220;<strong>Liderazgo y gesti\u00f3n inteligente para proyectos de innovaci\u00f3n social&#8221;.<\/strong> \u00a0Javier Mart\u00edn Guerrero (Empresario, Conferenciante y Mentor en Econom\u00eda &amp; Negocios con Social Marketing y en Programas de emprendimiento) dirigir\u00e1 una jornada que persigue transmitir pautas para mejorar la relaci\u00f3n entre los miembros de un equipo o dar a conocer pautas de toma de decisiones ante situaciones complejas. Adem\u00e1s de la charla te\u00f3rica los asistentes participar\u00e1n en una din\u00e1mica pr\u00e1ctica que les permitir\u00e1 descubrir los roles existentes dentro de las empresas, la toma de\u00a0 decisiones inteligentes; resoluci\u00f3n conjunta de problemas intr\u00ednsecos y extr\u00ednseco; inteligencia emocional\u00a0 o los elementos primarios de la organizaci\u00f3n inteligente.<\/p>\n<p style=\"text-align: justify;\"><strong>Calendario completo, informaci\u00f3n e inscripciones<\/strong><\/p>\n<p style=\"text-align: justify;\">Los coloquios (que tendr\u00e1n una duraci\u00f3n de tres horas) se han programado el <strong>1 de junio en Granada y Ja\u00e9n, el 5 de junio en C\u00f3rdoba, el 6 de junio en Sevilla, el 7 de junio en C\u00e1diz, y el 8 de junio en Huelva y Almer\u00eda.<\/strong> <strong>La fecha de la cita de M\u00e1laga est\u00e1 pendiente de confirmaci\u00f3n.<\/strong><\/p>\n","protected":false},"excerpt":{"rendered":"<p>Jornadas te\u00f3rico-pr\u00e1cticas de acceso libre y 3 h de duraci\u00f3n, con 8 tem\u00e1ticas distintas (ideas de negocio, productividad, financiaci\u00f3n, o&hellip;<\/p>\n","protected":false},"author":2,"featured_media":12456,"comment_status":"open","ping_status":"open","sticky":false,"template":"","format":"standard","meta":{"om_disable_all_campaigns":false,"_mi_skip_tracking":false,"_monsterinsights_sitenote_active":false,"_monsterinsights_sitenote_note":"","_monsterinsights_sitenote_category":0,"footnotes":""},"categories":[22],"tags":[],"aioseo_notices":[],"_links":{"self":[{"href":"https:\/\/granadacostaglobal.es\/index.php?rest_route=\/wp\/v2\/posts\/12455"}],"collection":[{"href":"https:\/\/granadacostaglobal.es\/index.php?rest_route=\/wp\/v2\/posts"}],"about":[{"href":"https:\/\/granadacostaglobal.es\/index.php?rest_route=\/wp\/v2\/types\/post"}],"author":[{"embeddable":true,"href":"https:\/\/granadacostaglobal.es\/index.php?rest_route=\/wp\/v2\/users\/2"}],"replies":[{"embeddable":true,"href":"https:\/\/granadacostaglobal.es\/index.php?rest_route=%2Fwp%2Fv2%2Fcomments&post=12455"}],"version-history":[{"count":0,"href":"https:\/\/granadacostaglobal.es\/index.php?rest_route=\/wp\/v2\/posts\/12455\/revisions"}],"wp:featuredmedia":[{"embeddable":true,"href":"https:\/\/granadacostaglobal.es\/index.php?rest_route=\/"}],"wp:attachment":[{"href":"https:\/\/granadacostaglobal.es\/index.php?rest_route=%2Fwp%2Fv2%2Fmedia&parent=12455"}],"wp:term":[{"taxonomy":"category","embeddable":true,"href":"https:\/\/granadacostaglobal.es\/index.php?rest_route=%2Fwp%2Fv2%2Fcategories&post=12455"},{"taxonomy":"post_tag","embeddable":true,"href":"https:\/\/granadacostaglobal.es\/index.php?rest_route=%2Fwp%2Fv2%2Ftags&post=12455"}],"curies":[{"name":"wp","href":"https:\/\/api.w.org\/{rel}","templated":true}]}}