{"id":12414,"date":"2017-05-26T10:14:29","date_gmt":"2017-05-26T10:14:29","guid":{"rendered":"http:\/\/granadacostanacional.es\/?p=12414"},"modified":"2017-05-26T10:14:29","modified_gmt":"2017-05-26T10:14:29","slug":"presentacion-del-libro-solidario-nieva-en-el-mar","status":"publish","type":"post","link":"https:\/\/granadacostaglobal.es\/?p=12414","title":{"rendered":"Presentaci\u00f3n del libro solidario nieva en el Mar"},"content":{"rendered":"<p><span style=\"color: #ff0000;\"><strong>\u201cLibro solidario\u00a0 Nieva en el mar\u201d del Proyecto Nacional De Cultura Granada Costa&#8221;<\/strong><\/span><\/p>\n<p><a href=\"http:\/\/granadacostanacional.es\/wp-content\/uploads\/2017\/05\/cartel-bliblioteca.jpg\"><img decoding=\"async\" loading=\"lazy\" class=\"size-medium wp-image-12497 alignleft\" src=\"http:\/\/granadacostanacional.es\/wp-content\/uploads\/2017\/05\/cartel-bliblioteca-300x235.jpg\" alt=\"cartel bliblioteca\" width=\"300\" height=\"235\" \/><\/a>Encuentro en solidaridad.<\/p>\n<p style=\"text-align: justify;\">El Pr\u00f3ximo mi\u00e9rcoles d\u00eda 31 a las 19 horas en la Biblioteca P\u00fablica de Lleida se llevara una actividad enclavada dentro del Proyecto solidario Nacional de Cultura Granada Costa.<\/p>\n<p style=\"text-align: justify;\"><strong>Con motivo de la presentaci\u00f3n del proyecto: libro solidario Nieva en el Mar<\/strong> se realizar\u00e1 una mesa redonda donde participar\u00e1n destacados miembros de la sociedad leridana que sobresalen en valores y actuaciones solidarias.<\/p>\n<p style=\"text-align: justify;\"><span style=\"color: #ff0000;\"><strong><u>Mesa redonda:<\/u><\/strong><\/span><strong><span style=\"color: #ff0000;\"> Ser solidario, una necesidad social y personal.<\/span> En la cual los ponentes\u00a0dar\u00e1n\u00a0su visi\u00f3n de la solidaridad desde diversos \u00e1mbitos.<\/strong><\/p>\n<p style=\"text-align: justify;\"><strong><span style=\"color: #ff0000;\">Coordina<\/span> <\/strong>la Dra. To\u00f1y Castillo. Directora Adjunta para Catalu\u00f1a.<\/p>\n<p style=\"text-align: justify;\"><span style=\"color: #ff0000;\"><strong>Participa:\u00a0por GC (Granada Costa)<\/strong><\/span><\/p>\n<ul style=\"text-align: justify;\">\n<li>Sr. Josep \u00c0ngels Comes, presidente dels Armats de Lleida.<\/li>\n<li>Sr. Manolo Zamora, cr\u00f3nista.<\/li>\n<li>Sr. \u00d2scar de la Torre, mago<\/li>\n<li>Sra. M\u00aa \u00c0ngels Molpeceres, entendida en m\u00fasica<\/li>\n<\/ul>\n<p style=\"text-align: justify;\"><strong><span style=\"color: #ff0000;\">Por su trayector\u00eda en el mundo de la solidaridad<\/span><\/strong><\/p>\n<ul>\n<li style=\"text-align: justify;\">Sra. Carmen Coscolla, profesora INS Ronda<\/li>\n<li style=\"text-align: justify;\">Sra. Pilar Sanju\u00e1n, presidenta de Down Lleida<\/li>\n<li style=\"text-align: justify;\">Sr. Albert Molies, delegado de voluntarios Caixa Lleida<\/li>\n<\/ul>\n<table>\n<tbody>\n<tr>\n<td><span style=\"color: #000080;\"><strong>Presentaci\u00f3n\u00a0 del <\/strong><strong>proyecto \u201clibro solidario\u00a0 Nieva en el mar<\/strong> <strong>del Proyecto Nacional de Cultura Granada Costa\u201d<\/strong><\/span><strong> \u00a0<\/strong>de la escritora\u00a0 y directora del Aula Hospitalaria la Dra. To\u00f1y Castillo.<\/td>\n<\/tr>\n<\/tbody>\n<\/table>\n<p><strong>Participa la autora conjuntamente\u00a0 con <\/strong>\u00a0<strong>\u00a0Sra. Carolina Carrillo, \u00a0Profesora CEIP Camps Elisis\u00a0 y el \u00a0<\/strong><strong>Sr. Antonio Guti\u00e9rrez,\u00a0<\/strong><strong>Escritor.<\/strong><\/p>\n<p>&nbsp;<\/p>\n<p>&nbsp;<\/p>\n<p>&nbsp;<\/p>\n<p><strong>\u00a0<\/strong><\/p>\n","protected":false},"excerpt":{"rendered":"<p>\u201cLibro solidario\u00a0 Nieva en el mar\u201d del Proyecto Nacional De Cultura Granada Costa&#8221; Encuentro en solidaridad. El Pr\u00f3ximo mi\u00e9rcoles d\u00eda&hellip;<\/p>\n","protected":false},"author":4,"featured_media":12276,"comment_status":"open","ping_status":"open","sticky":false,"template":"","format":"standard","meta":{"om_disable_all_campaigns":false,"_mi_skip_tracking":false,"_monsterinsights_sitenote_active":false,"_monsterinsights_sitenote_note":"","_monsterinsights_sitenote_category":0,"footnotes":""},"categories":[21,22,30],"tags":[],"aioseo_notices":[],"_links":{"self":[{"href":"https:\/\/granadacostaglobal.es\/index.php?rest_route=\/wp\/v2\/posts\/12414"}],"collection":[{"href":"https:\/\/granadacostaglobal.es\/index.php?rest_route=\/wp\/v2\/posts"}],"about":[{"href":"https:\/\/granadacostaglobal.es\/index.php?rest_route=\/wp\/v2\/types\/post"}],"author":[{"embeddable":true,"href":"https:\/\/granadacostaglobal.es\/index.php?rest_route=\/wp\/v2\/users\/4"}],"replies":[{"embeddable":true,"href":"https:\/\/granadacostaglobal.es\/index.php?rest_route=%2Fwp%2Fv2%2Fcomments&post=12414"}],"version-history":[{"count":0,"href":"https:\/\/granadacostaglobal.es\/index.php?rest_route=\/wp\/v2\/posts\/12414\/revisions"}],"wp:featuredmedia":[{"embeddable":true,"href":"https:\/\/granadacostaglobal.es\/index.php?rest_route=\/"}],"wp:attachment":[{"href":"https:\/\/granadacostaglobal.es\/index.php?rest_route=%2Fwp%2Fv2%2Fmedia&parent=12414"}],"wp:term":[{"taxonomy":"category","embeddable":true,"href":"https:\/\/granadacostaglobal.es\/index.php?rest_route=%2Fwp%2Fv2%2Fcategories&post=12414"},{"taxonomy":"post_tag","embeddable":true,"href":"https:\/\/granadacostaglobal.es\/index.php?rest_route=%2Fwp%2Fv2%2Ftags&post=12414"}],"curies":[{"name":"wp","href":"https:\/\/api.w.org\/{rel}","templated":true}]}}