{"id":12395,"date":"2017-05-24T16:02:32","date_gmt":"2017-05-24T16:02:32","guid":{"rendered":"http:\/\/granadacostanacional.es\/?p=12395"},"modified":"2017-05-24T16:02:32","modified_gmt":"2017-05-24T16:02:32","slug":"ciudadanos-propone-medidas-para-mejorar-la-calidad-de-vida-de-los-celiacos-e-intolerantes-a-la-lactosa-de-toda-la-provincia-de-granada","status":"publish","type":"post","link":"https:\/\/granadacostaglobal.es\/?p=12395","title":{"rendered":"Ciudadanos propone medidas para mejorar la calidad de vida de los cel\u00edacos e intolerantes a la lactosa de toda la provincia de Granada"},"content":{"rendered":"<p style=\"text-align: justify;\"><strong>\u201cSe trata de propuestas viables en materia de salud, igualdad y solidaridad para sensibilizar a la poblaci\u00f3n acerca de la enfermedad\u201d<\/strong>, asegura el portavoz de Cs en la Diputaci\u00f3n Provincial, Ra\u00fal Fern\u00e1ndez.<\/p>\n<p style=\"text-align: justify;\">El portavoz del grupo de Ciudadanos en la Diputaci\u00f3n Provincial de Granada, Ra\u00fal Fern\u00e1ndez, ha reivindicado algunas de las medidas que aparecen recogidas en la moci\u00f3n que su grupo llevar\u00e1 ma\u00f1ana al pleno de la instituci\u00f3n destinadas a la mejora de la calidad de vida de las personas cel\u00edacas y las intolerantes a la lactosa de toda la provincia de Granada; un numeroso colectivo al que es necesario apoyar mediante<strong>\u00a0\u201cpropuestas viables en materia de salud, igualdad y solidaridad\u201d<\/strong>, llamando a la<strong> \u201csensibilizaci\u00f3n sobre la enfermedad\u201d<\/strong> y <strong>\u201cfacilitando las relaciones sociales y actividades de su d\u00eda a d\u00eda\u201d<\/strong>.<\/p>\n<p style=\"text-align: justify;\">Fern\u00e1ndez, quien ha resaltado el trabajo en este sentido que ya se est\u00e1 llevando a cabo desde algunas corporaciones locales y asociaciones, ha valorado positivamente el <strong>\u201cesfuerzo realizado en los \u00faltimos tiempos por el sector hostelero\u201d<\/strong>, en el que algunos establecimientos han ido incorporando en sus cartas de servicios alimentos y platos elaborados con ingredientes aptos para los intolerantes al gluten y a la lactosa.<\/p>\n<p style=\"text-align: justify;\">La propuesta de Ciudadanos contempla la necesidad de instar al Gobierno central a adoptar las medidas fiscales que sean necesarias para conseguir un abaratamiento de los alimentos sin gluten y sin lactosa, adem\u00e1s de favorecer e impulsar desde la propia Diputaci\u00f3n Provincial de Granada el desarrollo de actividades que promuevan la difusi\u00f3n y divulgaci\u00f3n de estas enfermedades. Asimismo, Fern\u00e1ndez tambi\u00e9n ha solicitado la<strong> \u201cfirma de un convenio de colaboraci\u00f3n con las asociaciones granadinas\u201d<\/strong> relacionadas con este tema para poner en marcha actividades conjuntas y establecer sinergias de actuaci\u00f3n.<\/p>\n<p style=\"text-align: justify;\">Junto a esto, Ciudadanos tambi\u00e9n reivindica la difusi\u00f3n, a trav\u00e9s de la p\u00e1gina oficial de Turismo de la Diputaci\u00f3n, de un mapa de establecimientos de restauraci\u00f3n que facilitan actualmente a sus clientes una oferta gastron\u00f3mica adaptada a las necesidades de las personas con intolerancia al gluten y a la lactosa, con un programa de seguimiento y control<em> in situ<\/em> de los men\u00fas adaptados que ofrezcan y una adecuada se\u00f1alizaci\u00f3n de los mismos mediante el uso del distintivo oficial que permita identificarlos f\u00e1cilmente.<\/p>\n","protected":false},"excerpt":{"rendered":"<p>\u201cSe trata de propuestas viables en materia de salud, igualdad y solidaridad para sensibilizar a la poblaci\u00f3n acerca de la&hellip;<\/p>\n","protected":false},"author":2,"featured_media":12396,"comment_status":"open","ping_status":"open","sticky":false,"template":"","format":"standard","meta":{"om_disable_all_campaigns":false,"_mi_skip_tracking":false,"_monsterinsights_sitenote_active":false,"_monsterinsights_sitenote_note":"","_monsterinsights_sitenote_category":0,"footnotes":""},"categories":[22],"tags":[],"aioseo_notices":[],"_links":{"self":[{"href":"https:\/\/granadacostaglobal.es\/index.php?rest_route=\/wp\/v2\/posts\/12395"}],"collection":[{"href":"https:\/\/granadacostaglobal.es\/index.php?rest_route=\/wp\/v2\/posts"}],"about":[{"href":"https:\/\/granadacostaglobal.es\/index.php?rest_route=\/wp\/v2\/types\/post"}],"author":[{"embeddable":true,"href":"https:\/\/granadacostaglobal.es\/index.php?rest_route=\/wp\/v2\/users\/2"}],"replies":[{"embeddable":true,"href":"https:\/\/granadacostaglobal.es\/index.php?rest_route=%2Fwp%2Fv2%2Fcomments&post=12395"}],"version-history":[{"count":0,"href":"https:\/\/granadacostaglobal.es\/index.php?rest_route=\/wp\/v2\/posts\/12395\/revisions"}],"wp:featuredmedia":[{"embeddable":true,"href":"https:\/\/granadacostaglobal.es\/index.php?rest_route=\/"}],"wp:attachment":[{"href":"https:\/\/granadacostaglobal.es\/index.php?rest_route=%2Fwp%2Fv2%2Fmedia&parent=12395"}],"wp:term":[{"taxonomy":"category","embeddable":true,"href":"https:\/\/granadacostaglobal.es\/index.php?rest_route=%2Fwp%2Fv2%2Fcategories&post=12395"},{"taxonomy":"post_tag","embeddable":true,"href":"https:\/\/granadacostaglobal.es\/index.php?rest_route=%2Fwp%2Fv2%2Ftags&post=12395"}],"curies":[{"name":"wp","href":"https:\/\/api.w.org\/{rel}","templated":true}]}}