{"id":12260,"date":"2017-05-23T09:15:41","date_gmt":"2017-05-23T09:15:41","guid":{"rendered":"http:\/\/granadacostanacional.es\/?p=12260"},"modified":"2017-05-23T09:15:41","modified_gmt":"2017-05-23T09:15:41","slug":"el-verso-que-no-cesa","status":"publish","type":"post","link":"https:\/\/granadacostaglobal.es\/?p=12260","title":{"rendered":"EL VERSO QUE NO CESA"},"content":{"rendered":"<p><a href=\"http:\/\/granadacostanacional.es\/wp-content\/uploads\/2017\/05\/cartel-Miguel-Hern\u00e1ndez-copia.jpg\"><img decoding=\"async\" loading=\"lazy\" class=\"alignnone  wp-image-11976\" src=\"http:\/\/granadacostanacional.es\/wp-content\/uploads\/2017\/05\/cartel-Miguel-Hern\u00e1ndez-copia-203x300.jpg\" alt=\"cartel Miguel Hern\u00e1ndez - copia\" width=\"407\" height=\"601\" \/><\/a><\/p>\n<p style=\"text-align: justify;\">El d\u00eda 20 de Mayo, en la Sala de exposiciones del Centro C\u00edvico de La Herradura-Granada, se present\u00f3 el espect\u00e1culo \u201cEl verso que no cesa\u201d, como homenaje al 75 aniversario de la muerte de Miguel Hern\u00e1ndez.<\/p>\n<p style=\"text-align: justify;\">La escenificaci\u00f3n se desarroll\u00f3 con un exquisito contenido de gran expresi\u00f3n po\u00e9tica, seg\u00fan el gui\u00f3n del nuestro Director del Aula de Pensamiento y Director de las 24 horas de la Poes\u00eda, Alfonso Monteagudo.<\/p>\n<p style=\"text-align: justify;\">Adem\u00e1s de autor, intervino la multidisciplinar artista, Laura L\u00f3pez Z\u00e1rraga, que estuvo centelleante, m\u00e1gica y deslumbradora. En todo el momento, se identific\u00f3 con el contenido dram\u00e1tico y vivificador del texto l\u00edrico.<\/p>\n<figure id=\"attachment_12263\" aria-describedby=\"caption-attachment-12263\" style=\"width: 458px\" class=\"wp-caption alignnone\"><a href=\"http:\/\/granadacostanacional.es\/wp-content\/uploads\/2017\/05\/MG_9978.jpg\"><img decoding=\"async\" loading=\"lazy\" class=\"wp-image-12263\" src=\"http:\/\/granadacostanacional.es\/wp-content\/uploads\/2017\/05\/MG_9978-300x172.jpg\" alt=\"_MG_9978\" width=\"458\" height=\"263\" \/><\/a><figcaption id=\"caption-attachment-12263\" class=\"wp-caption-text\"><em>Laura L\u00f3pez Z\u00e1rraga<\/em><\/figcaption><\/figure>\n<p style=\"text-align: justify;\">Laura, coloquialmente, se \u201ccomi\u00f3\u201d el escenario: cant\u00f3, bail\u00f3 y recit\u00f3. Su poderosa interpretaci\u00f3n art\u00edstica estuvo acompa\u00f1ada por una excelente transmisi\u00f3n\u00a0 gestual, majestuosa.<\/p>\n<p style=\"text-align: justify;\">Al decir de muchos de los artistas y cr\u00edticos asistentes, que llenaban la sala, la actuaci\u00f3n de Laura, fue una de las mejores interpretaciones de su ya extensa y acertada carrera art\u00edstica.<\/p>\n<p style=\"text-align: justify;\">Fant\u00e1stica fue la actuaci\u00f3n del poeta, actor y director esc\u00e9nico, Silvio Rivas, que mostr\u00f3 todos los excelentes registros interpretativos a que nos tiene habituados.<\/p>\n<p style=\"text-align: justify;\">Jos\u00e9\u00a0 el Granaino, cant\u00f3 espl\u00e9ndida \u201cNana de la cebolla\u201d seguido de un romance de Garc\u00eda Lorca, como regalo musical ofrecido a su esposa, la pintora Pepa Cort\u00e9s, nacida, al igual que Federico, en Fuente Vaqueros.<\/p>\n<p style=\"text-align: justify;\">El guitarrista, Pepe Gonz\u00e1lez, nos dej\u00f3 sus emocionados y sentidos acordes, antes de emprender su gira por Finlandia y otros pa\u00edses n\u00f3rdicos.<\/p>\n<p style=\"text-align: justify;\">Al final del acto, se cant\u00f3 la canci\u00f3n \u201cAl \u00a0alba\u201d, con las voces de Jos\u00e9 el Granaino y Laura L.Z\u00e1rraga.<\/p>\n<p style=\"text-align: justify;\">El recital estaba enriquecido por \u201cEl cromatismo que no cesa\u201d, de las imaginativas y formidables pintoras, Pepa Cort\u00e9s, Martin Morales y Laura L. Z\u00e1rraga.<\/p>\n<figure id=\"attachment_12264\" aria-describedby=\"caption-attachment-12264\" style=\"width: 448px\" class=\"wp-caption alignnone\"><a href=\"http:\/\/granadacostanacional.es\/wp-content\/uploads\/2017\/05\/MG_9982.jpg\"><img decoding=\"async\" loading=\"lazy\" class=\"wp-image-12264\" src=\"http:\/\/granadacostanacional.es\/wp-content\/uploads\/2017\/05\/MG_9982-300x191.jpg\" alt=\"_MG_9982\" width=\"448\" height=\"285\" \/><\/a><figcaption id=\"caption-attachment-12264\" class=\"wp-caption-text\"><em>Pepa Cort\u00e9s<\/em><\/figcaption><\/figure>\n<p style=\"text-align: justify;\">Presidido por el teniente alcalde Juan Jos\u00e9 Ruiz Joya, la mayor\u00eda de p\u00fablico estaba integrada por escritores, poetas y pintores, entre los que destacamos a Antonio Arrellano, Jos\u00e9 Cabrera, Premio Turismo 2016, del ayuntamiento de Almu\u00f1\u00e9car, Paco Ariza, Marian Serrano y el profesor Francisco Velasco.<\/p>\n<p style=\"text-align: justify;\">Tambi\u00e9n contamos con la reconfortadora asistencia del escritor y Director de las \u201cP\u00e1ginas verdes\u201d, de este peri\u00f3dico, Juli\u00e1n D\u00edaz Robledo y del distinguido Director hotelero, Rafael Lamelas. El esp\u00edritu del organizador de Festivales Literarios, Paulino \u00c1lvarez Gonz\u00e1lez, estuvo latente entre nosotros.<\/p>\n<p>&nbsp;<\/p>\n<figure id=\"attachment_12266\" aria-describedby=\"caption-attachment-12266\" style=\"width: 278px\" class=\"wp-caption alignnone\"><a href=\"http:\/\/granadacostanacional.es\/wp-content\/uploads\/2017\/05\/MG_9994.jpg\"><img decoding=\"async\" loading=\"lazy\" class=\"wp-image-12266\" src=\"http:\/\/granadacostanacional.es\/wp-content\/uploads\/2017\/05\/MG_9994-208x300.jpg\" alt=\"_MG_9994\" width=\"278\" height=\"401\" \/><\/a><figcaption id=\"caption-attachment-12266\" class=\"wp-caption-text\"><em>Rafael Lamelas y Alfonso Monteagudo<\/em><\/figcaption><\/figure>\n<figure id=\"attachment_12265\" aria-describedby=\"caption-attachment-12265\" style=\"width: 441px\" class=\"wp-caption alignnone\"><a href=\"http:\/\/granadacostanacional.es\/wp-content\/uploads\/2017\/05\/MG_9987.jpg\"><img decoding=\"async\" loading=\"lazy\" class=\"wp-image-12265\" src=\"http:\/\/granadacostanacional.es\/wp-content\/uploads\/2017\/05\/MG_9987-300x208.jpg\" alt=\"_MG_9987\" width=\"441\" height=\"306\" \/><\/a><figcaption id=\"caption-attachment-12265\" class=\"wp-caption-text\"><em>Juli\u00e1n D\u00edaz Robledo, Alfonso Monteagudo y Rafael Lamelas<\/em><\/figcaption><\/figure>\n<p>&nbsp;<\/p>\n<p style=\"text-align: justify;\">Alfonso Monteagudo finaliz\u00f3 el acto con estas sentidas palabras:<\/p>\n<p style=\"text-align: justify;\">Miguel, hace 75 a\u00f1os, desde que la noche te ha raptado, vives en un albor de soles inexpugnables, que van fecundando las feraces cris\u00e1lidas de tu libertad exacta.<\/p>\n<p style=\"text-align: justify;\">Porque Miguel Hern\u00e1ndez es un poeta predestinado para ser amado por el pueblo.<\/p>\n<p style=\"text-align: justify;\">Una inmortal llama po\u00e9tica, ascua frutal, que nunca ser\u00e1 apagada.<\/p>\n<p style=\"text-align: justify;\">Es, la sublime dignidad del verso que no cesa.<\/p>\n<figure id=\"attachment_12280\" aria-describedby=\"caption-attachment-12280\" style=\"width: 558px\" class=\"wp-caption alignnone\"><a href=\"http:\/\/granadacostanacional.es\/wp-content\/uploads\/2017\/05\/Silvio-Rivas-Alfonso-Monteagudo-Juan-Jos\u00e9-Ruiz-Joya-Laura-L.-Z\u00e1rraga-Loli-Martin-Morales-Pepa-Cort\u00e9s-jos\u00e9-el-Granaino-y-Pepe-Gonz\u00e1lez.jpg\"><img decoding=\"async\" loading=\"lazy\" class=\"wp-image-12280\" src=\"http:\/\/granadacostanacional.es\/wp-content\/uploads\/2017\/05\/Silvio-Rivas-Alfonso-Monteagudo-Juan-Jos\u00e9-Ruiz-Joya-Laura-L.-Z\u00e1rraga-Loli-Martin-Morales-Pepa-Cort\u00e9s-jos\u00e9-el-Granaino-y-Pepe-Gonz\u00e1lez-300x225.jpg\" alt=\"Silvio Rivas, Alfonso Monteagudo, Juan Jos\u00e9 Ruiz Joya, Laura L. Z\u00e1rraga, Loli Martin Morales, Pepa Cort\u00e9s, jos\u00e9 el Granaino y Pepe Gonz\u00e1lez\" width=\"558\" height=\"419\" \/><\/a><figcaption id=\"caption-attachment-12280\" class=\"wp-caption-text\"><em>Silvio Rivas, Alfonso Monteagudo, Juan Jos\u00e9 Ruiz Joya, Laura L. Z\u00e1rraga, Loli Martin Morales, Pepa Cort\u00e9s, Jos\u00e9 el Granaino y Pepe Gonz\u00e1lez<\/em><\/figcaption><\/figure>\n<figure id=\"attachment_12268\" aria-describedby=\"caption-attachment-12268\" style=\"width: 425px\" class=\"wp-caption alignnone\"><a href=\"http:\/\/granadacostanacional.es\/wp-content\/uploads\/2017\/05\/MG_9975.jpg\"><img decoding=\"async\" loading=\"lazy\" class=\"wp-image-12268\" src=\"http:\/\/granadacostanacional.es\/wp-content\/uploads\/2017\/05\/MG_9975-300x182.jpg\" alt=\"_MG_9975\" width=\"425\" height=\"258\" \/><\/a><figcaption id=\"caption-attachment-12268\" class=\"wp-caption-text\"><em>Juli\u00e1n D\u00edaz Robledo y Vera Batkova<\/em><\/figcaption><\/figure>\n<figure id=\"attachment_12281\" aria-describedby=\"caption-attachment-12281\" style=\"width: 509px\" class=\"wp-caption alignnone\"><a href=\"http:\/\/granadacostanacional.es\/wp-content\/uploads\/2017\/05\/Alfonso-Monteagudo-Silvio-Rivas-Laura-L.Z\u00e1rraga-Jos\u00e9-el-Granaino-y-Pepe-Gonz\u00e1lez.jpg\"><img decoding=\"async\" loading=\"lazy\" class=\"wp-image-12281\" src=\"http:\/\/granadacostanacional.es\/wp-content\/uploads\/2017\/05\/Alfonso-Monteagudo-Silvio-Rivas-Laura-L.Z\u00e1rraga-Jos\u00e9-el-Granaino-y-Pepe-Gonz\u00e1lez-300x225.jpg\" alt=\"Alfonso Monteagudo, Silvio Rivas, Laura L.Z\u00e1rraga, Jos\u00e9 el Granaino y Pepe Gonz\u00e1lez\" width=\"509\" height=\"382\" \/><\/a><figcaption id=\"caption-attachment-12281\" class=\"wp-caption-text\"><em>Alfonso Monteagudo, Silvio Rivas, Laura L.Z\u00e1rraga, Jos\u00e9 el Granaino y Pepe Gonz\u00e1lez<\/em><\/figcaption><\/figure>\n<p>&nbsp;<\/p>\n<figure id=\"attachment_12282\" aria-describedby=\"caption-attachment-12282\" style=\"width: 508px\" class=\"wp-caption alignnone\"><a href=\"http:\/\/granadacostanacional.es\/wp-content\/uploads\/2017\/05\/Jos\u00e9-el-Granaino-cante-y-Pepe-Gonz\u00e1lez-guitarra.jpg\"><img decoding=\"async\" loading=\"lazy\" class=\"wp-image-12282\" src=\"http:\/\/granadacostanacional.es\/wp-content\/uploads\/2017\/05\/Jos\u00e9-el-Granaino-cante-y-Pepe-Gonz\u00e1lez-guitarra-300x225.jpg\" alt=\"Jos\u00e9 el Granaino, cante y Pepe Gonz\u00e1lez guitarra\" width=\"508\" height=\"381\" \/><\/a><figcaption id=\"caption-attachment-12282\" class=\"wp-caption-text\"><em>Jos\u00e9 el Granaino, cante y Pepe Gonz\u00e1lez, guitarra.<\/em><\/figcaption><\/figure>\n<figure id=\"attachment_12283\" aria-describedby=\"caption-attachment-12283\" style=\"width: 514px\" class=\"wp-caption alignnone\"><a href=\"http:\/\/granadacostanacional.es\/wp-content\/uploads\/2017\/05\/MG_0001.jpg\"><img decoding=\"async\" loading=\"lazy\" class=\"wp-image-12283\" src=\"http:\/\/granadacostanacional.es\/wp-content\/uploads\/2017\/05\/MG_0001-300x195.jpg\" alt=\"_MG_0001\" width=\"514\" height=\"334\" \/><\/a><figcaption id=\"caption-attachment-12283\" class=\"wp-caption-text\">Juan Jos\u00e9 Ruiz Joya,\u00a0<em>Laura L. Z\u00e1rraga, Loli Martin Morales y Pepa Cort\u00e9s<\/em><\/figcaption><\/figure>\n<p style=\"text-align: right;\">\n<p style=\"text-align: left;\">\n<p style=\"text-align: right;\"><em><strong>Gabriel Garc\u00eda<\/strong><\/em><\/p>\n","protected":false},"excerpt":{"rendered":"<p>El d\u00eda 20 de Mayo, en la Sala de exposiciones del Centro C\u00edvico de La Herradura-Granada, se present\u00f3 el espect\u00e1culo&hellip;<\/p>\n","protected":false},"author":2,"featured_media":12273,"comment_status":"open","ping_status":"open","sticky":false,"template":"","format":"standard","meta":{"om_disable_all_campaigns":false,"_mi_skip_tracking":false,"_monsterinsights_sitenote_active":false,"_monsterinsights_sitenote_note":"","_monsterinsights_sitenote_category":0,"footnotes":""},"categories":[21,22],"tags":[],"aioseo_notices":[],"_links":{"self":[{"href":"https:\/\/granadacostaglobal.es\/index.php?rest_route=\/wp\/v2\/posts\/12260"}],"collection":[{"href":"https:\/\/granadacostaglobal.es\/index.php?rest_route=\/wp\/v2\/posts"}],"about":[{"href":"https:\/\/granadacostaglobal.es\/index.php?rest_route=\/wp\/v2\/types\/post"}],"author":[{"embeddable":true,"href":"https:\/\/granadacostaglobal.es\/index.php?rest_route=\/wp\/v2\/users\/2"}],"replies":[{"embeddable":true,"href":"https:\/\/granadacostaglobal.es\/index.php?rest_route=%2Fwp%2Fv2%2Fcomments&post=12260"}],"version-history":[{"count":0,"href":"https:\/\/granadacostaglobal.es\/index.php?rest_route=\/wp\/v2\/posts\/12260\/revisions"}],"wp:featuredmedia":[{"embeddable":true,"href":"https:\/\/granadacostaglobal.es\/index.php?rest_route=\/"}],"wp:attachment":[{"href":"https:\/\/granadacostaglobal.es\/index.php?rest_route=%2Fwp%2Fv2%2Fmedia&parent=12260"}],"wp:term":[{"taxonomy":"category","embeddable":true,"href":"https:\/\/granadacostaglobal.es\/index.php?rest_route=%2Fwp%2Fv2%2Fcategories&post=12260"},{"taxonomy":"post_tag","embeddable":true,"href":"https:\/\/granadacostaglobal.es\/index.php?rest_route=%2Fwp%2Fv2%2Ftags&post=12260"}],"curies":[{"name":"wp","href":"https:\/\/api.w.org\/{rel}","templated":true}]}}