{"id":12218,"date":"2017-05-20T10:05:03","date_gmt":"2017-05-20T10:05:03","guid":{"rendered":"http:\/\/granadacostanacional.es\/?p=12218"},"modified":"2017-05-20T10:05:03","modified_gmt":"2017-05-20T10:05:03","slug":"el-consejero-de-medio-ambiente-senala-que-la-ley-de-cambio-climatico-abordara-el-fomento-de-la-sostenibilidad-agraria","status":"publish","type":"post","link":"https:\/\/granadacostaglobal.es\/?p=12218","title":{"rendered":"El consejero de Medio Ambiente se\u00f1ala que la Ley de Cambio Clim\u00e1tico abordar\u00e1 el fomento de la sostenibilidad agraria"},"content":{"rendered":"<p><strong>Jos\u00e9 Fiscal ofrece una conferencia sobre agricultura, ganader\u00eda y cambio clim\u00e1tico en la Asamblea General Ordinaria de Asaja M\u00e1laga<\/strong><\/p>\n<p style=\"text-align: justify;\">El consejero de Medio Ambiente y Ordenaci\u00f3n del Territorio, Jos\u00e9 Fiscal, ha participado hoy en la Asamblea General Ordinaria de Asaja M\u00e1laga, donde ha ofrecido una conferencia sobre agricultura, ganader\u00eda y cambio clim\u00e1tico. La Ley de Cambio Clim\u00e1tico de Andaluc\u00eda abordar\u00e1 el fomento de la sostenibilidad agraria y pesquera mediante el impulso del ahorro energ\u00e9tico y las energ\u00edas renovables en la industria agroalimentaria.<\/p>\n<p style=\"text-align: justify;\">\n<p style=\"text-align: justify;\">\u00a0\u00a0\u00a0\u00a0\u00a0\u00a0\u00a0\u00a0\u00a0\u00a0\u00a0 La nueva Ley dar\u00e1 apoyo tambi\u00e9n a la agricultura ecol\u00f3gica y de conservaci\u00f3n, e impulsar\u00e1 acciones para la forestaci\u00f3n de tierras agrarias, la mejora del conocimiento sobre las emisiones y captaciones de gases de efecto invernadero asociados a la agricultura o la formaci\u00f3n de agricultores para el fomento de la aplicaci\u00f3n de buenas pr\u00e1cticas entre otras facetas.<\/p>\n<p style=\"text-align: justify;\">\n<p style=\"text-align: justify;\">\u00a0\u00a0\u00a0\u00a0\u00a0\u00a0\u00a0\u00a0\u00a0\u00a0\u00a0 Jos\u00e9 Fiscal ha agradecido hoy a la Asociaci\u00f3n\u00a0 Agraria de J\u00f3venes Agricultores (Asaja) su participaci\u00f3n a la hora de configurar la Ley de Cambio Clim\u00e1tico de Andaluc\u00eda, as\u00ed como el respaldo que Asaja le otorg\u00f3 al anteproyecto de ley.<\/p>\n<p style=\"text-align: justify;\"><a href=\"http:\/\/granadacostanacional.es\/wp-content\/uploads\/2017\/05\/Asaja-Antequera.jpg\"><img decoding=\"async\" loading=\"lazy\" class=\"aligncenter wp-image-12219 \" src=\"http:\/\/granadacostanacional.es\/wp-content\/uploads\/2017\/05\/Asaja-Antequera-1024x683.jpg\" alt=\"Asaja Antequera\" width=\"592\" height=\"395\" \/><\/a><\/p>\n<p style=\"text-align: justify;\">\u00a0\u00a0\u00a0\u00a0\u00a0\u00a0\u00a0\u00a0\u00a0\u00a0\u00a0 Fiscal ha indicado que se considera imprescindible que ante las amenazas de las consecuencias del cambio clim\u00e1tico seamos capaces de impulsar el sector agro alimentario con sus cimientos en una producci\u00f3n socialmente rentable y econ\u00f3micamente sostenible.<\/p>\n<p style=\"text-align: justify;\">\n<p style=\"text-align: justify;\">\u00a0\u00a0\u00a0\u00a0\u00a0\u00a0\u00a0\u00a0\u00a0\u00a0\u00a0 El titular de Medio Ambiente ha destacado la importancia de las asociaciones agrarias para concienciar a los agricultores de la necesidad de colaborar con la administraci\u00f3n para regularizar el mapa concesional de aprovechamientos de agua en las cuencas intracomunitarias andaluzas. Este mapa supondr\u00e1 un beneficio para todos, ya que posibilitar\u00e1 el reparto y la optimizaci\u00f3n de un recurso tan escaso.<\/p>\n<p style=\"text-align: justify;\">\n<p style=\"text-align: justify;\">\u00a0\u00a0\u00a0\u00a0\u00a0\u00a0\u00a0\u00a0\u00a0\u00a0\u00a0 Jos\u00e9 Fiscal ha recalcado que tambi\u00e9n es imprescindible que se colabore con la administraci\u00f3n en la ordenaci\u00f3n de los recursos subterr\u00e1neos de manera que se d\u00e9 seguridad y estabilidad a las explotaciones agr\u00edcolas.<\/p>\n","protected":false},"excerpt":{"rendered":"<p>Jos\u00e9 Fiscal ofrece una conferencia sobre agricultura, ganader\u00eda y cambio clim\u00e1tico en la Asamblea General Ordinaria de Asaja M\u00e1laga El&hellip;<\/p>\n","protected":false},"author":1,"featured_media":12220,"comment_status":"open","ping_status":"open","sticky":false,"template":"","format":"standard","meta":{"om_disable_all_campaigns":false,"_mi_skip_tracking":false,"_monsterinsights_sitenote_active":false,"_monsterinsights_sitenote_note":"","_monsterinsights_sitenote_category":0,"footnotes":""},"categories":[22],"tags":[],"aioseo_notices":[],"_links":{"self":[{"href":"https:\/\/granadacostaglobal.es\/index.php?rest_route=\/wp\/v2\/posts\/12218"}],"collection":[{"href":"https:\/\/granadacostaglobal.es\/index.php?rest_route=\/wp\/v2\/posts"}],"about":[{"href":"https:\/\/granadacostaglobal.es\/index.php?rest_route=\/wp\/v2\/types\/post"}],"author":[{"embeddable":true,"href":"https:\/\/granadacostaglobal.es\/index.php?rest_route=\/wp\/v2\/users\/1"}],"replies":[{"embeddable":true,"href":"https:\/\/granadacostaglobal.es\/index.php?rest_route=%2Fwp%2Fv2%2Fcomments&post=12218"}],"version-history":[{"count":0,"href":"https:\/\/granadacostaglobal.es\/index.php?rest_route=\/wp\/v2\/posts\/12218\/revisions"}],"wp:featuredmedia":[{"embeddable":true,"href":"https:\/\/granadacostaglobal.es\/index.php?rest_route=\/"}],"wp:attachment":[{"href":"https:\/\/granadacostaglobal.es\/index.php?rest_route=%2Fwp%2Fv2%2Fmedia&parent=12218"}],"wp:term":[{"taxonomy":"category","embeddable":true,"href":"https:\/\/granadacostaglobal.es\/index.php?rest_route=%2Fwp%2Fv2%2Fcategories&post=12218"},{"taxonomy":"post_tag","embeddable":true,"href":"https:\/\/granadacostaglobal.es\/index.php?rest_route=%2Fwp%2Fv2%2Ftags&post=12218"}],"curies":[{"name":"wp","href":"https:\/\/api.w.org\/{rel}","templated":true}]}}