{"id":12214,"date":"2017-05-19T10:45:04","date_gmt":"2017-05-19T10:45:04","guid":{"rendered":"http:\/\/granadacostanacional.es\/?p=12214"},"modified":"2017-05-19T10:45:04","modified_gmt":"2017-05-19T10:45:04","slug":"fiscal-subraya-la-importancia-de-que-todos-los-parques-naturales-y-nacionales-andaluces-que-acrediten-su-buena-gestion","status":"publish","type":"post","link":"https:\/\/granadacostaglobal.es\/?p=12214","title":{"rendered":"Fiscal subraya la importancia de que todos los parques naturales y nacionales andaluces  que acrediten su buena gesti\u00f3n"},"content":{"rendered":"<p style=\"text-align: justify;\">El consejero de Medio Ambiente y Ordenaci\u00f3n del Territorio, Jos\u00e9 Fiscal, ha entregado en Sevilla la renovaci\u00f3n de los certificados del Sistema de Gesti\u00f3n Ambiental, conforme a la norma UNE-EN-ISO 14001 en las actividades desarrolladas para la gesti\u00f3n del medio natural y gesti\u00f3n del uso p\u00fablico en los parques naturales y nacionales de Andaluc\u00eda. Seg\u00fan el consejero, \u201cAndaluc\u00eda ostenta una gran responsabilidad con respecto a la conservaci\u00f3n de la naturaleza, al ser la comunidad aut\u00f3noma que tiene m\u00e1s parques naturales en su territorio. Por ello, es particularmente relevante que todos sin excepci\u00f3n acrediten su buen comportamiento ambiental\u201d. La regi\u00f3n cuenta con 24 parques naturales y 2 parques nacionales declarados.<\/p>\n<p style=\"text-align: justify;\">La ISO 14001 es la norma que regula la implantaci\u00f3n de un Sistema de Gesti\u00f3n Ambiental para ayudar a las organizaciones a controlar los impactos que producen sus actividades en el medio ambiente, reducirlos o incluso eliminarlos. Esta norma es una herramienta fundamental para que la gesti\u00f3n de estos espacios naturales se desarrolle en base a los principios de conservaci\u00f3n, seguridad y calidad, aplicando los criterios establecidos en la misma.<\/p>\n<p style=\"text-align: justify;\">En concreto, consiste en la evaluaci\u00f3n de actividades de gesti\u00f3n del medio natural y de uso p\u00fablico y servicios ambientales. Esta normativa se centra en los \u00e1mbitos de la gesti\u00f3n del medio natural y la gesti\u00f3n de actividades de uso p\u00fablico y servicios ambientales, por lo que incluye el desarrollo de proyectos y obras de mejora en estos espacios protegidos, en iniciativas concretas de conservaci\u00f3n, protecci\u00f3n y aprovechamiento de los recursos naturales, as\u00ed como en la supervisi\u00f3n y control de actividades y servicios realizados por entidades ajenas a la Consejer\u00eda. Tambi\u00e9n ata\u00f1e a la planificaci\u00f3n, desarrollo de proyectos de construcci\u00f3n de equipamientos; su dotaci\u00f3n interpretativa y mejora funcional de equipamientos, su difusi\u00f3n y la participaci\u00f3n de todos los sectores sociales involucrados, etc.<\/p>\n<p style=\"text-align: justify;\">Su alcance incluye las oficinas administrativas y la gran mayor\u00eda de equipamientos e instalaciones de los Parques Naturales y Nacionales de Andaluc\u00eda asociados a la Direcci\u00f3n General de Gesti\u00f3n del Medio Natural y Espacios Protegidos. En este sentido, el consejero ha sostenido que \u201cla aplicaci\u00f3n de este Sistema de Gesti\u00f3n Ambiental ha supuesto la unificaci\u00f3n de criterios, as\u00ed como la coordinaci\u00f3n y homogeneizaci\u00f3n de actuaciones en el \u00e1mbito de estos espacios protegidos\u201d.<\/p>\n<p style=\"text-align: justify;\"><strong>Auditorias rotatorias<\/strong><\/p>\n<p style=\"text-align: justify;\">Adem\u00e1s, en esta ocasi\u00f3n se ha apostado tambi\u00e9n por una entidad de certificaci\u00f3n nueva, la DNV GL, por lo que por primera vez se ha evaluado de forma externa la implantaci\u00f3n de nuevos requisitos. Asimismo, para la renovaci\u00f3n de la certificaci\u00f3n se realizan anualmente auditor\u00eda internas a los parques de manera rotatoria. Adem\u00e1s durante este a\u00f1o se han sometido a auditor\u00eda externa los Parques Naturales de Sierra de Hu\u00e9tor, Cazorla, Segura y Las Villas, Sierra de Grazalema, y la Sierra Norte de Sevilla, as\u00ed como a los Servicios Centrales de la Consejer\u00eda.<\/p>\n<p style=\"text-align: justify;\">Fiscal ha recalcado que \u201cse han revisado instalaciones e infraestructuras, las actividades y actuaciones que se desarrollan, o la pol\u00edtica ambiental que se ha venido aplicando, entre otros aspectos, con notables resultados\u201d. \u201cHemos constatado, tambi\u00e9n, con satisfacci\u00f3n la alta implicaci\u00f3n de todo el personal que trabaja en estos espacios, con la \u00f3ptima gesti\u00f3n de los mismos\u201d, ha a\u00f1adido.<\/p>\n","protected":false},"excerpt":{"rendered":"<p>El consejero de Medio Ambiente y Ordenaci\u00f3n del Territorio, Jos\u00e9 Fiscal, ha entregado en Sevilla la renovaci\u00f3n de los certificados&hellip;<\/p>\n","protected":false},"author":2,"featured_media":12215,"comment_status":"open","ping_status":"open","sticky":false,"template":"","format":"standard","meta":{"om_disable_all_campaigns":false,"_mi_skip_tracking":false,"_monsterinsights_sitenote_active":false,"_monsterinsights_sitenote_note":"","_monsterinsights_sitenote_category":0,"footnotes":""},"categories":[22],"tags":[],"aioseo_notices":[],"_links":{"self":[{"href":"https:\/\/granadacostaglobal.es\/index.php?rest_route=\/wp\/v2\/posts\/12214"}],"collection":[{"href":"https:\/\/granadacostaglobal.es\/index.php?rest_route=\/wp\/v2\/posts"}],"about":[{"href":"https:\/\/granadacostaglobal.es\/index.php?rest_route=\/wp\/v2\/types\/post"}],"author":[{"embeddable":true,"href":"https:\/\/granadacostaglobal.es\/index.php?rest_route=\/wp\/v2\/users\/2"}],"replies":[{"embeddable":true,"href":"https:\/\/granadacostaglobal.es\/index.php?rest_route=%2Fwp%2Fv2%2Fcomments&post=12214"}],"version-history":[{"count":0,"href":"https:\/\/granadacostaglobal.es\/index.php?rest_route=\/wp\/v2\/posts\/12214\/revisions"}],"wp:featuredmedia":[{"embeddable":true,"href":"https:\/\/granadacostaglobal.es\/index.php?rest_route=\/"}],"wp:attachment":[{"href":"https:\/\/granadacostaglobal.es\/index.php?rest_route=%2Fwp%2Fv2%2Fmedia&parent=12214"}],"wp:term":[{"taxonomy":"category","embeddable":true,"href":"https:\/\/granadacostaglobal.es\/index.php?rest_route=%2Fwp%2Fv2%2Fcategories&post=12214"},{"taxonomy":"post_tag","embeddable":true,"href":"https:\/\/granadacostaglobal.es\/index.php?rest_route=%2Fwp%2Fv2%2Ftags&post=12214"}],"curies":[{"name":"wp","href":"https:\/\/api.w.org\/{rel}","templated":true}]}}