{"id":12196,"date":"2017-05-18T16:52:31","date_gmt":"2017-05-18T16:52:31","guid":{"rendered":"http:\/\/granadacostanacional.es\/?p=12196"},"modified":"2017-05-18T16:52:31","modified_gmt":"2017-05-18T16:52:31","slug":"el-perdon","status":"publish","type":"post","link":"https:\/\/granadacostaglobal.es\/?p=12196","title":{"rendered":"El Perd\u00f3n"},"content":{"rendered":"<p style=\"text-align: justify;\">\u2013\u00bfSabe usted porque est\u00e1 aqu\u00ed? Pregunt\u00f3 el doctor<\/p>\n<p style=\"text-align: justify;\">\u2013Creen que estoy loco.<\/p>\n<p style=\"text-align: justify;\">\u2013No, no es esa la raz\u00f3n, aqu\u00ed solo tratamos de ayudarle, de hacerle recordar.<\/p>\n<p style=\"text-align: justify;\">\u2013\u00bfRecuerda porque est\u00e1 usted aqu\u00ed?<\/p>\n<p style=\"text-align: justify;\">\u2013Creen que estoy loco.<\/p>\n<p style=\"text-align: justify;\">\u2013Ll\u00e9venlo a su habitaci\u00f3n \u2013dijo el doctor dej\u00e1ndolo por imposible.<\/p>\n<p style=\"text-align: justify;\">Pedro llevaba ya m\u00e1s de un a\u00f1o ingresado en un sanatorio mental. Sufr\u00eda una p\u00e9rdida de memoria postraum\u00e1tica, ni siquiera reten\u00eda los recuerdos del d\u00eda anterior, adem\u00e1s de un comportamiento agresivo que necesitaba una vigilancia constante. En la misma ala del Sanatorio hab\u00eda otro caso notable. Un hombre que hab\u00eda intentado quitarse la vida en muchas ocasiones. Los caminos de ambos hombres se cruzaron en un pasado no muy distante, uno recordaba y el otro no. Por alguna extra\u00f1a raz\u00f3n del destino se encontraban en el mismo lugar.<\/p>\n<p style=\"text-align: justify;\">Juan siempre estaba triste y quer\u00eda quitarse la vida a cada momento. Pedro paseaba vigilado por el jard\u00edn y cada d\u00eda se sentaba junto a Juan en un banco cerca de un estanque de peces, como si un magnetismo poderoso lo atrajese ante \u00e9l constantemente.<\/p>\n<p style=\"text-align: justify;\">\u2013Hola soy Pedro<\/p>\n<p style=\"text-align: justify;\">\u2013Ya lo s\u00e9 \u2013dijo Juan\u2013 nos vemos cada d\u00eda.<\/p>\n<p style=\"text-align: justify;\">\u2013\u00bfAh s\u00ed? \u00bfPorque est\u00e1s aqu\u00ed?<\/p>\n<p style=\"text-align: justify;\">\u2013Ya te lo dije ayer como todos los d\u00edas. Quiero morir y ellos no quieren, solo quieren que siga sufriendo.<\/p>\n<p style=\"text-align: justify;\">\u2013No deber\u00edas quitarte la vida, t\u00fa puedes recordar as\u00ed que debes recordar razones por las que seguir viviendo. Yo sin embargo no s\u00e9 si quiero seguir viviendo porque no recuerdo nada, ni siquiera lo que hice ayer.<\/p>\n<p style=\"text-align: justify;\">\u2013Lo s\u00e9, cada d\u00eda me dices lo mismo. Pero lo dices porque no sabes qui\u00e9n soy.<\/p>\n<p style=\"text-align: justify;\">\u2013\u00bfQui\u00e9n eres?<\/p>\n<p style=\"text-align: justify;\">Los celadores siempre llegaban en ese momento ya que recordaban bien lo que ocurri\u00f3 la primera vez. En aquella ocasi\u00f3n Pedro se abalanz\u00f3 sobre Juan propin\u00e1ndole una gran paliza sin que Juan hiciese nada por defenderse. En las siguientes ocasiones como cada d\u00eda Pedro volv\u00eda a hacer las mismas preguntas y Juan volv\u00eda a responder con las mismas palabras, hasta que llagaba a la pregunta \u00bfQui\u00e9n eres? y entonces de nuevo se llevaban a Pedro que no entend\u00eda nada.<\/p>\n<p style=\"text-align: justify;\">El doctor se presentaba cada d\u00eda como si fuese la primera vez que se ve\u00edan, pero ese d\u00eda not\u00f3 que Pedro quien lo olvidaba todo cada d\u00eda, comenz\u00f3 a retener un solo recuerdo, solo recordaba al hombre que siempre quer\u00eda quitarse la vida. Hablaba de \u00e9l c\u00f3mo lo \u00fanico que pod\u00eda recordar del d\u00eda anterior.<\/p>\n<p style=\"text-align: justify;\">\u2013\u00bfConoces a Juan?<\/p>\n<p style=\"text-align: justify;\">\u2013S\u00ed, es un hombre muy triste, para \u00e9l la vida es una tortura.<\/p>\n<p style=\"text-align: justify;\">Mientras, en el jard\u00edn Juan decidi\u00f3 que si no pod\u00eda quitarse la vida, quiz\u00e1s pod\u00eda provocar que alg\u00fan pobre loco se la quitase mientras los celadores hac\u00edan el relevo. As\u00ed que volvi\u00f3 a intentarlo, escogi\u00f3 al m\u00e1s violento de los pacientes, lo provoc\u00f3 de tal manera que este lo agarr\u00f3 del cuello tratando de asfixiarlo. Pedro lo vio desde la ventana y sali\u00f3 corriendo, le dio un gran empuj\u00f3n al atacante y este lo solt\u00f3.<\/p>\n<p style=\"text-align: justify;\">\u2013\u00bfPorque no dejas de salvarme la vida? \u2013dijo Juan casi sin poder hablar.<\/p>\n<p style=\"text-align: justify;\">Por alguna raz\u00f3n Pedro ya no pod\u00eda olvidar a Juan llegando a sentir lastima por un hombre tan triste. Cada d\u00eda lo buscaba, intentaba protegerlo de s\u00ed mismo y trataba de darle razones para no quitarse la vida. Tanto fue as\u00ed que la \u00faltima raz\u00f3n que le dio fue que \u00e9l era su amigo y le doler\u00eda perderlo. Juan llor\u00f3 cuando le dijo aquello, se levant\u00f3 y se fue.<\/p>\n<p style=\"text-align: justify;\">Cada d\u00eda com\u00eda a su lado en el comedor y el doctor observ\u00f3 que parec\u00eda bueno para \u00e9l, estaba haciendo progresos, de modo que mand\u00f3 que les dejasen seguir con aquella relaci\u00f3n.<\/p>\n<p style=\"text-align: justify;\">\u2013Por favor no vuelvas a intentarlo, te necesito eres lo \u00fanico que recuerdo cada d\u00eda. \u2013dec\u00eda Pedro cogiendo a Juan del brazo.<\/p>\n<p style=\"text-align: justify;\">Juan lo miraba y no pod\u00eda evitar que sus ojos se inundasen en l\u00e1grimas desesperadas.<\/p>\n<p style=\"text-align: justify;\">\u2013 Pedro, yo no puedo ayudarte \u2013le dec\u00eda Juan\u2013, si sigues a mi lado te destrozar\u00e9 la vida y yo no quiero eso para ti, solo quiero morir de una vez.<\/p>\n<p style=\"text-align: justify;\">\u2013Pero, \u00bfQu\u00e9 es lo que te ocurre, para que no quieras vivir?<\/p>\n<p style=\"text-align: justify;\">\u2013T\u00fa lo sabes, pero lo has olvidado.<\/p>\n<p style=\"text-align: justify;\">\u2013Cu\u00e9ntamelo para que pueda ayudarte.<\/p>\n<p style=\"text-align: justify;\">\u2013Ya te lo cont\u00e9 una vez y se te olvid\u00f3. No tiene ning\u00fan sentido y no quiero que me ayudes.<\/p>\n<p style=\"text-align: justify;\">Pasaron los meses y la amistad fue creciendo, Pedro sent\u00eda un gran aprecio por su \u00fanico amigo, puesto que era al \u00fanico que pod\u00eda recordar. La tristeza de Juan no desaparec\u00eda pero ver a Pedro alegre con su progreso, le transmit\u00eda algo parecido a paz sin llegar a serlo, una diminuta sensaci\u00f3n de respiro durante algunos segundos para volverse a hundir en el dolor. Hasta consigui\u00f3 arrancarle una t\u00edmida sonrisa, pero las negras nubes volv\u00edan a su coraz\u00f3n constantemente.<\/p>\n<p style=\"text-align: justify;\">El doctor estaba satisfecho, aunque Pedro todav\u00eda no hab\u00eda recobrado la memoria, al menos su capacidad de recordar las nuevas vivencias cada vez era mayor, hasta el punto de retener todos los nuevos recuerdos. Pero los antiguos todav\u00eda estaban encerrados en alg\u00fan lugar de su mente.<\/p>\n<p style=\"text-align: justify;\">Ya hab\u00eda pasado un a\u00f1o desde que recuperase su capacidad de recordar. Un d\u00eda Pedro estaba decidido a ayudar a su amigo de una vez por todas. Ahora que podr\u00eda recordar lo que le contase, necesitaba hacer que Juan hablara, estaba seguro que aquello le har\u00eda sanar sus heridas y volver a la vida, a desear vivir.<\/p>\n<p style=\"text-align: justify;\">\u2013Juan querido amigo, sabes cu\u00e1nto te aprecio y cuan agradecido estoy porque me hayas ayudado a recobrar la capacidad de recordar.<\/p>\n<p style=\"text-align: justify;\">\u2013Ya s\u00e9 por d\u00f3nde vas. No te contar\u00e9 nada, t\u00fa no lo entiendes y es mejor que siga as\u00ed.<\/p>\n<p style=\"text-align: justify;\">\u2013No lo entiendo, porque no me lo explicas. Hazlo y te entender\u00e9, cr\u00e9eme soy tu amigo.<\/p>\n<p style=\"text-align: justify;\">Juan lo mir\u00f3, se deshizo en l\u00e1grimas y cogi\u00f3 a Pedro de la mano.<\/p>\n<p style=\"text-align: justify;\">\u2013No te voy a contar nada de m\u00ed. \u2013Dijo Juan\u2013 Lo que voy a contarte es sobre ti.<\/p>\n<p style=\"text-align: justify;\">Pedro se qued\u00f3 sorprendido, \u00bfQu\u00e9 sabr\u00eda aquel hombre que hab\u00eda conocido all\u00ed?<\/p>\n<p style=\"text-align: justify;\">\u2013Pedro, tu ten\u00edas una esposa y una hijita, murieron en un accidente y por eso no recuerdas nada, no quieres recordar porque es muy doloroso para ti, y el conductor ebrio que las atropell\u00f3 fui yo. T\u00fa no quieres recordar y yo quiero morir.<\/p>\n<p style=\"text-align: justify;\">Juan le segu\u00eda apretando fuerte la mano y Pedro comenz\u00f3 a ver im\u00e1genes fugaces en su mente. El rubio pelo de su peque\u00f1a, el tono de su voz al llamarle papa, la sonrisa de su esposa. Los ojos se le derret\u00edan en cada recuerdo sin apartar la mirada de los ojos de su amigo, que lloraban sin consuelo alguno.<\/p>\n<p style=\"text-align: justify;\">\u2013M\u00e1tame Pedro \u2013dec\u00eda Juan con la voz ahogada en llanto\u2013, yo no puedo vivir con este dolor y a ti no te culparan, ser\u00e1 enajenaci\u00f3n. No pasa ni un solo d\u00eda que no vea sus rostros.<\/p>\n<p style=\"text-align: justify;\">Los dos hombres lloraban debati\u00e9ndose entre sentimientos contradictorios. Pedro apretaba cada vez m\u00e1s fuerte la mano de Juan. Sent\u00eda las cuchillas del recuerdo rasgarle las entra\u00f1as y un ahogado grito sali\u00f3 de su boca hasta convertirse en un alarido de dolor. Era como si hubiese vomitado mil demonios y entonces apoy\u00f3 la cabeza sobre su amigo llorando desconsoladamente.<\/p>\n<p style=\"text-align: justify;\">Juan, que en el \u00faltimo a\u00f1o hab\u00eda vivido la mayor tortura de su vida, ahora aquello era el infierno de sus tormentos, ver a aquel hombre bueno destrozado por su culpa, el hombre que hab\u00eda impedido que se quitase la vida infinidad de veces, aquel que le hab\u00eda llegado a apreciar como amigo.<\/p>\n<p style=\"text-align: justify;\">\u2013Juan, \u2013dijo Pedro con la voz todav\u00eda temblorosa\u2013, si no te perdono yo tambi\u00e9n morir\u00e9 y eso no es lo que ellas hubiesen querido. Juan\u2026, te perdono.<\/p>\n<p style=\"text-align: justify;\">Los dos hombres lloraron abrazados todo el dolor contenido.<\/p>\n<p style=\"text-align: justify;\">El perd\u00f3n nos da el permiso para seguir viviendo.<\/p>\n<p style=\"text-align: justify;\">\n<p style=\"text-align: right;\"><em><strong>Manuel Salcedo.<\/strong><\/em><\/p>\n","protected":false},"excerpt":{"rendered":"<p>\u2013\u00bfSabe usted porque est\u00e1 aqu\u00ed? Pregunt\u00f3 el doctor \u2013Creen que estoy loco. \u2013No, no es esa la raz\u00f3n, aqu\u00ed solo&hellip;<\/p>\n","protected":false},"author":2,"featured_media":12197,"comment_status":"open","ping_status":"open","sticky":false,"template":"","format":"standard","meta":{"om_disable_all_campaigns":false,"_mi_skip_tracking":false,"_monsterinsights_sitenote_active":false,"_monsterinsights_sitenote_note":"","_monsterinsights_sitenote_category":0,"footnotes":""},"categories":[22],"tags":[],"aioseo_notices":[],"_links":{"self":[{"href":"https:\/\/granadacostaglobal.es\/index.php?rest_route=\/wp\/v2\/posts\/12196"}],"collection":[{"href":"https:\/\/granadacostaglobal.es\/index.php?rest_route=\/wp\/v2\/posts"}],"about":[{"href":"https:\/\/granadacostaglobal.es\/index.php?rest_route=\/wp\/v2\/types\/post"}],"author":[{"embeddable":true,"href":"https:\/\/granadacostaglobal.es\/index.php?rest_route=\/wp\/v2\/users\/2"}],"replies":[{"embeddable":true,"href":"https:\/\/granadacostaglobal.es\/index.php?rest_route=%2Fwp%2Fv2%2Fcomments&post=12196"}],"version-history":[{"count":0,"href":"https:\/\/granadacostaglobal.es\/index.php?rest_route=\/wp\/v2\/posts\/12196\/revisions"}],"wp:featuredmedia":[{"embeddable":true,"href":"https:\/\/granadacostaglobal.es\/index.php?rest_route=\/"}],"wp:attachment":[{"href":"https:\/\/granadacostaglobal.es\/index.php?rest_route=%2Fwp%2Fv2%2Fmedia&parent=12196"}],"wp:term":[{"taxonomy":"category","embeddable":true,"href":"https:\/\/granadacostaglobal.es\/index.php?rest_route=%2Fwp%2Fv2%2Fcategories&post=12196"},{"taxonomy":"post_tag","embeddable":true,"href":"https:\/\/granadacostaglobal.es\/index.php?rest_route=%2Fwp%2Fv2%2Ftags&post=12196"}],"curies":[{"name":"wp","href":"https:\/\/api.w.org\/{rel}","templated":true}]}}