{"id":12192,"date":"2017-05-18T16:49:23","date_gmt":"2017-05-18T16:49:23","guid":{"rendered":"http:\/\/granadacostanacional.es\/?p=12192"},"modified":"2017-05-18T16:49:23","modified_gmt":"2017-05-18T16:49:23","slug":"ramon-llull-doctor-illuminator","status":"publish","type":"post","link":"https:\/\/granadacostaglobal.es\/?p=12192","title":{"rendered":"RAMON LLULL: \u201cDOCTOR  ILLUMINATOR\u201d"},"content":{"rendered":"<p style=\"text-align: justify;\">Nuestro mallorqu\u00edn m\u00e1s universal de todos los tiempos, Ram\u00f3n Llull, naci\u00f3 en Palma en 1232 y muri\u00f3 en T\u00fanez en 1315. Es conocido en castellano por el nombre de Raimundo Lulio, Raimundus o Raymundus Llullus en lat\u00edn, en ingl\u00e9s Raymond Llully y \u00a0en franc\u00e9s Raymon Llulle. Era hijo de Ram\u00f3n Amat Llull y de Isabel d\u2019Erill, miembros de una rica y noble familia de Barcelona. \u00a0Fue fil\u00f3sofo, poeta, m\u00edstico, te\u00f3logo, misionero y fraile franciscano. Ram\u00f3n Llull era llamado Doctor Iluminado, Inspirado o Arabicus Christianus (\u00e1rabe cristiano). Fue una de las figuras m\u00e1s avanzadas en\u00a0 el campo espiritual, teol\u00f3gico y literario de la Edad Media. Seg\u00fan Umberto Ecco, el lugar de nacimiento fue determinante para \u00e9l, pues Mallorca era una \u201cencrucijada\u00a0 en la \u00e9poca de las tres culturas: cristiana, isl\u00e1mica y jud\u00eda\u201d, hasta el punto de que la mayor parte de sus obras, 280 reconocidas, fueron escritas inicialmente en lat\u00edn, \u00e1rabe y provenzal.<\/p>\n<p style=\"text-align: justify;\">\u00a0\u00a0\u00a0\u00a0\u00a0\u00a0\u00a0\u00a0\u00a0\u00a0\u00a0 Antes de casarse ingres\u00f3 en la Corte del rey \u00a0de Arag\u00f3n en calidad de paje del segundo hijo, que luego ser\u00eda Jaime II de Mallorca. Su ascenso fue mete\u00f3rico pues pronto lleg\u00f3 a Mayordomo Real del rey Jaime. Durante estos a\u00f1os en la Corte llev\u00f3 una vida alegre y mundana como cualquier joven de su edad. Vida que contrasta con la transformaci\u00f3n que vendr\u00eda despu\u00e9s.<\/p>\n<p style=\"text-align: justify;\"><strong><u>LA LLAMADA DE DIOS<\/u><\/strong><strong><u>\u00a0\u00a0 <\/u><\/strong><\/p>\n<p style=\"text-align: justify;\">\u00a0\u00a0\u00a0 A sus 30 a\u00f1os sufri\u00f3 un cambio trascendental. \u00c9l mismo describe que tuvo cinco visiones de Cristo crucificado que le causaron profunda inspiraci\u00f3n, hasta el punto que vendi\u00f3 todas sus propiedades y las reparti\u00f3 entre su mujer y sus dos hijos y \u00e9l se fue a una cueva en el monte de Randa (Mallorca) para dedicarse a la meditaci\u00f3n. Despu\u00e9s entr\u00f3 en el monasterio de La Real (Palma) donde los monjes le ense\u00f1aron lat\u00edn, gram\u00e1tica y filosof\u00eda isl\u00e1mica y cat\u00f3lica.\u00a0 En 1274, el Infante Jaime lo llam\u00f3 a su castillo de Montpellier, y aqu\u00ed\u00a0 bajo su mecenazgo\u00a0 escribi\u00f3 \u00a0su obra Ars Demostrativa con la que obtuvo un dinero que invirti\u00f3 en la construcci\u00f3n del monasterio de Miramar, en Dei\u00e0 (Mallorca). El objetivo de este monasterio era adiestrar a misioneros para cristianizar a los \u00e1rabes principalmente, y perseguir a los infieles. Les ense\u00f1aba sobre todo Lenguas Orientales y Teolog\u00eda.<\/p>\n<p style=\"text-align: justify;\">\u00a0\u00a0\u00a0\u00a0\u00a0\u00a0\u00a0\u00a0 Esta combinaci\u00f3n exclusivamente luliana de estudios ling\u00fc\u00edsticos y teol\u00f3gicos para que los misioneros pudieran evangelizar a fieles de otras religiones e idiomas, encant\u00f3 al Papa Petrus Hispanus (Juan XXI), quien felicit\u00f3 p\u00fablicamente \u00a0all\u00e1 por el a\u00f1o 1276.<\/p>\n<p style=\"text-align: justify;\"><strong><u>LABOR MISIONAL<\/u><\/strong><\/p>\n<p style=\"text-align: justify;\">\u00a0\u00a0\u00a0 Era un viajero incansable. Recorri\u00f3 gran parte de Europa, Tierra Santa, Asia Menor y el Magret \u00a0en varias ocasiones. Muchos de estos viajes duraban meses o a\u00f1os, pero era tal su obsesi\u00f3n en convertir a los infieles, musulmanes y jud\u00edos, que no dudaba en predicar en mezquitas y sinagogas. Aunque\u00a0 no siempre era bien recibido, en m\u00e1s de una ocasi\u00f3n, en el Norte de \u00c1frica estuvo a punto de ser lapidado, y otras veces acab\u00f3 mal herido. En uno de los\u00a0 viajes de regreso a Pisa \u00a0el barco naufrag\u00f3 y \u00e9l fue uno de los supervivientes. Volvi\u00f3 a Par\u00eds para seguir con las clases en La Sorbona hasta que pronto organiz\u00f3 una expedici\u00f3n para conquistar Tierra Santa, cuya ruta inclu\u00eda Almer\u00eda, Ceuta, Norte de \u00c1frica, Egipto y finalmente, Jerusalen.<\/p>\n<p style=\"text-align: justify;\">Elabor\u00f3 el <strong><u>PROYECTO REX BELLATOR<\/u><\/strong>\u00a0 ( Quomodo Terra Sancta Recuperari Potest)\u00a0 con el fin de unificar las tres \u00f3rdenes militares bajo un pr\u00edncipe o Rex Bellator\u00a0 con un mando \u00fanico, es decir,la unificaci\u00f3n de templarios, hospitalarios, teut\u00f3nicos y caballeros de las \u00f3rdenes peninsulares.<\/p>\n<p style=\"text-align: justify;\"><strong><u>EL PENSAMIENTO LLULIANO Y SU CONCEPCI\u00d3N ART\u00cdSTICA <\/u><\/strong><\/p>\n<p style=\"text-align: justify;\">Como buen franciscano, te\u00f3logo y fil\u00f3sofo, fue seguidor del pensamiento de Roger Bacon y San buenaventura. Una gran innovaci\u00f3n suya fue el incluir el pensamiento moral caballeresco dentro de la Filosof\u00eda y la Teolog\u00eda de su tiempo. Por ello, tambi\u00e9n se embarc\u00f3 en una cruzada en pro del pensamiento m\u00edstico y caballeresco en contra del racionalismo a ultranza, representado por el pensador cordob\u00e9s Averroes. As\u00ed como tambi\u00e9n era contrario a la opini\u00f3n de Santo Tom\u00e1s de Aquino respecto a la Inmaculada Concepci\u00f3n. Finalmente, la Iglesia Cat\u00f3lica termin\u00f3 por establecer la opini\u00f3n de LLull como dogma.<\/p>\n<p style=\"text-align: justify;\">A ra\u00edz de estos dilemas se dedic\u00f3 a construir una m\u00e1quina l\u00f3gica, de naturaleza mec\u00e1nica, tal que en ella las teor\u00edas, los sujetos y los predicados teol\u00f3gicos estaban organizados en figuras geom\u00e9tricas consideradas perfectas vali\u00e9ndose de c\u00edrculos, cuadrados y tri\u00e1ngulos. Seg\u00fan \u00e9l la m\u00e1quina pod\u00eda probar por s\u00ed misma la verdad o mentira de un postulado sobre la fe cristiana. Bautiz\u00f3 a este instrumento con el nombre de <strong>Ars generalis (\u00daltima Arte General) o Ars Magna (Gran Arte).\u00a0 <\/strong>El ingenio tuvo tanta repercusi\u00f3n que dedic\u00f3 gran parte de su ingente obra a describirlo y explicarlo. En realidad lo que intentaba con aquel artefacto era mostrar la fusi\u00f3n o identificaci\u00f3n de la Teolog\u00eda con la Filosof\u00eda; todo ello orientado a explicar las verdades de ambas ciencias como si fueran una. Era, por lo tanto, el nacimiento de la\u00a0 <strong>TEOSOF\u00cdA.\u00a0 Llull era esencialmente un fil\u00f3sofo m\u00edstico; <\/strong>pues la idea de la m\u00e1quina l\u00f3gica hab\u00eda sido ya propugnada por Leibniz quien rindi\u00f3 homenaje a Llull, al se\u00f1alar que \u201cel viento de \u00e9ste era an\u00e1logo a un <strong><em>\u201cars<\/em><\/strong> <strong><em>combinatoria\u201d<\/em><\/strong> que hubiese sido <strong><em>cosa maravillosa<\/em><\/strong> si los t\u00e9rminos usados para su c\u00e1lculo (bondad, magnitud, duraci\u00f3n, etc) no hubiesen sido tan vagos y\u00a0 sirviesen s\u00f3lo para exponer, pero no para descubrir la verdad\u201d.<\/p>\n<p style=\"text-align: justify;\">\u00a0\u00a0\u00a0\u00a0\u00a0\u00a0\u00a0\u00a0 Llull no materializ\u00f3 su idea en proyectos concretos, en cambio, Pascal aplic\u00f3 el sistema y desarroll\u00f3 una m\u00e1quina de sumar. Las posibilidades para la construcci\u00f3n de estas m\u00e1quinas l\u00f3gicas y dentadas fue posible con el desarrollo de las t\u00e9cnicas mec\u00e1nicas primero y el\u00e9ctricas despu\u00e9s. Relacionadas con \u00e9sta y otras m\u00e1quinas m\u00e1s importantes est\u00e1n las destinadas a resolver problemas del juegos, especialmente el de ajedrez, para el cual el espa\u00f1ol Leonardo Torres Quevedo construy\u00f3 dos modelos entre 1912 y 1920.\u00a0 Sin duda puede considerarse a Llull un visionario de su \u00e9poca, no es dif\u00edcil imaginar que\u00a0 hubiera sido capaz de adelantar conceptos e ideas que deber\u00edan esperar d\u00e9cadas o siglos para desarrollarse. A modo de ejemplo de anticipaci\u00f3n cient\u00edfica, Llull en su <strong><em>Libro de Ascenso y Descenso de la Inteligencia<\/em><\/strong> con respecto al concepto de la\u00a0 gravedad se anticip\u00f3 a Isaac Newton nada menos que 361 a\u00f1os.<\/p>\n<p style=\"text-align: justify;\">Adem\u00e1s de esta important\u00edsima obra \u00a0de Ram\u00f3n Llull voy a mencionar solamente algunas de las m\u00e1s conocidas pues ante la ingente producci\u00f3n literaria \u00a0necesitar\u00edamos muchos art\u00edculos. Cabe destacar las novelas <strong><em>Blanquerna, el Llibre del Amic et Amat y el Llibre de les B\u00e8sties, sobre la Educaci\u00f3n, y el \u00c1rbol de la Ciencia<\/em><\/strong> compuesto por numerosos vol\u00famenes. \u00a0Escribi\u00f3 sobre temas tan variados como: Astronom\u00eda, Gram\u00e1tica, Ret\u00f3rica, de la Orden de Caballer\u00eda, Derecho,\u00a0 Predestinaci\u00f3n y Filosof\u00eda del Amor, entre otros. Tambi\u00e9n se le atribuye <strong>la invenci\u00f3n de la rosa de los vientos y del nocturlabio.<\/strong><\/p>\n<p style=\"text-align: justify;\">\u00a0\u00a0\u00a0\u00a0\u00a0\u00a0\u00a0\u00a0 Ram\u00f3n Llull muri\u00f3 el 29 de junio de 1315 cuando regresaba de T\u00fanez hacia Mallorca; algunos cronistas afirman que fue linchado por una turba de airados musulmanes. Est\u00e1 enterrado en la iglesia del convento de San Francisco de Palma de Mallorca. Fue declarado Beato\u00a0\u00a0 y su fiesta se conmemora el 29 de marzo.<\/p>\n<p style=\"text-align: justify;\">En definitiva, Ram\u00f3n Llull fue un adelantado en su \u00e9poca, no olvidemos que vivi\u00f3 en el siglo XIII.<\/p>\n<p style=\"text-align: justify;\"><strong><u>ESTABLECI\u00d3 SU ESCUELA<\/u><\/strong><\/p>\n<p style=\"text-align: justify;\"><strong><u>\u00a0 <\/u><\/strong>\u00a0\u00a0\u00a0\u00a0 Su saber se difundi\u00f3 por Espa\u00f1a y Europa por sus seguidores\u00a0 -los lulianos- que ense\u00f1aron desde sus c\u00e1tedras en diversas universidades e institutos de Barcelona, Valencia y Mallorca principalmente.<\/p>\n<p>&nbsp;<\/p>\n<p style=\"text-align: right;\">\u00a0\u00a0\u00a0\u00a0\u00a0\u00a0\u00a0\u00a0\u00a0\u00a0\u00a0\u00a0\u00a0<em><strong>\u00a0\u00a0\u00a0\u00a0\u00a0 Aurora Fern\u00e1ndez G\u00f3mez<\/strong><\/em><\/p>\n","protected":false},"excerpt":{"rendered":"<p>Nuestro mallorqu\u00edn m\u00e1s universal de todos los tiempos, Ram\u00f3n Llull, naci\u00f3 en Palma en 1232 y muri\u00f3 en T\u00fanez en&hellip;<\/p>\n","protected":false},"author":2,"featured_media":12194,"comment_status":"open","ping_status":"open","sticky":false,"template":"","format":"standard","meta":{"om_disable_all_campaigns":false,"_mi_skip_tracking":false,"_monsterinsights_sitenote_active":false,"_monsterinsights_sitenote_note":"","_monsterinsights_sitenote_category":0,"footnotes":""},"categories":[22],"tags":[],"aioseo_notices":[],"_links":{"self":[{"href":"https:\/\/granadacostaglobal.es\/index.php?rest_route=\/wp\/v2\/posts\/12192"}],"collection":[{"href":"https:\/\/granadacostaglobal.es\/index.php?rest_route=\/wp\/v2\/posts"}],"about":[{"href":"https:\/\/granadacostaglobal.es\/index.php?rest_route=\/wp\/v2\/types\/post"}],"author":[{"embeddable":true,"href":"https:\/\/granadacostaglobal.es\/index.php?rest_route=\/wp\/v2\/users\/2"}],"replies":[{"embeddable":true,"href":"https:\/\/granadacostaglobal.es\/index.php?rest_route=%2Fwp%2Fv2%2Fcomments&post=12192"}],"version-history":[{"count":0,"href":"https:\/\/granadacostaglobal.es\/index.php?rest_route=\/wp\/v2\/posts\/12192\/revisions"}],"wp:featuredmedia":[{"embeddable":true,"href":"https:\/\/granadacostaglobal.es\/index.php?rest_route=\/"}],"wp:attachment":[{"href":"https:\/\/granadacostaglobal.es\/index.php?rest_route=%2Fwp%2Fv2%2Fmedia&parent=12192"}],"wp:term":[{"taxonomy":"category","embeddable":true,"href":"https:\/\/granadacostaglobal.es\/index.php?rest_route=%2Fwp%2Fv2%2Fcategories&post=12192"},{"taxonomy":"post_tag","embeddable":true,"href":"https:\/\/granadacostaglobal.es\/index.php?rest_route=%2Fwp%2Fv2%2Ftags&post=12192"}],"curies":[{"name":"wp","href":"https:\/\/api.w.org\/{rel}","templated":true}]}}