{"id":12189,"date":"2017-05-18T16:45:36","date_gmt":"2017-05-18T16:45:36","guid":{"rendered":"http:\/\/granadacostanacional.es\/?p=12189"},"modified":"2017-05-18T16:45:36","modified_gmt":"2017-05-18T16:45:36","slug":"jose-antonio-funes-la-costa-de-granada-tiene-un-potencial-unico-pero-existe-un-evidente-deficit-de-infraestructuras-y-equipamientos-que-estan-impidiendo-su-despegue","status":"publish","type":"post","link":"https:\/\/granadacostaglobal.es\/?p=12189","title":{"rendered":"Jos\u00e9 Antonio Funes: \u201cLa Costa de Granada tiene un potencial \u00fanico, pero existe un evidente d\u00e9ficit de infraestructuras y equipamientos que est\u00e1n impidiendo su despegue\u201d"},"content":{"rendered":"<p style=\"text-align: justify;\"><strong>El diputado granadino de Ciudadanos en el Parlamento de Andaluc\u00eda reivindica al consejero un plan estrat\u00e9gico ambicioso para el desarrollo de la Costa Tropical que vaya m\u00e1s all\u00e1 de una mera promoci\u00f3n y difusi\u00f3n de marca.<\/strong><\/p>\n<p style=\"text-align: justify;\">El diputado granadino del grupo de Ciudadanos en el Parlamento de Andaluc\u00eda, Jos\u00e9 Antonio Funes, ha demandado hoy al consejero de Turismo y Deporte la necesidad de ser <strong>\u201cmucho m\u00e1s ambiciosos\u201d<\/strong> en la elaboraci\u00f3n del aut\u00e9ntico plan estrat\u00e9gico de desarrollo de la Costa de Granada reivindicado por su grupo con el objetivo de facilitar el entorno de crecimiento necesario para que la Tropical deje de ser la costa andaluza menos desarrollada y con menores oportunidades de toda la comunidad aut\u00f3noma.<\/p>\n<p style=\"text-align: justify;\"><strong>\u201cLa Costa de Granada tiene un potencial \u00fanico tanto por su ubicaci\u00f3n estrat\u00e9gica como por las posibilidades que ofrece al turista, pero existe un evidente d\u00e9ficit de infraestructuras y equipamientos que est\u00e1n impidiendo su despegue\u201d<\/strong>, ha se\u00f1alado Funes tras la comparecencia del consejero en comisi\u00f3n, donde le ha exigido una propuesta que vaya m\u00e1s all\u00e1 de un mero plan de marketing.<\/p>\n<p style=\"text-align: justify;\"><strong>\u201cLas acciones que necesita la Costa de Granada no son solo a nivel de promoci\u00f3n y para difundir la marca. Si no variamos nuestra oferta, ni combatimos la estacionalidad ni mejoramos las cifras de pernoctaciones tenemos un futuro complicado por delante\u201d<\/strong>, ha se\u00f1alado el parlamentario, quien ha pedido que trabaje el plan junto a todos los agentes implicados y que contemple actuaciones no para el pr\u00f3ximo a\u00f1o, sino en un arco temporal suficiente de al menos diez a\u00f1os que permita dar pasos seguros, serios, equilibrados y asumibles.<\/p>\n<p>&nbsp;<\/p>\n","protected":false},"excerpt":{"rendered":"<p>El diputado granadino de Ciudadanos en el Parlamento de Andaluc\u00eda reivindica al consejero un plan estrat\u00e9gico ambicioso para el desarrollo&hellip;<\/p>\n","protected":false},"author":2,"featured_media":12190,"comment_status":"open","ping_status":"open","sticky":false,"template":"","format":"standard","meta":{"om_disable_all_campaigns":false,"_mi_skip_tracking":false,"_monsterinsights_sitenote_active":false,"_monsterinsights_sitenote_note":"","_monsterinsights_sitenote_category":0,"footnotes":""},"categories":[22],"tags":[],"aioseo_notices":[],"_links":{"self":[{"href":"https:\/\/granadacostaglobal.es\/index.php?rest_route=\/wp\/v2\/posts\/12189"}],"collection":[{"href":"https:\/\/granadacostaglobal.es\/index.php?rest_route=\/wp\/v2\/posts"}],"about":[{"href":"https:\/\/granadacostaglobal.es\/index.php?rest_route=\/wp\/v2\/types\/post"}],"author":[{"embeddable":true,"href":"https:\/\/granadacostaglobal.es\/index.php?rest_route=\/wp\/v2\/users\/2"}],"replies":[{"embeddable":true,"href":"https:\/\/granadacostaglobal.es\/index.php?rest_route=%2Fwp%2Fv2%2Fcomments&post=12189"}],"version-history":[{"count":0,"href":"https:\/\/granadacostaglobal.es\/index.php?rest_route=\/wp\/v2\/posts\/12189\/revisions"}],"wp:featuredmedia":[{"embeddable":true,"href":"https:\/\/granadacostaglobal.es\/index.php?rest_route=\/"}],"wp:attachment":[{"href":"https:\/\/granadacostaglobal.es\/index.php?rest_route=%2Fwp%2Fv2%2Fmedia&parent=12189"}],"wp:term":[{"taxonomy":"category","embeddable":true,"href":"https:\/\/granadacostaglobal.es\/index.php?rest_route=%2Fwp%2Fv2%2Fcategories&post=12189"},{"taxonomy":"post_tag","embeddable":true,"href":"https:\/\/granadacostaglobal.es\/index.php?rest_route=%2Fwp%2Fv2%2Ftags&post=12189"}],"curies":[{"name":"wp","href":"https:\/\/api.w.org\/{rel}","templated":true}]}}