{"id":12186,"date":"2017-05-18T16:43:46","date_gmt":"2017-05-18T16:43:46","guid":{"rendered":"http:\/\/granadacostanacional.es\/?p=12186"},"modified":"2017-05-18T16:43:46","modified_gmt":"2017-05-18T16:43:46","slug":"jose-fiscal-presenta-un-manual-de-consulta-legal-para-profesionales-y-administraciones-que-trabajan-con-el-sector-urbanistico","status":"publish","type":"post","link":"https:\/\/granadacostaglobal.es\/?p=12186","title":{"rendered":"Jos\u00e9 Fiscal presenta un manual de consulta legal para profesionales y administraciones que trabajan con el sector urban\u00edstico"},"content":{"rendered":"<p style=\"text-align: justify;\"><strong>La obra &#8216;El Derecho sobre la Ordenaci\u00f3n Territorial y Urban\u00edstica en Andaluc\u00eda&#8217; ha sido editada por el Instituto Andaluz de Administraci\u00f3n P\u00fablica.<\/strong><\/p>\n<p style=\"text-align: justify;\">El consejero de Medio Ambiente y Ordenaci\u00f3n del Territorio, Jos\u00e9 Fiscal, ha presentado hoy &#8216;El Derecho sobre la Ordenaci\u00f3n Territorial y Urban\u00edstica en Andaluc\u00eda&#8217;, una obra de consulta con la que se pretende ofrecer seguridad jur\u00eddica para el trabajo de todos los agentes y profesionales que intervienen en el desarrollo urban\u00edstico.<\/p>\n<p style=\"text-align: justify;\">La obra, editada en dos vol\u00famenes, ha sido publicada por el Instituto Andaluz de Administraci\u00f3n P\u00fablica con la colaboraci\u00f3n de la Asociaci\u00f3n de Inspectores de Ordenaci\u00f3n del Territorio, Urbanismo y Vivienda y se enmarca en la colecci\u00f3n &#8216;Estudios de Derecho Propio de Andaluc\u00eda&#8217;.<\/p>\n<p style=\"text-align: justify;\">Jos\u00e9 Fiscal ha agradecido a sus autores el intenso trabajo que han desarrollado y que va a repercutir en los profesionales del sector urban\u00edstico.\u00a0 Al mismo tiempo, ha destacado que no se haya tenido que acudir a agentes externos para redactar este manual, ya que sus autores son funcionarios de la Consejer\u00eda de Medio Ambiente y Ordenaci\u00f3n del Territorio; trabajadores cualificados y expertos en disciplina urban\u00edstica.<\/p>\n<p style=\"text-align: justify;\">\u00a0\u00a0\u00a0\u00a0\u00a0\u00a0\u00a0\u00a0\u00a0\u00a0\u00a0 Fiscal se ha mostrado convencido de que la obra ser\u00e1 de utilidad tambi\u00e9n tanto para todas las Administraciones que conforman el territorio andaluz, como para los profesionales de la actividad privada.<\/p>\n<p style=\"text-align: justify;\">\u00a0\u00a0\u00a0\u00a0\u00a0\u00a0\u00a0\u00a0\u00a0\u00a0\u00a0 El titular de Medio Ambiente y Ordenaci\u00f3n del Territorio ha recordado que el urbanismo es una materia viva, en constante evoluci\u00f3n, de ah\u00ed que se hagan\u00a0 imprescindibles manuales de estas caracter\u00edsticas que sean capaces de actualizar y focalizar los principales elementos susceptibles de confusi\u00f3n.<\/p>\n<p style=\"text-align: justify;\">\u00a0\u00a0\u00a0\u00a0\u00a0\u00a0\u00a0\u00a0\u00a0\u00a0\u00a0 La obra dispone de comentarios generales y art\u00edculos doctrinales m\u00e1s recientes relativos a la competencia de la Junta de Andaluc\u00eda en legislar tanto en Urbanismo como Ordenaci\u00f3n del Territorio. Aborda la distribuci\u00f3n constitucional de competencias; art\u00edculos en los que se comentan Sentencias relevantes dictadas por los Tribunales Superiores de Justicia de Andaluc\u00eda o por el propio Tribunal Supremo, as\u00ed como aspectos relacionados con la legitimaci\u00f3n de la Junta de Andaluc\u00eda, el silencio administrativo, el control de la potestad de planeamiento, entre otros.<\/p>\n<p style=\"text-align: justify;\">\u00a0\u00a0\u00a0\u00a0\u00a0\u00a0\u00a0\u00a0\u00a0\u00a0\u00a0 Por \u00faltimo, Jos\u00e9 Fiscal ha destacado que la colaboraci\u00f3n de su Consejer\u00eda con el Poder Judicial es constante y fluida, como se puso de manifiesto hace\u00a0 un mes en las\u00a0 &#8216;VIII Jornadas de Formaci\u00f3n Conjunta de la Red de Fiscales de Medio Ambiente y Urbanismo y la Inspecci\u00f3n de Ordenaci\u00f3n del Territorio y Urbanismo de la Junta de Andaluc\u00eda&#8217;. Esta colaboraci\u00f3n permanente entre fiscales e inspectores tiene como objetivo garantizar el cumplimiento de la legalidad urban\u00edstica y el mantenimiento de la vigencia de un r\u00e9gimen legal del suelo basado en la defensa del inter\u00e9s general.<\/p>\n","protected":false},"excerpt":{"rendered":"<p>La obra &#8216;El Derecho sobre la Ordenaci\u00f3n Territorial y Urban\u00edstica en Andaluc\u00eda&#8217; ha sido editada por el Instituto Andaluz de&hellip;<\/p>\n","protected":false},"author":2,"featured_media":12187,"comment_status":"open","ping_status":"open","sticky":false,"template":"","format":"standard","meta":{"om_disable_all_campaigns":false,"_mi_skip_tracking":false,"_monsterinsights_sitenote_active":false,"_monsterinsights_sitenote_note":"","_monsterinsights_sitenote_category":0,"footnotes":""},"categories":[22],"tags":[],"aioseo_notices":[],"_links":{"self":[{"href":"https:\/\/granadacostaglobal.es\/index.php?rest_route=\/wp\/v2\/posts\/12186"}],"collection":[{"href":"https:\/\/granadacostaglobal.es\/index.php?rest_route=\/wp\/v2\/posts"}],"about":[{"href":"https:\/\/granadacostaglobal.es\/index.php?rest_route=\/wp\/v2\/types\/post"}],"author":[{"embeddable":true,"href":"https:\/\/granadacostaglobal.es\/index.php?rest_route=\/wp\/v2\/users\/2"}],"replies":[{"embeddable":true,"href":"https:\/\/granadacostaglobal.es\/index.php?rest_route=%2Fwp%2Fv2%2Fcomments&post=12186"}],"version-history":[{"count":0,"href":"https:\/\/granadacostaglobal.es\/index.php?rest_route=\/wp\/v2\/posts\/12186\/revisions"}],"wp:featuredmedia":[{"embeddable":true,"href":"https:\/\/granadacostaglobal.es\/index.php?rest_route=\/"}],"wp:attachment":[{"href":"https:\/\/granadacostaglobal.es\/index.php?rest_route=%2Fwp%2Fv2%2Fmedia&parent=12186"}],"wp:term":[{"taxonomy":"category","embeddable":true,"href":"https:\/\/granadacostaglobal.es\/index.php?rest_route=%2Fwp%2Fv2%2Fcategories&post=12186"},{"taxonomy":"post_tag","embeddable":true,"href":"https:\/\/granadacostaglobal.es\/index.php?rest_route=%2Fwp%2Fv2%2Ftags&post=12186"}],"curies":[{"name":"wp","href":"https:\/\/api.w.org\/{rel}","templated":true}]}}