{"id":12182,"date":"2017-05-18T16:40:06","date_gmt":"2017-05-18T16:40:06","guid":{"rendered":"http:\/\/granadacostanacional.es\/?p=12182"},"modified":"2017-05-18T16:40:06","modified_gmt":"2017-05-18T16:40:06","slug":"guadalinfo-y-el-centro-regional-de-transfusion-sanguinea-de-granada-colaboran-en-la-promocion-de-las-donaciones","status":"publish","type":"post","link":"https:\/\/granadacostaglobal.es\/?p=12182","title":{"rendered":"Guadalinfo y el Centro Regional de Transfusi\u00f3n Sangu\u00ednea de Granada, colaboran en la promoci\u00f3n de las donaciones."},"content":{"rendered":"<p style=\"text-align: justify;\"><strong>Los 170 Agentes de Innovaci\u00f3n Local de la provincia reciben formaci\u00f3n para su difusi\u00f3n sobre el sistema de donaci\u00f3n de sangre en Andaluc\u00eda.<\/strong><\/p>\n<p style=\"text-align: justify;\">El Consorcio Fernando de los R\u00edos (CFR) \u00a0y el Centro Regional de Transfusi\u00f3n Sangu\u00ednea en Granada (CRTS), han firmado un acuerdo de colaboraci\u00f3n por el que la Red Guadalinfo en la provincia colaborar\u00e1 en la <strong>promoci\u00f3n, informaci\u00f3n y convocatoria de donaciones <\/strong>en los municipios granadinos de hasta 20.000 habitantes.<\/p>\n<p style=\"text-align: justify;\">El primer paso de esta colaboraci\u00f3n ha sido la <strong>formaci\u00f3n de los m\u00e1s de 170 Agentes de Innovaci\u00f3n Local (AIL)<\/strong> de Guadalinfo en la provincia, quienes durante los d\u00edas 16 y 17 de mayo, han participado en unas jornadas para conocer c\u00f3mo funciona el sistema de donaci\u00f3n de sangre en Andaluc\u00eda y visitar las instalaciones del centro Regional de Transfusiones Sangu\u00edneas en la capital nazar\u00ed. Una jornada que ha dado inicio a esta colaboraci\u00f3n y que ha sido muy bien recibida por los agentes participantes.<\/p>\n<p style=\"text-align: justify;\"><a href=\"http:\/\/granadacostanacional.es\/wp-content\/uploads\/2017\/05\/Colaboraci\u00f3n-CFR-CRTS-1.jpg\"><img decoding=\"async\" loading=\"lazy\" class=\"alignnone  wp-image-12184\" src=\"http:\/\/granadacostanacional.es\/wp-content\/uploads\/2017\/05\/Colaboraci\u00f3n-CFR-CRTS-1-300x169.jpg\" alt=\"Colaboraci\u00f3n CFR-CRTS 1\" width=\"643\" height=\"362\" \/><\/a><\/p>\n<p style=\"text-align: justify;\">A partir de aqu\u00ed, el CRTS se encargar\u00e1 de realizar los contenidos, la informaci\u00f3n y convocatorias de extracciones necesarias, que los centros Guadalinfo re-difundir\u00e1n y promocionar\u00e1n a trav\u00e9s de la red de centros. Adem\u00e1s de informaci\u00f3n sobre las citas para extracciones en los municipios, los centros Guadalinfo har\u00e1n una labor de sensibilizaci\u00f3n ciudadana sobre la necesidad de donar desde los centros territoriales y en red.<\/p>\n","protected":false},"excerpt":{"rendered":"<p>Los 170 Agentes de Innovaci\u00f3n Local de la provincia reciben formaci\u00f3n para su difusi\u00f3n sobre el sistema de donaci\u00f3n de&hellip;<\/p>\n","protected":false},"author":2,"featured_media":12183,"comment_status":"open","ping_status":"open","sticky":false,"template":"","format":"standard","meta":{"om_disable_all_campaigns":false,"_mi_skip_tracking":false,"_monsterinsights_sitenote_active":false,"_monsterinsights_sitenote_note":"","_monsterinsights_sitenote_category":0,"footnotes":""},"categories":[22],"tags":[],"aioseo_notices":[],"_links":{"self":[{"href":"https:\/\/granadacostaglobal.es\/index.php?rest_route=\/wp\/v2\/posts\/12182"}],"collection":[{"href":"https:\/\/granadacostaglobal.es\/index.php?rest_route=\/wp\/v2\/posts"}],"about":[{"href":"https:\/\/granadacostaglobal.es\/index.php?rest_route=\/wp\/v2\/types\/post"}],"author":[{"embeddable":true,"href":"https:\/\/granadacostaglobal.es\/index.php?rest_route=\/wp\/v2\/users\/2"}],"replies":[{"embeddable":true,"href":"https:\/\/granadacostaglobal.es\/index.php?rest_route=%2Fwp%2Fv2%2Fcomments&post=12182"}],"version-history":[{"count":0,"href":"https:\/\/granadacostaglobal.es\/index.php?rest_route=\/wp\/v2\/posts\/12182\/revisions"}],"wp:featuredmedia":[{"embeddable":true,"href":"https:\/\/granadacostaglobal.es\/index.php?rest_route=\/"}],"wp:attachment":[{"href":"https:\/\/granadacostaglobal.es\/index.php?rest_route=%2Fwp%2Fv2%2Fmedia&parent=12182"}],"wp:term":[{"taxonomy":"category","embeddable":true,"href":"https:\/\/granadacostaglobal.es\/index.php?rest_route=%2Fwp%2Fv2%2Fcategories&post=12182"},{"taxonomy":"post_tag","embeddable":true,"href":"https:\/\/granadacostaglobal.es\/index.php?rest_route=%2Fwp%2Fv2%2Ftags&post=12182"}],"curies":[{"name":"wp","href":"https:\/\/api.w.org\/{rel}","templated":true}]}}