{"id":12180,"date":"2017-05-17T14:29:57","date_gmt":"2017-05-17T14:29:57","guid":{"rendered":"http:\/\/granadacostanacional.es\/?p=12180"},"modified":"2017-05-17T14:29:57","modified_gmt":"2017-05-17T14:29:57","slug":"las-oposiciones-al-cuerpo-de-profesores-de-musica-y-artes-escenicas-se-celebraran-el-17-y-18-de-junio","status":"publish","type":"post","link":"https:\/\/granadacostaglobal.es\/?p=12180","title":{"rendered":"Las oposiciones al cuerpo de profesores de M\u00fasica y Artes Esc\u00e9nicas se celebrar\u00e1n el 17 y 18 de junio"},"content":{"rendered":"<h3>La Consejer\u00eda de Educaci\u00f3n apuesta por consolidar las plantillas docentes con 200 plazas en los conservatorios andaluces.<\/h3>\n<p>La consejera de Educaci\u00f3n, Adelaida de la Calle, ha asegurado que la convocatoria de oposiciones correspondiente al 2017 del cuerpo de profesores de M\u00fasica y Artes Esc\u00e9nicas, que se celebrar\u00e1n el pr\u00f3ximo 17 y 18 de junio, d\u00edas de presentaci\u00f3n y de examen respectivamente,\u00a0 tiene como objetivo dotar de estabilidad la plantilla docente de los conservatorios andaluces.<\/p>\n<p>As\u00ed, ha explicado en el Parlamento que la decisi\u00f3n de convocar 200 plazas de este cuerpo responde a un \u201can\u00e1lisis exhaustivo y profundo\u201d del estado actual del sistema educativo y a las exigencias de la Uni\u00f3n Europea que obliga a reducir el \u00edndice de interinidades. \u201cNo ha sido fruto de la improvisaci\u00f3n, ni de la discrecionalidad, ni de un empecinamiento de la administraci\u00f3n educativa\u201d, ha subrayado. Adem\u00e1s, ha a\u00f1adido que esta convocatoria ha sido respaldada por el 82% de los representes sindicales que componen la mesa Sectorial de Educaci\u00f3n a excepci\u00f3n de CCOO<\/p>\n<p>La titular de Educaci\u00f3n ha hecho hincapi\u00e9 en que solo se han convocado 11 de las 60 especialidades de este cuerpo: Flauta Travesera (15), Guitarra (15), Guitarra Flamenca (20), Percusi\u00f3n (10), Piano (70), Saxof\u00f3n (15), Tromb\u00f3n (5), Viola (15), Viol\u00edn (15), Danza Contempor\u00e1nea (5) y Lenguaje Musical (15), que son las que tienen el porcentaje de interinos m\u00e1s elevado. En el\u00a0 caso de Guitarra Flamenca no hay ni un solo funcionario en la plantilla docente, en Danza Contempor\u00e1nea el 70% de la plantilla est\u00e1 integrada por interinos y en la especialidad de percusi\u00f3n el 61,76%.<\/p>\n<p>Sobre la posibilidad de haber aplazado las oposiciones hasta 2018, la consejera ha se\u00f1alado que para solucionar el problema de este cuerpo docente no ser\u00e1n suficientes las 200 plazas de este a\u00f1o, por tanto, el objetivo de la Consejer\u00eda no solo es convocar oposiciones en 2017, \u201csino que se deber\u00edan de convocarse este a\u00f1o, el siguiente, el pr\u00f3ximo, es decir siempre que sea posible y mientras sea necesario para consolidar en los conservatorios una plantilla org\u00e1nica razonable\u201d. Asimismo ha recordado que estas plazas ya estaban contempladas\u00a0 en la oferta de empleo p\u00fablico de 2016.<\/p>\n<p>Durante su intervenci\u00f3n en la comisi\u00f3n de Educaci\u00f3n, la consejera ha dicho que conf\u00eda en que el profesorado andaluz apruebe dada su cualificaci\u00f3n y experiencia.<\/p>\n<p>Respecto al denominado \u201cefecto llamada\u201d, De la Calle ha informado de que hasta el momento se han presentado 2.210 solicitudes para 200 plazas, es decir habr\u00e1 una media de 11 opositores por plaza, \u201cuna proporci\u00f3n bastante razonable y estimulante para los aspirantes\u201d. De total de solicitantes, 1.263 son interinos que ya est\u00e1n trabajando en los conservatorios y, por tanto, al estar en las bolsas tienen la obligaci\u00f3n de presentarse al proceso selectivo. Esto significa que solo 957 son aspirantes que no est\u00e1n en el sistema pero eso no quiere decir que procedan obligatoriamente de otras comunidades.<\/p>\n<p>En este sentido, la consejera ha recordado que el Gobierno andaluz ha apelado por un Pacto de Estado que elimine las limitaciones y permita a todas las comunidades aut\u00f3nomas aprobar ofertas de empleo suficientes y adecuadas a las necesidades de un estado del bienestar.<\/p>\n<p>Por otro lado, la consejera ha se\u00f1alado que el alumnado de conservatorios cuyo profesorado est\u00e1 secundado la huelga ser\u00e1 evaluado con todas las garant\u00edas y atendiendo\u00a0 siempre\u00a0 a los criterios de evaluaci\u00f3n.<\/p>\n","protected":false},"excerpt":{"rendered":"<p>La Consejer\u00eda de Educaci\u00f3n apuesta por consolidar las plantillas docentes con 200 plazas en los conservatorios andaluces. La consejera de&hellip;<\/p>\n","protected":false},"author":2,"featured_media":12014,"comment_status":"open","ping_status":"open","sticky":false,"template":"","format":"standard","meta":{"om_disable_all_campaigns":false,"_mi_skip_tracking":false,"_monsterinsights_sitenote_active":false,"_monsterinsights_sitenote_note":"","_monsterinsights_sitenote_category":0,"footnotes":""},"categories":[22],"tags":[],"aioseo_notices":[],"_links":{"self":[{"href":"https:\/\/granadacostaglobal.es\/index.php?rest_route=\/wp\/v2\/posts\/12180"}],"collection":[{"href":"https:\/\/granadacostaglobal.es\/index.php?rest_route=\/wp\/v2\/posts"}],"about":[{"href":"https:\/\/granadacostaglobal.es\/index.php?rest_route=\/wp\/v2\/types\/post"}],"author":[{"embeddable":true,"href":"https:\/\/granadacostaglobal.es\/index.php?rest_route=\/wp\/v2\/users\/2"}],"replies":[{"embeddable":true,"href":"https:\/\/granadacostaglobal.es\/index.php?rest_route=%2Fwp%2Fv2%2Fcomments&post=12180"}],"version-history":[{"count":0,"href":"https:\/\/granadacostaglobal.es\/index.php?rest_route=\/wp\/v2\/posts\/12180\/revisions"}],"wp:featuredmedia":[{"embeddable":true,"href":"https:\/\/granadacostaglobal.es\/index.php?rest_route=\/"}],"wp:attachment":[{"href":"https:\/\/granadacostaglobal.es\/index.php?rest_route=%2Fwp%2Fv2%2Fmedia&parent=12180"}],"wp:term":[{"taxonomy":"category","embeddable":true,"href":"https:\/\/granadacostaglobal.es\/index.php?rest_route=%2Fwp%2Fv2%2Fcategories&post=12180"},{"taxonomy":"post_tag","embeddable":true,"href":"https:\/\/granadacostaglobal.es\/index.php?rest_route=%2Fwp%2Fv2%2Ftags&post=12180"}],"curies":[{"name":"wp","href":"https:\/\/api.w.org\/{rel}","templated":true}]}}