{"id":12177,"date":"2017-05-17T14:28:06","date_gmt":"2017-05-17T14:28:06","guid":{"rendered":"http:\/\/granadacostanacional.es\/?p=12177"},"modified":"2017-05-17T14:28:06","modified_gmt":"2017-05-17T14:28:06","slug":"la-ley-de-cambio-climatico-de-andalucia-incluira-un-plan-de-accion-sobre-el-clima-y-un-sistema-de-emisiones-registradas","status":"publish","type":"post","link":"https:\/\/granadacostaglobal.es\/?p=12177","title":{"rendered":"La Ley de Cambio Clim\u00e1tico de Andaluc\u00eda incluir\u00e1 un &#8216;Plan de Acci\u00f3n sobre el Clima&#8217; y un &#8216;Sistema de Emisiones Registradas&#8217;"},"content":{"rendered":"<h4 style=\"text-align: justify;\">Fiscal destaca durante los desayunos del F\u00f3rum Europa que Andaluc\u00eda sea la primera regi\u00f3n de Espa\u00f1a en trabajar contra la mayor amenaza del planeta.<\/h4>\n<p style=\"text-align: justify;\">El consejero de Medio ambiente y Ordenaci\u00f3n del Territorio, Jos\u00e9 Fiscal, ha se\u00f1alado hoy en los desayunos del F\u00f3rum Europa Tribuna Andaluc\u00eda que la Ley de Cambio Clim\u00e1tico de Andaluc\u00eda incluir\u00e1 un Plan de Acci\u00f3n sobre el Clima y un Sistema de Emisiones Registradas como instrumentos de servicio para la toma de decisiones.<\/p>\n<p style=\"text-align: justify;\">Fiscal, que ha sido presentado por el consejero de Justicia e Interior, Emilio de Llera, ha indicado que el Plan Andaluz de Acci\u00f3n por el Clima constituye el instrumento general de planificaci\u00f3n y deber\u00e1 ser aprobado por Decreto de Consejo de Gobierno. Este nuevo plan contendr\u00e1 el diagn\u00f3stico, las acciones de mitigaci\u00f3n, adaptaci\u00f3n y comunicaci\u00f3n.<\/p>\n<p style=\"text-align: justify;\">Por otro lado, el Sistema Andaluz de Emisiones Registradas, seg\u00fan el titular de Medio Ambiente, se dirigir\u00e1 tanto al sector p\u00fablico como al privado, y define un r\u00e9gimen obligatorio para actividades de elevado consumo energ\u00e9tico, que obliga a seguir un plan de reducci\u00f3n de emisiones basado en el nivel de referencia de la actividad.<\/p>\n<p style=\"text-align: justify;\">Jos\u00e9 Fiscal se ha mostrado convencido de que la intenci\u00f3n de estos apartados de la Ley es la de formar la excelencia en el desempe\u00f1o de actividades, que deber\u00e1n ser m\u00e1s eficientes, y por tanto, m\u00e1s competitivas. El consejero ha indicado que el texto se encuentra hoy d\u00eda en forma de anteproyecto, y que\u00a0 pr\u00f3ximamente se elevar\u00e1 al Consejo de Gobierno para que se remita como proyecto de Ley al Parlamento andaluz.<\/p>\n<p style=\"text-align: justify;\">Jos\u00e9 Fiscal ha recalcado que con ella se pretende que sea un instrumento de prevenci\u00f3n y correcci\u00f3n de los efectos adversos del cambio clim\u00e1tico sobre el medio ambiente, la econom\u00eda y las personas. Para ello, establece mecanismos de integraci\u00f3n de las pol\u00edticas de cambio clim\u00e1tico en toda la planificaci\u00f3n de competencia de la Junta de Andaluc\u00eda y de los entes locales, y contempla tambi\u00e9n instrumentos dirigidos al sector privado.<\/p>\n<p style=\"text-align: justify;\">Esta Ley proporcionar\u00e1 un marco para la organizaci\u00f3n hacia una econom\u00eda verde competitiva, sostenible y segura. Asimismo, viene a llenar un vac\u00edo legal, al regular aspectos determinantes para el fomento de la econom\u00eda baja en carbono y para la construcci\u00f3n de capacidad de adaptaci\u00f3n al cambio clim\u00e1tico.<\/p>\n<p style=\"text-align: justify;\"><strong>Congreso Internacional Cambio Clim\u00e1tico SOCC Huelva 2017<\/strong><\/p>\n<p style=\"text-align: justify;\">El consejero de Medio Ambiente ha destacado la importancia de que Andaluc\u00eda haya acogido hace unos d\u00edas un Congreso Internacional de Cambio Clim\u00e1tico. Entre las conclusiones del congreso ha destacado que para abordar soluciones se requiere del concurso de distintas disciplinas cient\u00edficas.<\/p>\n<p style=\"text-align: justify;\">A lo largo de sus 26 sesiones, &#8216;SOCC 2017&#8217; se ha acercado al desaf\u00edo que representa el cambio clim\u00e1tico desde la econom\u00eda, la \u00e9tica, la gobernanza, la comunicaci\u00f3n, la psicolog\u00eda, la energ\u00eda, la participaci\u00f3n, las religiones, la gastronom\u00eda, la agricultura, el turismo, el empleo, las tecnolog\u00edas.<\/p>\n","protected":false},"excerpt":{"rendered":"<p>Fiscal destaca durante los desayunos del F\u00f3rum Europa que Andaluc\u00eda sea la primera regi\u00f3n de Espa\u00f1a en trabajar contra la&hellip;<\/p>\n","protected":false},"author":2,"featured_media":12178,"comment_status":"open","ping_status":"open","sticky":false,"template":"","format":"standard","meta":{"om_disable_all_campaigns":false,"_mi_skip_tracking":false,"_monsterinsights_sitenote_active":false,"_monsterinsights_sitenote_note":"","_monsterinsights_sitenote_category":0,"footnotes":""},"categories":[22],"tags":[],"aioseo_notices":[],"_links":{"self":[{"href":"https:\/\/granadacostaglobal.es\/index.php?rest_route=\/wp\/v2\/posts\/12177"}],"collection":[{"href":"https:\/\/granadacostaglobal.es\/index.php?rest_route=\/wp\/v2\/posts"}],"about":[{"href":"https:\/\/granadacostaglobal.es\/index.php?rest_route=\/wp\/v2\/types\/post"}],"author":[{"embeddable":true,"href":"https:\/\/granadacostaglobal.es\/index.php?rest_route=\/wp\/v2\/users\/2"}],"replies":[{"embeddable":true,"href":"https:\/\/granadacostaglobal.es\/index.php?rest_route=%2Fwp%2Fv2%2Fcomments&post=12177"}],"version-history":[{"count":0,"href":"https:\/\/granadacostaglobal.es\/index.php?rest_route=\/wp\/v2\/posts\/12177\/revisions"}],"wp:featuredmedia":[{"embeddable":true,"href":"https:\/\/granadacostaglobal.es\/index.php?rest_route=\/"}],"wp:attachment":[{"href":"https:\/\/granadacostaglobal.es\/index.php?rest_route=%2Fwp%2Fv2%2Fmedia&parent=12177"}],"wp:term":[{"taxonomy":"category","embeddable":true,"href":"https:\/\/granadacostaglobal.es\/index.php?rest_route=%2Fwp%2Fv2%2Fcategories&post=12177"},{"taxonomy":"post_tag","embeddable":true,"href":"https:\/\/granadacostaglobal.es\/index.php?rest_route=%2Fwp%2Fv2%2Ftags&post=12177"}],"curies":[{"name":"wp","href":"https:\/\/api.w.org\/{rel}","templated":true}]}}