{"id":12171,"date":"2017-05-17T14:24:26","date_gmt":"2017-05-17T14:24:26","guid":{"rendered":"http:\/\/granadacostanacional.es\/?p=12171"},"modified":"2017-05-17T14:24:26","modified_gmt":"2017-05-17T14:24:26","slug":"ciudadanos-demanda-soluciones-definitivas-y-urgentes-a-los-problemas-de-tratamiento-de-los-residuos-vegetales-en-la-costa-tropical","status":"publish","type":"post","link":"https:\/\/granadacostaglobal.es\/?p=12171","title":{"rendered":"Ciudadanos demanda soluciones \u201cdefinitivas y urgentes\u201d a los problemas de tratamiento de los residuos vegetales en la Costa Tropical"},"content":{"rendered":"<p style=\"text-align: justify;\"><strong>\u201cNuestra Costa no puede permitirse la proliferaci\u00f3n de todos los vertederos incontrolados que aparecen en ramblas y caminos a la vista de los visitantes y que, adem\u00e1s, conllevan un peligroso riesgo en caso de tormentas e inundaciones\u201d<\/strong>, asegura el diputado Francisco Rodr\u00edguez R\u00edos.<\/p>\n<p style=\"text-align: justify;\">El diputado del grupo de Ciudadanos en la Diputaci\u00f3n Provincial de Granada Francisco Rodr\u00edguez R\u00edos ha demandado a la instituci\u00f3n soluciones <strong>\u201cdefinitivas y urgentes\u201d<\/strong> a los problemas derivados del transporte y tratamiento de los residuos vegetales en la Costa Tropical que permitan <strong>\u201cno solo aminorar las toneladas de desechos que se producen actualmente, sino tambi\u00e9n abaratar los costes del agricultor\u201d<\/strong>. As\u00ed lo ha aseverado Rodr\u00edguez R\u00edos, quien ha avanzado que su grupo llevar\u00e1 al pr\u00f3ximo pleno de la instituci\u00f3n una propuesta para crear una mesa de coordinaci\u00f3n de residuos vegetales de la Costa Tropical integrada por todos los agentes implicados en el proceso, adem\u00e1s de por los agricultores, los ayuntamientos de los municipios implicados y la propia Diputaci\u00f3n Provincial para estudiar las alternativas de tratamiento e instar tambi\u00e9n a la Consejer\u00eda de Medio Ambiente de la Junta de Andaluc\u00eda a la b\u00fasqueda de soluciones.<\/p>\n<p style=\"text-align: justify;\"><strong>\u201cNuestra Costa Tropical es un lugar \u00fanico y especial que aspira a convertirse en un referente tur\u00edstico de calidad y que no puede permitirse la proliferaci\u00f3n de todos los vertederos incontrolados que aparecen en ramblas y caminos a la vista de los visitantes y que, adem\u00e1s, conllevan un peligroso riesgo en caso de tormentas e inundaciones\u201d<\/strong>, ha explicado el diputado, quien ha incidido en especialmente en el da\u00f1o que se produce con los arrastres al fondo marino de la Costa y, con ello, al futuro de la pesca.<\/p>\n<p style=\"text-align: justify;\">Seg\u00fan ha recordado Rodr\u00edguez R\u00edos, la Diputaci\u00f3n Provincial decidi\u00f3 invertir en el a\u00f1o 2007 m\u00e1s de cinco millones de euros para poner remedio a un problema que en este tiempo no ha mejorado. <strong>\u201cLos restos de matas y cultivos de las plantaciones bajo pl\u00e1stico desde Motril a Albu\u00f1ol se siguen acumulando en zonas de acopio ilegales y cunetas o quem\u00e1ndose\u201d<\/strong>, ha resaltado el diputado, quien ha incidido en los altos costes de transporte a los que tienen que hacer frente los peque\u00f1os agricultores, lo que supone que solo un 25% de ellos lleven los residuos a la planta de tratamientos.<\/p>\n<p style=\"text-align: justify;\">Junto a esto, Rodr\u00edguez R\u00edos ha reivindicado la necesidad de poner en marcha campa\u00f1as de sensibilizaci\u00f3n y educaci\u00f3n en materia de <strong>\u201chigiene ambiental rural\u201d <\/strong>para ir cambiando la mentalidad de los agricultores y que puedan tener <strong>\u201cun verdadero futuro en sus productos\u201d<\/strong>.<\/p>\n<p>&nbsp;<\/p>\n","protected":false},"excerpt":{"rendered":"<p>\u201cNuestra Costa no puede permitirse la proliferaci\u00f3n de todos los vertederos incontrolados que aparecen en ramblas y caminos a la&hellip;<\/p>\n","protected":false},"author":2,"featured_media":12172,"comment_status":"open","ping_status":"open","sticky":false,"template":"","format":"standard","meta":{"om_disable_all_campaigns":false,"_mi_skip_tracking":false,"_monsterinsights_sitenote_active":false,"_monsterinsights_sitenote_note":"","_monsterinsights_sitenote_category":0,"footnotes":""},"categories":[22],"tags":[],"aioseo_notices":[],"_links":{"self":[{"href":"https:\/\/granadacostaglobal.es\/index.php?rest_route=\/wp\/v2\/posts\/12171"}],"collection":[{"href":"https:\/\/granadacostaglobal.es\/index.php?rest_route=\/wp\/v2\/posts"}],"about":[{"href":"https:\/\/granadacostaglobal.es\/index.php?rest_route=\/wp\/v2\/types\/post"}],"author":[{"embeddable":true,"href":"https:\/\/granadacostaglobal.es\/index.php?rest_route=\/wp\/v2\/users\/2"}],"replies":[{"embeddable":true,"href":"https:\/\/granadacostaglobal.es\/index.php?rest_route=%2Fwp%2Fv2%2Fcomments&post=12171"}],"version-history":[{"count":0,"href":"https:\/\/granadacostaglobal.es\/index.php?rest_route=\/wp\/v2\/posts\/12171\/revisions"}],"wp:featuredmedia":[{"embeddable":true,"href":"https:\/\/granadacostaglobal.es\/index.php?rest_route=\/"}],"wp:attachment":[{"href":"https:\/\/granadacostaglobal.es\/index.php?rest_route=%2Fwp%2Fv2%2Fmedia&parent=12171"}],"wp:term":[{"taxonomy":"category","embeddable":true,"href":"https:\/\/granadacostaglobal.es\/index.php?rest_route=%2Fwp%2Fv2%2Fcategories&post=12171"},{"taxonomy":"post_tag","embeddable":true,"href":"https:\/\/granadacostaglobal.es\/index.php?rest_route=%2Fwp%2Fv2%2Ftags&post=12171"}],"curies":[{"name":"wp","href":"https:\/\/api.w.org\/{rel}","templated":true}]}}