{"id":12167,"date":"2017-05-17T14:22:31","date_gmt":"2017-05-17T14:22:31","guid":{"rendered":"http:\/\/granadacostanacional.es\/?p=12167"},"modified":"2017-05-17T14:22:31","modified_gmt":"2017-05-17T14:22:31","slug":"el-festival-de-la-medina-de-tunez-celebra-su-35a-edicion","status":"publish","type":"post","link":"https:\/\/granadacostaglobal.es\/?p=12167","title":{"rendered":"EL FESTIVAL DE LA MEDINA DE T\u00daNEZ CELEBRA SU 35\u00aa EDICI\u00d3N"},"content":{"rendered":"<p style=\"text-align: justify;\">El evento tendr\u00e1 lugar del 30 de mayo al 17 de junio en diversos espacios de la capital.<\/p>\n<p style=\"text-align: justify;\">La capital de T\u00fanez acoge del 30 de mayo al 17 de junio el Festival de la Medina de T\u00fanez con un completo programa que tendr\u00e1 lugar en distintos espacios de la ciudad: el Teatro Municipal de T\u00fanez, los palacios de Dar Hussein y Dar Lasram y el Club Tahar Haddad.<\/p>\n<p style=\"text-align: justify;\">Para esta ocasi\u00f3n, la organizaci\u00f3n del festival, formada por el Ayuntamiento y el Ministerio de Asuntos Culturales, reafirma su relevancia como gran acontecimiento del a\u00f1o aumentando el n\u00famero de actividades con respecto a ediciones anteriores.<\/p>\n<p style=\"text-align: justify;\">La apertura del festival, que celebra su 35\u00aa edici\u00f3n, estar\u00e1 a cargo de la cantante tunecina Leyla Hjaiej con su espect\u00e1culo basado en canciones nacionales, mientras que la clausura contar\u00e1 con un recital del grupo tunecino La Rachidia. \u00a0Tambi\u00e9n destacan los conciertos de &#8220;Mademoiselle&#8221; Amina Srarfi y su m\u00fasica franco-\u00e1rabe de la d\u00e9cada de 1920, que tendr\u00e1 lugar el 1 de junio; Salatin El Tarab, quien subir\u00e1 al escenario el 31 de mayo y el 2 de junio; la compa\u00f1\u00eda femenina de m\u00fasica &#8220;Olfa&#8221;, el 11 de junio; y Riadh Sghaier, quien ofrecer\u00e1 un espect\u00e1culo de jazz oriental con su saxof\u00f3n el 13 de junio.\u00a0Asimismo, con el objetivo de dar a conocer a j\u00f3venes talentos tunecinos y apoyar la herencia musical de T\u00fanez, se han incluido las actuaciones de Aymen Lassig, Meherzia Touil y Nour Kamar, entre otros artistas emergentes.\u00a0Como complemento de la faceta musical, el festival ha organizado otras actividades como un desfile de moda sobre la vestimenta tradicional de T\u00fanez, en colaboraci\u00f3n con el Consejo Internacional de Mujeres Empresarias.<\/p>\n<p style=\"text-align: justify;\"><a href=\"http:\/\/granadacostanacional.es\/wp-content\/uploads\/2017\/05\/Cartel_Festival-de-la-Medina-de-T\u00fanez.jpg\"><img decoding=\"async\" loading=\"lazy\" class=\"alignnone  wp-image-12169\" src=\"http:\/\/granadacostanacional.es\/wp-content\/uploads\/2017\/05\/Cartel_Festival-de-la-Medina-de-T\u00fanez-209x300.jpg\" alt=\"Cartel_Festival de la Medina de T\u00fanez\" width=\"486\" height=\"698\" \/><\/a><\/p>\n","protected":false},"excerpt":{"rendered":"<p>El evento tendr\u00e1 lugar del 30 de mayo al 17 de junio en diversos espacios de la capital. La capital&hellip;<\/p>\n","protected":false},"author":2,"featured_media":12168,"comment_status":"open","ping_status":"open","sticky":false,"template":"","format":"standard","meta":{"om_disable_all_campaigns":false,"_mi_skip_tracking":false,"_monsterinsights_sitenote_active":false,"_monsterinsights_sitenote_note":"","_monsterinsights_sitenote_category":0,"footnotes":""},"categories":[22],"tags":[],"aioseo_notices":[],"_links":{"self":[{"href":"https:\/\/granadacostaglobal.es\/index.php?rest_route=\/wp\/v2\/posts\/12167"}],"collection":[{"href":"https:\/\/granadacostaglobal.es\/index.php?rest_route=\/wp\/v2\/posts"}],"about":[{"href":"https:\/\/granadacostaglobal.es\/index.php?rest_route=\/wp\/v2\/types\/post"}],"author":[{"embeddable":true,"href":"https:\/\/granadacostaglobal.es\/index.php?rest_route=\/wp\/v2\/users\/2"}],"replies":[{"embeddable":true,"href":"https:\/\/granadacostaglobal.es\/index.php?rest_route=%2Fwp%2Fv2%2Fcomments&post=12167"}],"version-history":[{"count":0,"href":"https:\/\/granadacostaglobal.es\/index.php?rest_route=\/wp\/v2\/posts\/12167\/revisions"}],"wp:featuredmedia":[{"embeddable":true,"href":"https:\/\/granadacostaglobal.es\/index.php?rest_route=\/"}],"wp:attachment":[{"href":"https:\/\/granadacostaglobal.es\/index.php?rest_route=%2Fwp%2Fv2%2Fmedia&parent=12167"}],"wp:term":[{"taxonomy":"category","embeddable":true,"href":"https:\/\/granadacostaglobal.es\/index.php?rest_route=%2Fwp%2Fv2%2Fcategories&post=12167"},{"taxonomy":"post_tag","embeddable":true,"href":"https:\/\/granadacostaglobal.es\/index.php?rest_route=%2Fwp%2Fv2%2Ftags&post=12167"}],"curies":[{"name":"wp","href":"https:\/\/api.w.org\/{rel}","templated":true}]}}