{"id":12112,"date":"2017-05-15T14:52:33","date_gmt":"2017-05-15T14:52:33","guid":{"rendered":"http:\/\/granadacostanacional.es\/?p=12112"},"modified":"2017-05-15T14:52:33","modified_gmt":"2017-05-15T14:52:33","slug":"pinceladas-sobre-algunos-de-los-ultimos-actos-en-los-que-he-tonado-parte","status":"publish","type":"post","link":"https:\/\/granadacostaglobal.es\/?p=12112","title":{"rendered":"PINCELADAS SOBRE ALGUNOS DE LOS \u00daLTIMOS ACTOS EN LOS QUE HE TOMADO PARTE"},"content":{"rendered":"<p style=\"text-align: justify;\">\u00a0 \u00a0 \u00a0 \u00a0 \u00a0 Tengo una tarde libre. \u00a1Por fin! As\u00ed que me dispongo a dar un peque\u00f1o repaso por algunos de mis \u00faltimos actos en que he tomado parte de unos meses para ac\u00e1, independientemente de los celebrados con Granada Costa. Hasta tengo la web abandonada y he de ponerla al d\u00eda\u2026 cuando disponga de un cuarto de hora de tiempo. Este curso ha sido no parar, pero el caso es que con todos me ocurre lo mismo. Son vivencias que voy acumulando para cuando me haga \u201cmayor\u201d y sirvan como recuerdo de unos a\u00f1os de actividad literaria. Luego, me conformar\u00e9 con repasar mis libros, mirar los diplomas colgados en la pared y ojear \u00e1lbumes de fotos a\u00f1orando viejos tiempos y queridos amigos. Bueno, no adelantemos acontecimientos. De momento voy a consultar mi agenda de trabajo, como los pol\u00edticos, para escribir unas notas sobre mis eventos m\u00e1s importantes de febrero para ac\u00e1 en Valencia.<\/p>\n<p style=\"text-align: justify;\"><strong>Mes de febrero, d\u00eda 18<\/strong><\/p>\n<p style=\"text-align: justify;\">\u00a0\u00a0\u00a0\u00a0\u00a0\u00a0\u00a0\u00a0\u00a0 Presento el libro \u201cSoliloquios del alma\u201d, del socio de Granada Costa y publicado en su editorial, Antonio Prima. Lugar: el Ateneo Mercantil de Valencia, dentro de la Agrupaci\u00f3n Amigos de la Poes\u00eda. Mi presentaci\u00f3n le ha gustado al autor y eso me tranquiliza. Tarde agradable. La endulzo con bombones que les he llevado a todos.<\/p>\n<p style=\"text-align: justify;\"><a href=\"http:\/\/granadacostanacional.es\/wp-content\/uploads\/2017\/05\/52.jpg\"><img decoding=\"async\" loading=\"lazy\" class=\"alignnone wp-image-12114\" src=\"http:\/\/granadacostanacional.es\/wp-content\/uploads\/2017\/05\/52-300x150.jpg\" alt=\"52\" width=\"560\" height=\"280\" \/><\/a><\/p>\n<p style=\"text-align: justify;\">Vamos con el siguiente acto.<\/p>\n<p style=\"text-align: justify;\"><strong>Mes de marzo, d\u00eda 6<\/strong><\/p>\n<p style=\"text-align: justify;\">\u00a0\u00a0\u00a0\u00a0\u00a0\u00a0\u00a0\u00a0\u00a0 Homenaje al gran poeta y escritor, aparte de uno de mis mejores amigos, Juan Jos\u00e9 Igualada, a quien yo llamo \u201cmi chico favorito\u201d. Este se\u00f1or, el Profesor, como le llamamos en la Agrupaci\u00f3n literaria A-Rimando, es un genio de\u2026 95 a\u00f1os, ejemplo a seguir por su vitalidad, alegr\u00eda de vivir, sentido del humor y gran inteligencia. Tiene publicados numerosos libros y recibidos muchos y merecidos homenajes.<\/p>\n<p style=\"text-align: justify;\"><a href=\"http:\/\/granadacostanacional.es\/wp-content\/uploads\/2017\/05\/IMG_0001.jpg\"><img decoding=\"async\" loading=\"lazy\" class=\"alignnone wp-image-12115\" src=\"http:\/\/granadacostanacional.es\/wp-content\/uploads\/2017\/05\/IMG_0001-201x300.jpg\" alt=\"IMG_0001\" width=\"317\" height=\"473\" \/><\/a><\/p>\n<p style=\"text-align: justify;\">\u00a0\u00a0\u00a0\u00a0\u00a0\u00a0\u00a0\u00a0\u00a0 En la foto le estoy entregando un cuadrito con un poema que le escrib\u00ed, dise\u00f1o de Carmina Andr\u00e9s, e incluyo un poema suyo dedicado a m\u00ed, aqu\u00ed con dise\u00f1o suyo, ya que muy artista.<\/p>\n<p style=\"text-align: justify;\"><a href=\"http:\/\/granadacostanacional.es\/wp-content\/uploads\/2017\/05\/2.jpg\"><img decoding=\"async\" loading=\"lazy\" class=\"alignnone wp-image-12116\" src=\"http:\/\/granadacostanacional.es\/wp-content\/uploads\/2017\/05\/2-300x265.jpg\" alt=\"2\" width=\"562\" height=\"496\" \/><\/a><\/p>\n<p style=\"text-align: justify;\"><strong>Mes de marzo, d\u00eda 30<\/strong><\/p>\n<p style=\"text-align: justify;\">\u00a0\u00a0\u00a0\u00a0\u00a0\u00a0\u00a0\u00a0\u00a0 Consulado del Per\u00fa en Valencia, donde fui invitada, junto con otros rapsodas, para recitar versos en homenaje a los poetas peruanos. Fue organizado por la Asociaci\u00f3n Cultural Trazos Iberoamericanos y result\u00f3 un acto de alto nivel. El C\u00f3nsul General nos recibi\u00f3 con gran amabilidad y yo le obsequi\u00e9 con un ejemplar de mi poemario \u201cPoemas del Recuerdo\u201d (en la foto). Al finalizar el recital nos obsequiaron con unas rosas y luego sirvieron un aperitivo y refrescos. Es la segunda vez que me invitan a recitar en este Consulado.<\/p>\n<p style=\"text-align: justify;\"><a href=\"http:\/\/granadacostanacional.es\/wp-content\/uploads\/2017\/05\/IMG-20170331-WA0007.jpg\"><img decoding=\"async\" loading=\"lazy\" class=\"alignnone wp-image-12118\" src=\"http:\/\/granadacostanacional.es\/wp-content\/uploads\/2017\/05\/IMG-20170331-WA0007-211x300.jpg\" alt=\"IMG-20170331-WA0007\" width=\"313\" height=\"445\" \/><\/a><\/p>\n<p style=\"text-align: justify;\"><strong>Mes de abril, d\u00eda 1<\/strong><\/p>\n<p style=\"text-align: justify;\">\u00a0\u00a0\u00a0\u00a0\u00a0\u00a0\u00a0\u00a0\u00a0 Casa de Murcia y Albacete. Recital en el acto \u201cPresentaci\u00f3n y exaltaci\u00f3n de la Semana Santa de Daimiel en Valencia\u201d. Pregonero: D. Tarsicio Gonz\u00e1lez Molina, Presidente de la Asociaci\u00f3n de Daimiele\u00f1os residentes en Valencia.<\/p>\n<p style=\"text-align: justify;\">\u00a0\u00a0\u00a0\u00a0\u00a0\u00a0\u00a0\u00a0\u00a0 Recitamos tres damas \u2013trajes negros como correspond\u00eda a la solemnidad- y dos caballeros. Fuimos obsequiados con ramos de flores, diplomas y un precioso libro de la Semana Santa de Daimiel, declarada de Inter\u00e9s Tur\u00edstico regional. Vino y aperitivos t\u00edpicos de Murcia. Como veis, voy estilo telegrama.<\/p>\n<p style=\"text-align: justify;\"><a href=\"http:\/\/granadacostanacional.es\/wp-content\/uploads\/2017\/05\/IMG-20170402-WA00451.jpg\"><img decoding=\"async\" loading=\"lazy\" class=\"alignnone wp-image-12119\" src=\"http:\/\/granadacostanacional.es\/wp-content\/uploads\/2017\/05\/IMG-20170402-WA00451-300x185.jpg\" alt=\"IMG-20170402-WA0045[1]\" width=\"537\" height=\"331\" \/><\/a><\/p>\n<p style=\"text-align: justify;\"><strong>Mes de abril, d\u00eda 20<\/strong><\/p>\n<p style=\"text-align: justify;\">\u00a0\u00a0\u00a0\u00a0\u00a0\u00a0\u00a0\u00a0\u00a0 Feria del Libro 2017. Pinceladita en un recital conjunto de Amigos de la Poes\u00eda celebrado en los preciosos jardines de Viveros, concretamente, en el interior del Museo de Ciencias Naturales.<\/p>\n<p style=\"text-align: justify;\"><a href=\"http:\/\/granadacostanacional.es\/wp-content\/uploads\/2017\/05\/IMG-20170420-WA0002.jpg\"><img decoding=\"async\" loading=\"lazy\" class=\"alignnone wp-image-12120\" src=\"http:\/\/granadacostanacional.es\/wp-content\/uploads\/2017\/05\/IMG-20170420-WA0002-225x300.jpg\" alt=\"IMG-20170420-WA0002\" width=\"320\" height=\"427\" \/><\/a><\/p>\n<p style=\"text-align: justify;\">\u00a0\u00a0\u00a0\u00a0\u00a0\u00a0\u00a0\u00a0\u00a0 El \u00e1rbol de la foto donde apoyo mi mano\u2026 \u00a1no existe! Es tan s\u00f3lo un mural de papel. Aqu\u00ed no hubo refrescos ni tapitas, s\u00f3lo poes\u00eda.<\/p>\n<p style=\"text-align: justify;\"><strong>Mes de abril, d\u00eda 22<\/strong><\/p>\n<p style=\"text-align: justify;\">\u00a0\u00a0\u00a0\u00a0\u00a0\u00a0\u00a0\u00a0\u00a0 \u201cArte y Cultura Paraguay-Espa\u00f1a 2017\u201d, 6\u00aa edici\u00f3n. Un evento que propicia el intercambio de arte y cultura entre los dos pa\u00edses. Lo organiza todos los a\u00f1os TV LiterNauta en la persona de su presidenta mi gran amiga Luisa Pereira, periodista paraguaya quien me invita todos los a\u00f1os, bien para recitar, a veces unos versitos en guaran\u00ed, o as\u00ed, bien para que le presente alg\u00fan libro a un escritor. Este a\u00f1o me ha tocado present\u00e1rselo a una periodista nicarag\u00fcense, M\u00f3nica Zub Centeno, que ha escrito un interesante libro de investigaci\u00f3n.<\/p>\n<p style=\"text-align: justify;\">\u00a0\u00a0\u00a0\u00a0\u00a0\u00a0\u00a0\u00a0\u00a0 A continuaci\u00f3n tuvimos un complet\u00edsimo programa comenzando por un concierto de arpas paraguayas seguido de <em>dances valencianes<\/em>, danza paraguaya, Grupo de Danzas El Snaddai, Silvia Vargas, cantante internacional, y como broche, la actuaci\u00f3n de la Tuna Cuarentayuna, excelente grupo de muchachos\u2026 jubilados que hicieron las delicias del p\u00fablico asistente con sus canciones de tuna. Se celebr\u00f3 en el Monasterio de San Miguel de los Reyes (siglo XV).<\/p>\n<p style=\"text-align: justify;\"><a href=\"http:\/\/granadacostanacional.es\/wp-content\/uploads\/2017\/05\/18076930_1342645909161086_5335019652995681235_o.jpg\"><img decoding=\"async\" loading=\"lazy\" class=\"alignnone  wp-image-12128\" src=\"http:\/\/granadacostanacional.es\/wp-content\/uploads\/2017\/05\/18076930_1342645909161086_5335019652995681235_o-300x116.jpg\" alt=\"18076930_1342645909161086_5335019652995681235_o\" width=\"970\" height=\"375\" \/><\/a><\/p>\n<p style=\"text-align: justify;\">\u00a0\u00a0\u00a0\u00a0\u00a0\u00a0\u00a0\u00a0\u00a0 En la foto de familia, en el centro: C\u00f3nsul General del Paraguay; C\u00f3nsul del Paraguay en Barcelona; C\u00f3nsul del Paraguay en Valencia y Luisa Pereira. Tambi\u00e9n asisti\u00f3 el C\u00f3nsul General del Per\u00fa, pero no sali\u00f3 en la foto.<\/p>\n<p style=\"text-align: justify;\"><a href=\"http:\/\/granadacostanacional.es\/wp-content\/uploads\/2017\/05\/IMG-20170422-WA0005.jpg\"><img decoding=\"async\" loading=\"lazy\" class=\"alignnone wp-image-12122\" src=\"http:\/\/granadacostanacional.es\/wp-content\/uploads\/2017\/05\/IMG-20170422-WA0005-300x183.jpg\" alt=\"IMG-20170422-WA0005\" width=\"539\" height=\"329\" \/><\/a><\/p>\n<p style=\"text-align: justify;\"><strong>Mes de mayo, d\u00eda 4<\/strong><\/p>\n<p style=\"text-align: justify;\">\u00a0\u00a0\u00a0\u00a0\u00a0\u00a0\u00a0\u00a0\u00a0 Presento el poemario \u201cFrente al ventanal\u201d al poeta y gran amigo, Luis L. Almeida, en el Colegio Oficial de Ingenieros, con la asistencia de los grandes pintores valencianos Pla y Fam\u00f3s, el Soro y alguna autoridad. Fue un acto entra\u00f1able durante el cual se cre\u00f3 un ambiente familiar y distendido, lejos de encorsetadas presentaciones. Las rapsodas, todas damas, estuvieron formidables, acompa\u00f1ado todo el recital con una bonita m\u00fasica ambiental.<\/p>\n<p style=\"text-align: justify;\"><a href=\"http:\/\/granadacostanacional.es\/wp-content\/uploads\/2017\/05\/20170504_190412.jpg\"><img decoding=\"async\" loading=\"lazy\" class=\"alignnone wp-image-12121\" src=\"http:\/\/granadacostanacional.es\/wp-content\/uploads\/2017\/05\/20170504_190412-225x300.jpg\" alt=\"20170504_190412\" width=\"397\" height=\"529\" \/><\/a><\/p>\n<p style=\"text-align: justify;\">\u00a0\u00a0\u00a0\u00a0\u00a0\u00a0\u00a0\u00a0\u00a0 Incluyo una estrofa del poema que me dedic\u00f3 el autor en su libro.<\/p>\n<p style=\"text-align: center;\"><em>Como esa Melilla<\/em><\/p>\n<p style=\"text-align: center;\"><em>que te tuvo nacer,<\/em><\/p>\n<p style=\"text-align: center;\"><em>ahora luces tu arte deslumbrante<\/em><\/p>\n<p style=\"text-align: center;\"><em>en la Valencia marinera,<\/em><\/p>\n<p style=\"text-align: center;\"><em>y desde entonces, el Miguelete,<\/em><\/p>\n<p style=\"text-align: center;\"><em>\u00c1urea\u2026, cercana quiere tenerte.<\/em><\/p>\n<p style=\"text-align: center;\">(Me llama por mi segundo nombre: \u00c1urea)<\/p>\n<p style=\"text-align: justify;\"><strong>Mes de mayo, d\u00eda 10<\/strong><\/p>\n<p style=\"text-align: justify;\">\u00a0\u00a0\u00a0\u00a0\u00a0\u00a0\u00a0\u00a0\u00a0 Invitada a un recital en un Centro de mayores, acto organizado por el rapsoda Miguel Garc\u00eda, del Grupo Acordes. Fue emocionante ver a los ancianos y pensar que un d\u00eda fueron hombres y mujeres plenos de vigor. Yo escog\u00ed una poes\u00eda festiva, me coloqu\u00e9 un mantoncillo y una flor en el pelo y observ\u00e9 que se animaban, as\u00ed como durante la actuaci\u00f3n de la cantante Mari Carmen Castillo, con la cual algunos segu\u00edan la letra de las coplas antiguas que les cant\u00f3.<\/p>\n<p style=\"text-align: justify;\"><a href=\"http:\/\/granadacostanacional.es\/wp-content\/uploads\/2017\/05\/IMG-20170510-WA0005.jpg\"><img decoding=\"async\" loading=\"lazy\" class=\"alignnone wp-image-12123\" src=\"http:\/\/granadacostanacional.es\/wp-content\/uploads\/2017\/05\/IMG-20170510-WA0005-169x300.jpg\" alt=\"IMG-20170510-WA0005\" width=\"274\" height=\"486\" \/><\/a><\/p>\n<p style=\"text-align: justify;\">\u00a0\u00a0\u00a0\u00a0\u00a0\u00a0\u00a0\u00a0\u00a0 Para m\u00ed fue una experiencia grata y una cura de humildad para todos. Luego nos ense\u00f1aron algunas manualidades hechas por ellos, mientras nos serv\u00edan unos aperitivos y refrescos. Pienso que los hicimos felices, aunque s\u00f3lo fuese por un peque\u00f1o espacio de tiempo.<\/p>\n<p style=\"text-align: justify;\">\u00a0\u00a0\u00a0\u00a0\u00a0\u00a0\u00a0\u00a0\u00a0\u00a0 Comenc\u00e9 a escribir con buen sol pero comienzan a invadirme las sombras, as\u00ed que con esta \u00faltima mini rese\u00f1a fin le voy dando a unos cuantos actos en los que he ido tomando parte estos pasados meses.<\/p>\n<p style=\"text-align: justify;\">\u00a0\u00a0\u00a0\u00a0\u00a0\u00a0\u00a0\u00a0\u00a0 \u00bfEl pr\u00f3ximo? Ya lo sabr\u00e9is. S\u00f3lo os dir\u00e9 que es una cita con alguien que todos conoc\u00e9is, admir\u00e1is y se quiere en Granada Costa\u2026<\/p>\n<p style=\"text-align: justify;\"><a href=\"http:\/\/granadacostanacional.es\/wp-content\/uploads\/2017\/05\/20170506_162852.jpg\"><img decoding=\"async\" loading=\"lazy\" class=\"alignnone wp-image-12124\" src=\"http:\/\/granadacostanacional.es\/wp-content\/uploads\/2017\/05\/20170506_162852-300x206.jpg\" alt=\"20170506_162852\" width=\"583\" height=\"400\" \/><\/a><\/p>\n<p style=\"text-align: justify;\">\u00a0\u00a0\u00a0\u00a0\u00a0\u00a0\u00a0\u00a0\u00a0 Termino una foto de la preciosa Cruz de Mayo de la Casa de Melilla en Valencia.<\/p>\n<p style=\"text-align: right;\"><em><strong>Carmen Carrasco Ramos<\/strong><\/em><\/p>\n","protected":false},"excerpt":{"rendered":"<p>\u00a0 \u00a0 \u00a0 \u00a0 \u00a0 Tengo una tarde libre. \u00a1Por fin! As\u00ed que me dispongo a dar un peque\u00f1o repaso&hellip;<\/p>\n","protected":false},"author":2,"featured_media":12113,"comment_status":"open","ping_status":"open","sticky":false,"template":"","format":"standard","meta":{"om_disable_all_campaigns":false,"_mi_skip_tracking":false,"_monsterinsights_sitenote_active":false,"_monsterinsights_sitenote_note":"","_monsterinsights_sitenote_category":0,"footnotes":""},"categories":[21],"tags":[],"aioseo_notices":[],"_links":{"self":[{"href":"https:\/\/granadacostaglobal.es\/index.php?rest_route=\/wp\/v2\/posts\/12112"}],"collection":[{"href":"https:\/\/granadacostaglobal.es\/index.php?rest_route=\/wp\/v2\/posts"}],"about":[{"href":"https:\/\/granadacostaglobal.es\/index.php?rest_route=\/wp\/v2\/types\/post"}],"author":[{"embeddable":true,"href":"https:\/\/granadacostaglobal.es\/index.php?rest_route=\/wp\/v2\/users\/2"}],"replies":[{"embeddable":true,"href":"https:\/\/granadacostaglobal.es\/index.php?rest_route=%2Fwp%2Fv2%2Fcomments&post=12112"}],"version-history":[{"count":0,"href":"https:\/\/granadacostaglobal.es\/index.php?rest_route=\/wp\/v2\/posts\/12112\/revisions"}],"wp:featuredmedia":[{"embeddable":true,"href":"https:\/\/granadacostaglobal.es\/index.php?rest_route=\/"}],"wp:attachment":[{"href":"https:\/\/granadacostaglobal.es\/index.php?rest_route=%2Fwp%2Fv2%2Fmedia&parent=12112"}],"wp:term":[{"taxonomy":"category","embeddable":true,"href":"https:\/\/granadacostaglobal.es\/index.php?rest_route=%2Fwp%2Fv2%2Fcategories&post=12112"},{"taxonomy":"post_tag","embeddable":true,"href":"https:\/\/granadacostaglobal.es\/index.php?rest_route=%2Fwp%2Fv2%2Ftags&post=12112"}],"curies":[{"name":"wp","href":"https:\/\/api.w.org\/{rel}","templated":true}]}}