{"id":12108,"date":"2017-05-15T14:19:30","date_gmt":"2017-05-15T14:19:30","guid":{"rendered":"http:\/\/granadacostanacional.es\/?p=12108"},"modified":"2017-05-15T14:19:30","modified_gmt":"2017-05-15T14:19:30","slug":"distinguidos-con-los-premios-educaciudad-diez-municipios-andaluces-por-difundir-las-buenas-practicas-educativas","status":"publish","type":"post","link":"https:\/\/granadacostaglobal.es\/?p=12108","title":{"rendered":"Distinguidos con los Premios EducaCiudad diez municipios andaluces por difundir las buenas pr\u00e1cticas educativas"},"content":{"rendered":"<h4 style=\"text-align: justify;\"><strong>La consejera Adelaida de la Calle entrega en Sevilla los galardones que reconocen el compromiso con la ense\u00f1anza desde el \u00e1mbito local<\/strong><\/h4>\n<p style=\"text-align: justify;\">La Consejer\u00eda de Educaci\u00f3n ha distinguido a diez municipios andaluces con los Premios EducaCiudad 2015 como reconocimiento a su labor de difusi\u00f3n de las buenas pr\u00e1cticas que desarrollan desde el \u00e1mbito local para mejorar la ense\u00f1anza. En esta quinta edici\u00f3n, las localidades galardonadas por su compromiso con la educaci\u00f3n han sido Rioja y Cuevas de Almanzora, ambas de Almer\u00eda, Chiclana de la Frontera (C\u00e1diz), Dos Torres (C\u00f3rdoba),\u00a0 Chauchina (Granada), J\u00f3dar (Ja\u00e9n), Pizarra (M\u00e1laga) y los municipios sevillanos de Las Cabezas de San Juan, Castilleja de Guzm\u00e1n y Carmona. La\u00a0 consejera Adelaida de la Calle ha presidido el acto de entrega de los premios celebrado en el Museo Casa de la Ciencia de Sevilla.<\/p>\n<p style=\"text-align: justify;\">\u00a0\u00a0\u00a0\u00a0\u00a0\u00a0\u00a0\u00a0\u00a0\u00a0\u00a0 Durante su intervenci\u00f3n, De la Calle ha elogiado a los premiados que ya forman parte del grupo de 47 municipios que \u201cun d\u00eda decidieron que era importante sacar la actividad educativa de las aulas para extenderla a las calles, plazas o parques municipales\u201d.\u00a0 Adem\u00e1s, ha destacado el compromiso de estos municipios para implicar a toda la ciudadan\u00eda a favor de la educaci\u00f3n, la formaci\u00f3n y el aprendizaje como elemento que promueve la igualdad de oportunidades y la inclusi\u00f3n social y la contribuci\u00f3n a la sostenibilidad social, econ\u00f3mica, ambiental y patrimonial de los municipio as\u00ed como el fomento del emprendimiento.<\/p>\n<p style=\"text-align: justify;\">\u00a0\u00a0\u00a0\u00a0\u00a0\u00a0\u00a0\u00a0\u00a0\u00a0\u00a0 El objetivo de estos galardones es reconocer la labor realizada por los municipios durante los \u00faltimos cuatro a\u00f1os en \u00e1mbitos como la prevenci\u00f3n del absentismo escolar, la lucha contra el abandono y el est\u00edmulo de la continuidad en los estudios posobligatorios, as\u00ed como favorecer la formaci\u00f3n a lo largo de toda la vida.<\/p>\n<p style=\"text-align: justify;\">Tambi\u00e9n se valoran los trabajos de coordinaci\u00f3n de los servicios y \u00e1reas municipales para mejorar la educaci\u00f3n, especialmente de colectivos en riesgo de exclusi\u00f3n, y\u00a0 las actuaciones para impulsar la implicaci\u00f3n familiar y ciudadana. Asimismo, se tienen en cuenta la acciones de fomento de la educaci\u00f3n en igualdad, solidaridad, convivencia pac\u00edfica, etc\u00e9tera.<\/p>\n<p style=\"text-align: justify;\">Los municipios galardonados recibir\u00e1n un premio de 8.000 euros, que deber\u00e1n dedicar a la realizaci\u00f3n de proyectos o actuaciones encaminadas a mejorar las pr\u00e1cticas educativas. La distinci\u00f3n concedida se mantendr\u00e1 durante cuatro a\u00f1os, tras los cuales los municipios podr\u00e1n solicitar la continuidad del reconocimiento por otro periodo similar.<\/p>\n<p style=\"text-align: justify;\">El prop\u00f3sito de la Consejer\u00eda de Educaci\u00f3n es que a partir de estos proyectos premiados se abra un mayor proceso de participaci\u00f3n social y que la educaci\u00f3n se asuma como el valor principal para el cambio y el progreso de la ciudad.<\/p>\n","protected":false},"excerpt":{"rendered":"<p>La consejera Adelaida de la Calle entrega en Sevilla los galardones que reconocen el compromiso con la ense\u00f1anza desde el&hellip;<\/p>\n","protected":false},"author":2,"featured_media":12110,"comment_status":"open","ping_status":"open","sticky":false,"template":"","format":"standard","meta":{"om_disable_all_campaigns":false,"_mi_skip_tracking":false,"_monsterinsights_sitenote_active":false,"_monsterinsights_sitenote_note":"","_monsterinsights_sitenote_category":0,"footnotes":""},"categories":[22],"tags":[],"aioseo_notices":[],"_links":{"self":[{"href":"https:\/\/granadacostaglobal.es\/index.php?rest_route=\/wp\/v2\/posts\/12108"}],"collection":[{"href":"https:\/\/granadacostaglobal.es\/index.php?rest_route=\/wp\/v2\/posts"}],"about":[{"href":"https:\/\/granadacostaglobal.es\/index.php?rest_route=\/wp\/v2\/types\/post"}],"author":[{"embeddable":true,"href":"https:\/\/granadacostaglobal.es\/index.php?rest_route=\/wp\/v2\/users\/2"}],"replies":[{"embeddable":true,"href":"https:\/\/granadacostaglobal.es\/index.php?rest_route=%2Fwp%2Fv2%2Fcomments&post=12108"}],"version-history":[{"count":0,"href":"https:\/\/granadacostaglobal.es\/index.php?rest_route=\/wp\/v2\/posts\/12108\/revisions"}],"wp:featuredmedia":[{"embeddable":true,"href":"https:\/\/granadacostaglobal.es\/index.php?rest_route=\/"}],"wp:attachment":[{"href":"https:\/\/granadacostaglobal.es\/index.php?rest_route=%2Fwp%2Fv2%2Fmedia&parent=12108"}],"wp:term":[{"taxonomy":"category","embeddable":true,"href":"https:\/\/granadacostaglobal.es\/index.php?rest_route=%2Fwp%2Fv2%2Fcategories&post=12108"},{"taxonomy":"post_tag","embeddable":true,"href":"https:\/\/granadacostaglobal.es\/index.php?rest_route=%2Fwp%2Fv2%2Ftags&post=12108"}],"curies":[{"name":"wp","href":"https:\/\/api.w.org\/{rel}","templated":true}]}}