{"id":12105,"date":"2017-05-15T14:16:12","date_gmt":"2017-05-15T14:16:12","guid":{"rendered":"http:\/\/granadacostanacional.es\/?p=12105"},"modified":"2017-05-15T14:16:12","modified_gmt":"2017-05-15T14:16:12","slug":"unos-100-000-estudiantes-de-2o-de-primaria-participan-a-partir-de-manana-en-la-prueba-escala","status":"publish","type":"post","link":"https:\/\/granadacostaglobal.es\/?p=12105","title":{"rendered":"Unos 100.000 estudiantes de 2\u00ba de Primaria participan a partir de ma\u00f1ana en la prueba ESCALA"},"content":{"rendered":"<p style=\"text-align: justify;\"><strong>Los ejercicios, que se desarrollar\u00e1n en m\u00e1s de 2.500 centros docentes, evaluar\u00e1n las competencias en Lengua y Matem\u00e1ticas de los escolares\u00a0<\/strong><\/p>\n<p style=\"text-align: justify;\">Unos 100.000 alumnos y alumnas que cursan 2\u00ba de Primaria realizar\u00e1n a partir de ma\u00f1ana, 16 de mayo, la prueba ESCALA para evaluar sus competencias en Lengua y Matem\u00e1ticas. La prueba, organizada por la Consejer\u00eda de Educaci\u00f3n, a trav\u00e9s de la Agencia Andaluza de Evaluaci\u00f3n Educativa, se desarrollar\u00e1 en todos los colegios andaluces que imparten Educaci\u00f3n Primaria, m\u00e1s de 2.500.<\/p>\n<p style=\"text-align: justify;\">\u00a0\u00a0\u00a0\u00a0\u00a0\u00a0\u00a0\u00a0\u00a0\u00a0\u00a0 La evaluaci\u00f3n ESCALA, que este a\u00f1o cumple su s\u00e9ptima edici\u00f3n, permite comprobar los niveles de adquisici\u00f3n alcanzados por el alumnado que finaliza el segundo curso de Educaci\u00f3n Primaria en las competencias clave de Comunicaci\u00f3n ling\u00fc\u00edstica, abarcando la comprensi\u00f3n lectora y la expresi\u00f3n escrita, y Razonamiento matem\u00e1tico. Adem\u00e1s, a trav\u00e9s de los cuestionarios de contexto, se estudiar\u00e1 la relaci\u00f3n de dichos niveles con los factores de car\u00e1cter socioecon\u00f3mico y cultural de cada centro.<\/p>\n<p style=\"text-align: justify;\">\u00a0\u00a0\u00a0\u00a0\u00a0\u00a0\u00a0\u00a0\u00a0\u00a0\u00a0 Todos los escolares de 2\u00ba de Primaria deber\u00e1n completar un cuadernillo que se realizar\u00e1 en dos partes, los d\u00edas 16 y 17 de mayo, en cada una de las primeras sesiones lectivas de la ma\u00f1ana. Adem\u00e1s, se aplicar\u00e1 a una muestra del alumnado del centro una prueba de lectura, que se desarrollar\u00e1 desde que los centros reciben el material hasta el 19 de mayo, dirigida a evaluar la destreza lectora en aspectos como velocidad, exactitud, procesamiento sint\u00e1ctico, comprensi\u00f3n y nivel de identificaci\u00f3n de la idea principal del texto.<\/p>\n<p style=\"text-align: justify;\">\u00a0\u00a0\u00a0\u00a0\u00a0\u00a0\u00a0\u00a0\u00a0\u00a0\u00a0 La prueba, cuyo coste total incluidas la impresi\u00f3n y distribuci\u00f3n es de 51.584 euros, es elaborada por docentes de Educaci\u00f3n Primaria y aplicada y corregida por el propio profesorado de cada centro. De esta manera proporciona una informaci\u00f3n m\u00e1s en el proceso evaluador de su alumnado.<\/p>\n<p style=\"text-align: justify;\">\u00a0\u00a0\u00a0\u00a0\u00a0\u00a0\u00a0\u00a0\u00a0\u00a0\u00a0 La prueba ESCALA permite obtener informaci\u00f3n objetiva y rigurosa sobre las destrezas de escritura, c\u00e1lculo y lectura, que son b\u00e1sicas y se adquieren en los primeros a\u00f1os de escolaridad obligatoria, ya que determinar\u00e1n en buena medida la evoluci\u00f3n escolar del alumnado.<\/p>\n<p style=\"text-align: justify;\">\u00a0\u00a0\u00a0\u00a0\u00a0\u00a0\u00a0\u00a0\u00a0\u00a0\u00a0 En este sentido, un diagn\u00f3stico precoz ofrece la posibilidad de anticipar las medidas correctoras desde el sistema educativo. Por tanto, la prueba ESCALA tiene una doble finalidad. De un lado, ser\u00e1 de car\u00e1cter diagn\u00f3stico al permitir comprobar los niveles de adquisici\u00f3n de competencias, y, de otro, ser\u00e1 de car\u00e1cter formativo y orientador para los centros al aportar informaci\u00f3n que facilite la toma de decisiones sobre la evaluaci\u00f3n del alumnado. Adem\u00e1s, tendr\u00e1 car\u00e1cter informativo para las familias y la comunidad educativa.<\/p>\n<p style=\"text-align: justify;\">\u00a0\u00a0\u00a0\u00a0\u00a0\u00a0\u00a0\u00a0\u00a0\u00a0\u00a0 La realizaci\u00f3n de la prueba ESCALA responde a la implantaci\u00f3n de una cultura de la evaluaci\u00f3n como garant\u00eda de la mejora efectiva de la educaci\u00f3n ya que permite, a la luz de los resultados obtenidos, adoptar decisiones que incidan en el proceso educativo.<\/p>\n<p style=\"text-align: justify;\">\u00a0\u00a0\u00a0\u00a0\u00a0\u00a0\u00a0\u00a0\u00a0\u00a0\u00a0 Del an\u00e1lisis de las seis ediciones de ESCALA celebradas, m\u00e1s del 90% del alumnado demuestra unos niveles competenciales adecuados que le permiten continuar satisfactoriamente su escolarizaci\u00f3n en la Educaci\u00f3n Primaria. Adem\u00e1s, en la prueba individual de lectura, que se realiza a m\u00e1s de 30.000 estudiantes en cada edici\u00f3n, se aprecia que el alumnado posee un buen nivel de destreza y comprensi\u00f3n lectora.<\/p>\n","protected":false},"excerpt":{"rendered":"<p>Los ejercicios, que se desarrollar\u00e1n en m\u00e1s de 2.500 centros docentes, evaluar\u00e1n las competencias en Lengua y Matem\u00e1ticas de los&hellip;<\/p>\n","protected":false},"author":2,"featured_media":12106,"comment_status":"open","ping_status":"open","sticky":false,"template":"","format":"standard","meta":{"om_disable_all_campaigns":false,"_mi_skip_tracking":false,"_monsterinsights_sitenote_active":false,"_monsterinsights_sitenote_note":"","_monsterinsights_sitenote_category":0,"footnotes":""},"categories":[19],"tags":[],"aioseo_notices":[],"_links":{"self":[{"href":"https:\/\/granadacostaglobal.es\/index.php?rest_route=\/wp\/v2\/posts\/12105"}],"collection":[{"href":"https:\/\/granadacostaglobal.es\/index.php?rest_route=\/wp\/v2\/posts"}],"about":[{"href":"https:\/\/granadacostaglobal.es\/index.php?rest_route=\/wp\/v2\/types\/post"}],"author":[{"embeddable":true,"href":"https:\/\/granadacostaglobal.es\/index.php?rest_route=\/wp\/v2\/users\/2"}],"replies":[{"embeddable":true,"href":"https:\/\/granadacostaglobal.es\/index.php?rest_route=%2Fwp%2Fv2%2Fcomments&post=12105"}],"version-history":[{"count":0,"href":"https:\/\/granadacostaglobal.es\/index.php?rest_route=\/wp\/v2\/posts\/12105\/revisions"}],"wp:featuredmedia":[{"embeddable":true,"href":"https:\/\/granadacostaglobal.es\/index.php?rest_route=\/"}],"wp:attachment":[{"href":"https:\/\/granadacostaglobal.es\/index.php?rest_route=%2Fwp%2Fv2%2Fmedia&parent=12105"}],"wp:term":[{"taxonomy":"category","embeddable":true,"href":"https:\/\/granadacostaglobal.es\/index.php?rest_route=%2Fwp%2Fv2%2Fcategories&post=12105"},{"taxonomy":"post_tag","embeddable":true,"href":"https:\/\/granadacostaglobal.es\/index.php?rest_route=%2Fwp%2Fv2%2Ftags&post=12105"}],"curies":[{"name":"wp","href":"https:\/\/api.w.org\/{rel}","templated":true}]}}