{"id":12097,"date":"2017-05-15T14:13:42","date_gmt":"2017-05-15T14:13:42","guid":{"rendered":"http:\/\/granadacostanacional.es\/?p=12097"},"modified":"2017-05-15T14:13:42","modified_gmt":"2017-05-15T14:13:42","slug":"la-junta-mantiene-desplegados-13-medios-aereos-para-la-campana-de-extincion-de-incendios-forestales-2017","status":"publish","type":"post","link":"https:\/\/granadacostaglobal.es\/?p=12097","title":{"rendered":"La Junta mantiene desplegados 13 medios a\u00e9reos para la  campa\u00f1a de extinci\u00f3n de incendios forestales 2017"},"content":{"rendered":"<h4 style=\"text-align: justify;\"><strong>El n\u00famero de aeronaves alcanzar\u00e1 las 39 unidades durante la \u00e9poca de riesgo alto, del 1 de junio al 15 de octubre<\/strong><\/h4>\n<p style=\"text-align: justify;\">La Consejer\u00eda de Medio Ambiente y Ordenaci\u00f3n del Territorio, a trav\u00e9s del dispositivo para la prevenci\u00f3n y extinci\u00f3n de incendios forestales de Andaluc\u00eda, el Plan Infoca, ha desplegado hasta la fecha un total de 13 medios a\u00e9reos de extinci\u00f3n para dar respuesta a las emergencias por incendios forestales que puedan declararse en Andaluc\u00eda. Durante la \u00e9poca de alto riesgo de incendio, del 1 de junio al 15 de octubre, el n\u00famero de aeronaves se elevar\u00e1 a 39.<\/p>\n<p style=\"text-align: justify;\"><a href=\"http:\/\/granadacostanacional.es\/wp-content\/uploads\/2017\/05\/Tango8.jpg\"><img decoding=\"async\" loading=\"lazy\" class=\"wp-image-12099 alignnone\" src=\"http:\/\/granadacostanacional.es\/wp-content\/uploads\/2017\/05\/Tango8-300x169.jpg\" alt=\"Tango8\" width=\"448\" height=\"252\" \/><\/a><\/p>\n<p style=\"text-align: justify;\">Para la campa\u00f1a de extinci\u00f3n de 2017, del 1 de junio al 15 de octubre, el Plan INFOCA contar\u00e1 con un total de 39 medios a\u00e9reos, de los que 33 son contratados directamente por la Junta de Andaluc\u00eda, cinco los aporta el Ministerio de Agricultura y Pesca, Alimentaci\u00f3n y Medio Ambiente, y uno la empresa p\u00fablica Enresa, \u00e9ste \u00faltimo en El Cabril (C\u00f3rdoba). El despliegue se realiza de forma escalonada conforme a la programaci\u00f3n prevista y bajo criterios t\u00e9cnicos basados en las condiciones climatol\u00f3gicas de Andaluc\u00eda.<\/p>\n<p style=\"text-align: justify;\">Las aeronaves posicionadas hasta hoy son diez helic\u00f3pteros de transporte y extinci\u00f3n Bell 412, con 1.200 litros de capacidad de descarga y que pueden helitransportar hasta 14 personas, tres de los cuales est\u00e1n en las bases de las Brigadas de Refuerzo contra Incendios de la Comunidad Aut\u00f3noma de Andaluc\u00eda (Brica) de J\u00e9rez del Marquesado (Granada), C\u00e1rtama (M\u00e1laga) y Madro\u00f1alejo, Aznalc\u00f3llar (Sevilla).<\/p>\n<p style=\"text-align: justify;\">El resto de las m\u00e1quinas se localizan en los Centros de Defensa Forestal (CEDEFO) de Alhama de Almer\u00eda (Almer\u00eda), Alcal\u00e1 de los Gazulez (C\u00e1diz), Valverde del Camino (Huelva), Santa Elena (Ja\u00e9n), Ronda (M\u00e1laga), y El Pedroso (Sevilla), as\u00ed como en el Centro Operativo Provincial (COP) de Los Villares (C\u00f3rdoba).<\/p>\n<p style=\"text-align: justify;\">A estos diez helic\u00f3pteros semipesados hay que sumarles tres pesados, tipo Kamov, ubicados en el CEDEFO de La Resinera (Granada) y la BRICA de Madro\u00f1alejo. La tercera unidad, perteneciente al Ministerio de Alimentaci\u00f3n y Pesca, Agricultura y Medio Ambiente, est\u00e1 en Palma del R\u00edo (C\u00f3rdoba), y forma parte del contingente de apoyo a las comunidades aut\u00f3nomas en la lucha contra los incendios forestales durante el inverno y la primavera. Los helic\u00f3pteros de gran capacidad pueden lanzar 4.500 litros de agua en una sola operaci\u00f3n de descarga.<\/p>\n<p style=\"text-align: justify;\"><a href=\"http:\/\/granadacostanacional.es\/wp-content\/uploads\/2017\/05\/Charlie2.jpg\"><img decoding=\"async\" loading=\"lazy\" class=\"alignnone  wp-image-12100\" src=\"http:\/\/granadacostanacional.es\/wp-content\/uploads\/2017\/05\/Charlie2-300x225.jpg\" alt=\"Charlie2\" width=\"492\" height=\"369\" \/><\/a><\/p>\n<p style=\"text-align: justify;\">Por \u00faltimo, tambi\u00e9n est\u00e1 en servicio un avi\u00f3n de coordinaci\u00f3n y vigilancia emplazado en el aeropuerto de Sevilla. Se trata de un Cessna 337, cuya funci\u00f3n principal es organizar las t\u00e1cticas a\u00e9reas de las aeronaves que participan en los trabajos de extinci\u00f3n, velando por su seguridad. Adem\u00e1s, estos aviones realizan vuelos de reconocimiento y vigilancia del territorio como m\u00e9todo de disuasi\u00f3n de los posibles incendiarios.<\/p>\n<p style=\"text-align: justify;\"><a href=\"http:\/\/granadacostanacional.es\/wp-content\/uploads\/2017\/05\/Delta7.jpg\"><img decoding=\"async\" loading=\"lazy\" class=\"alignnone  wp-image-12101\" src=\"http:\/\/granadacostanacional.es\/wp-content\/uploads\/2017\/05\/Delta7-300x225.jpg\" alt=\"Delta7\" width=\"495\" height=\"371\" \/><\/a><\/p>\n","protected":false},"excerpt":{"rendered":"<p>El n\u00famero de aeronaves alcanzar\u00e1 las 39 unidades durante la \u00e9poca de riesgo alto, del 1 de junio al 15&hellip;<\/p>\n","protected":false},"author":2,"featured_media":12098,"comment_status":"open","ping_status":"open","sticky":false,"template":"","format":"standard","meta":{"om_disable_all_campaigns":false,"_mi_skip_tracking":false,"_monsterinsights_sitenote_active":false,"_monsterinsights_sitenote_note":"","_monsterinsights_sitenote_category":0,"footnotes":""},"categories":[22],"tags":[],"aioseo_notices":[],"_links":{"self":[{"href":"https:\/\/granadacostaglobal.es\/index.php?rest_route=\/wp\/v2\/posts\/12097"}],"collection":[{"href":"https:\/\/granadacostaglobal.es\/index.php?rest_route=\/wp\/v2\/posts"}],"about":[{"href":"https:\/\/granadacostaglobal.es\/index.php?rest_route=\/wp\/v2\/types\/post"}],"author":[{"embeddable":true,"href":"https:\/\/granadacostaglobal.es\/index.php?rest_route=\/wp\/v2\/users\/2"}],"replies":[{"embeddable":true,"href":"https:\/\/granadacostaglobal.es\/index.php?rest_route=%2Fwp%2Fv2%2Fcomments&post=12097"}],"version-history":[{"count":0,"href":"https:\/\/granadacostaglobal.es\/index.php?rest_route=\/wp\/v2\/posts\/12097\/revisions"}],"wp:featuredmedia":[{"embeddable":true,"href":"https:\/\/granadacostaglobal.es\/index.php?rest_route=\/"}],"wp:attachment":[{"href":"https:\/\/granadacostaglobal.es\/index.php?rest_route=%2Fwp%2Fv2%2Fmedia&parent=12097"}],"wp:term":[{"taxonomy":"category","embeddable":true,"href":"https:\/\/granadacostaglobal.es\/index.php?rest_route=%2Fwp%2Fv2%2Fcategories&post=12097"},{"taxonomy":"post_tag","embeddable":true,"href":"https:\/\/granadacostaglobal.es\/index.php?rest_route=%2Fwp%2Fv2%2Ftags&post=12097"}],"curies":[{"name":"wp","href":"https:\/\/api.w.org\/{rel}","templated":true}]}}