{"id":12074,"date":"2017-05-23T09:48:22","date_gmt":"2017-05-23T09:48:22","guid":{"rendered":"http:\/\/granadacostanacional.es\/?p=12074"},"modified":"2017-05-23T09:48:22","modified_gmt":"2017-05-23T09:48:22","slug":"nieva-en-el-mar-trabajo-solidario-en-el-colegio-enrique-ramos-ramos-de-algarrobo-malaga","status":"publish","type":"post","link":"https:\/\/granadacostaglobal.es\/?p=12074","title":{"rendered":"Nieva en el mar. Trabajo solidario en el Colegio Enrique Ramos Ramos de Algarrobo Costa. (M\u00e1laga)"},"content":{"rendered":"<p style=\"text-align: justify;\"><img decoding=\"async\" loading=\"lazy\" class=\"size-medium wp-image-12201 alignleft\" src=\"http:\/\/granadacostanacional.es\/wp-content\/uploads\/2017\/05\/to\u00f1y-200x300.jpg\" alt=\"to\u00f1y\" width=\"200\" height=\"300\" \/>El jueves d\u00eda 11 de mayo fue una ma\u00f1ana especial, un encuentro con la autora To\u00f1y Castillo esperaba a los alumnos del colegio Enrique Ramos Ramos en la localidad malague\u00f1a de Algarrobo Costa,\u00a0\u00a0situado en la comarca de La Axarquia, que se hab\u00edan trabajado \u00a0el \u00a0Proyecto Solidario Granada Costa. Nieva en el Mar.<\/p>\n<p style=\"text-align: justify;\">Al llegar al Colegio Enrique Ramos Ramos\u00a0\u00a0se puede sentir entre sus aulas \u00a0como el proceso de educar envuelve a cada uno de los espacios. Un centro \u00a0donde la implicaci\u00f3n y buen hacer inciden directamente en el proceso de formaci\u00f3n en valores, tan necesarios para la vida.<\/p>\n<p style=\"text-align: justify;\"><img decoding=\"async\" loading=\"lazy\" class=\"size-medium wp-image-12094 alignright\" src=\"http:\/\/granadacostanacional.es\/wp-content\/uploads\/2017\/05\/to\u00f1y-chelo1-300x200.jpg\" alt=\"to\u00f1y chelo1\" width=\"300\" height=\"200\" \/><a href=\"http:\/\/granadacostanacional.es\/wp-content\/uploads\/2017\/05\/clase2.jpg\"><img decoding=\"async\" loading=\"lazy\" class=\" wp-image-12078 alignleft\" src=\"http:\/\/granadacostanacional.es\/wp-content\/uploads\/2017\/05\/clase2-300x200.jpg\" alt=\"clase2\" width=\"314\" height=\"209\" \/><\/a><\/p>\n<p style=\"text-align: justify;\">Al entrar en el centro educativo llama la atenci\u00f3n los \u00a0paneles en pasillos cargados de humanidad y aulas donde los ni\u00f1os crecen en \u00a0responsabilidad \u00a0y com<a href=\"http:\/\/granadacostanacional.es\/wp-content\/uploads\/2017\/05\/clase1.jpg\"><img decoding=\"async\" loading=\"lazy\" class=\"size-medium wp-image-12077 alignright\" src=\"http:\/\/granadacostanacional.es\/wp-content\/uploads\/2017\/05\/clase1-300x200.jpg\" alt=\"clase1\" width=\"300\" height=\"200\" \/><\/a>promiso social. Aulas donde rebosan \u00a0sentimientos y estos \u00a0se unen a los \u00a0nuevos aprendizajes formativos donde ejes motivadores ayudan al conocimiento. Una manera de ense\u00f1ar y ser ense\u00f1ado \u00a0donde la diversidad y equidad se contempla para adquirir dimensi\u00f3n global.<\/p>\n<p style=\"text-align: justify;\">La escuela, los maestros y la comunidad educativa \u00a0hace \u00a0de este entorno, un espacio para la formaci\u00f3n integral, donde valores de concienciaci\u00f3n, sensibilizaci\u00f3n y respeto contribuyen a clases \u00a0cargadas de buenas praxis que garantizan la bases del aprender, instruir y educar a los alumnos, entendida\u00a0\u00a0en sentido amplio,<strong> como una manera de trabajar por parte de esta comunidad \u00a0para \u00a0 dar respuestas al conjunto de ni\u00f1os del centro escolar<\/strong>, <strong>sin exclusi\u00f3n, atendiendo a los alumnos como seres \u00fanicos y potenciando las m\u00e1ximas capacidades que se derivan de las caracter\u00edsticas propias de cada alumno.<\/strong><\/p>\n<p style=\"text-align: justify;\"><a href=\"http:\/\/granadacostanacional.es\/wp-content\/uploads\/2017\/05\/IMG_2411-mas-peque\u00f1a.jpg\"><img decoding=\"async\" loading=\"lazy\" class=\"alignnone size-medium wp-image-12402\" src=\"http:\/\/granadacostanacional.es\/wp-content\/uploads\/2017\/05\/IMG_2411-mas-peque\u00f1a-300x200.jpg\" alt=\"IMG_2411 mas peque\u00f1a\" width=\"300\" height=\"200\" \/><\/a><a href=\"http:\/\/granadacostanacional.es\/wp-content\/uploads\/2017\/05\/grupo3.jpg\"><img decoding=\"async\" loading=\"lazy\" class=\"alignnone size-medium wp-image-12088\" src=\"http:\/\/granadacostanacional.es\/wp-content\/uploads\/2017\/05\/grupo3-300x200.jpg\" alt=\"grupo3\" width=\"300\" height=\"200\" \/><\/a><a href=\"http:\/\/granadacostanacional.es\/wp-content\/uploads\/2017\/05\/grupo2.jpg\"><img decoding=\"async\" loading=\"lazy\" class=\"alignnone size-medium wp-image-12087\" src=\"http:\/\/granadacostanacional.es\/wp-content\/uploads\/2017\/05\/grupo2-300x200.jpg\" alt=\"grupo2\" width=\"300\" height=\"200\" \/><\/a><a href=\"http:\/\/granadacostanacional.es\/wp-content\/uploads\/2017\/05\/grupo5.jpg\"><img decoding=\"async\" loading=\"lazy\" class=\"alignnone size-medium wp-image-12089\" src=\"http:\/\/granadacostanacional.es\/wp-content\/uploads\/2017\/05\/grupo5-300x200.jpg\" alt=\"grupo5\" width=\"300\" height=\"200\" \/><\/a><\/p>\n<p style=\"text-align: justify;\">\u00a0 El motivo de la jornada literaria \u00a0es debida a la \u00a0implicaci\u00f3n del centro educativo en el proyecto del cuento solidario Granada Costa &#8220;Nieva en el Mar &#8221; cuya recaudaci\u00f3n hace posible la interrelaci\u00f3n de las \u00a0Aulas hospitalarias a nivel estatal. La escritora To\u00f1y Castillo \u00a0realiz\u00f3 una sesi\u00f3n sobre literatura adaptada a los diferentes niveles que presenta el centro, donde \u00a0desde los m\u00e1s peque\u00f1os \u00a0a los mayores del colegio realizaron una clase diferente \u00a0sobre el mundo de los libros y el hecho de escribir.<\/p>\n<p style=\"text-align: justify;\"><a href=\"http:\/\/granadacostanacional.es\/wp-content\/uploads\/2017\/05\/grupo7.jpg\"><img decoding=\"async\" loading=\"lazy\" class=\"alignnone size-medium wp-image-12090\" src=\"http:\/\/granadacostanacional.es\/wp-content\/uploads\/2017\/05\/grupo7-300x200.jpg\" alt=\"grupo7\" width=\"300\" height=\"200\" \/><\/a><a href=\"http:\/\/granadacostanacional.es\/wp-content\/uploads\/2017\/05\/clase9.jpg\"><img decoding=\"async\" loading=\"lazy\" class=\"alignnone size-medium wp-image-12082\" src=\"http:\/\/granadacostanacional.es\/wp-content\/uploads\/2017\/05\/clase9-300x200.jpg\" alt=\"clase9\" width=\"300\" height=\"200\" \/><\/a><\/p>\n<p style=\"text-align: justify;\"><a href=\"http:\/\/granadacostanacional.es\/wp-content\/uploads\/2017\/05\/clase8.jpg\"><img decoding=\"async\" loading=\"lazy\" class=\"alignnone size-medium wp-image-12081\" src=\"http:\/\/granadacostanacional.es\/wp-content\/uploads\/2017\/05\/clase8-300x200.jpg\" alt=\"clase8\" width=\"300\" height=\"200\" \/><\/a><a href=\"http:\/\/granadacostanacional.es\/wp-content\/uploads\/2017\/05\/clase4.jpg\"><img decoding=\"async\" loading=\"lazy\" class=\"alignnone size-medium wp-image-12080\" src=\"http:\/\/granadacostanacional.es\/wp-content\/uploads\/2017\/05\/clase4-300x200.jpg\" alt=\"clase4\" width=\"300\" height=\"200\" \/><\/a><\/p>\n<p style=\"text-align: justify;\"><a href=\"http:\/\/granadacostanacional.es\/wp-content\/uploads\/2017\/05\/clase3.jpg\"><img decoding=\"async\" loading=\"lazy\" class=\"alignnone size-medium wp-image-12079\" src=\"http:\/\/granadacostanacional.es\/wp-content\/uploads\/2017\/05\/clase3-300x200.jpg\" alt=\"clase3\" width=\"300\" height=\"200\" \/><\/a><a href=\"http:\/\/granadacostanacional.es\/wp-content\/uploads\/2017\/05\/clase2.jpg\"><img decoding=\"async\" loading=\"lazy\" class=\"alignnone size-medium wp-image-12078\" src=\"http:\/\/granadacostanacional.es\/wp-content\/uploads\/2017\/05\/clase2-300x200.jpg\" alt=\"clase2\" width=\"300\" height=\"200\" \/><\/a><\/p>\n<p style=\"text-align: justify;\"><a href=\"http:\/\/granadacostanacional.es\/wp-content\/uploads\/2017\/05\/IMG_2499-incluir-1.jpg\"><img decoding=\"async\" loading=\"lazy\" class=\"alignnone size-medium wp-image-12404\" src=\"http:\/\/granadacostanacional.es\/wp-content\/uploads\/2017\/05\/IMG_2499-incluir-1-300x200.jpg\" alt=\"IMG_2499 incluir 1\" width=\"300\" height=\"200\" \/><\/a><a href=\"http:\/\/granadacostanacional.es\/wp-content\/uploads\/2017\/05\/IMG_2511incluir2.jpg\"><img decoding=\"async\" loading=\"lazy\" class=\"alignnone size-medium wp-image-12405\" src=\"http:\/\/granadacostanacional.es\/wp-content\/uploads\/2017\/05\/IMG_2511incluir2-300x200.jpg\" alt=\"IMG_2511incluir2\" width=\"300\" height=\"200\" \/><\/a><\/p>\n<p style=\"text-align: justify;\"><a href=\"http:\/\/granadacostanacional.es\/wp-content\/uploads\/2017\/05\/IMG_2452-mas-peque\u00f1a2.jpg\"><img decoding=\"async\" loading=\"lazy\" class=\"alignnone size-medium wp-image-12403\" src=\"http:\/\/granadacostanacional.es\/wp-content\/uploads\/2017\/05\/IMG_2452-mas-peque\u00f1a2-300x200.jpg\" alt=\"IMG_2452 mas peque\u00f1a2\" width=\"300\" height=\"200\" \/><\/a><a href=\"http:\/\/granadacostanacional.es\/wp-content\/uploads\/2017\/05\/IMG_2526-incluir-3.jpg\"><img decoding=\"async\" loading=\"lazy\" class=\"alignnone size-medium wp-image-12406\" src=\"http:\/\/granadacostanacional.es\/wp-content\/uploads\/2017\/05\/IMG_2526-incluir-3-300x200.jpg\" alt=\"IMG_2526 incluir 3\" width=\"300\" height=\"200\" \/><\/a><\/p>\n<p style=\"text-align: justify;\">Los alumnos dieron un ejemplo de participaci\u00f3n e inter\u00e9s, mostr\u00e1ndose receptivos \u00a0y motivados en todo\u00a0momento, se han expuesto una muestra de fotos a modo de ejemplo del saber estar de estos chicos, fruto del trabajo de padres y profesores.<\/p>\n<p style=\"text-align: justify;\">Durante la jornada educativa, preguntas y firma del libro Nieva en el Mar<\/p>\n<p><a href=\"http:\/\/granadacostanacional.es\/wp-content\/uploads\/2017\/05\/portada-nieva-en-el-mar.jpg\"><img decoding=\"async\" loading=\"lazy\" class=\"size-medium wp-image-12276 aligncenter\" src=\"http:\/\/granadacostanacional.es\/wp-content\/uploads\/2017\/05\/portada-nieva-en-el-mar-225x300.jpg\" alt=\"portada nieva en el mar\" width=\"225\" height=\"300\" \/><\/a><\/p>\n<p>Durante el encuentro con la autora recibimos la visita del Alcalde de la localidad de Algarrobo \u00a0el se\u00f1or Alberto P\u00e9rez Gil \u00a0que mantuvo un encuentro con la autora y hablaron sobre los buenos proyectos educativos presentes y futuros en la poblaci\u00f3n.<\/p>\n<p><img decoding=\"async\" loading=\"lazy\" class=\"wp-image-12076 aligncenter\" src=\"http:\/\/granadacostanacional.es\/wp-content\/uploads\/2017\/05\/alcalde-300x200.jpg\" alt=\"alcalde\" width=\"472\" height=\"314\" \/><br \/>\n<a href=\"http:\/\/granadacostanacional.es\/wp-content\/uploads\/2017\/05\/julian2.jpg\"><br \/>\n<\/a><\/p>\n<p>&nbsp;<\/p>\n<p><img decoding=\"async\" loading=\"lazy\" class=\"size-medium wp-image-12093 aligncenter\" src=\"http:\/\/granadacostanacional.es\/wp-content\/uploads\/2017\/05\/julian2-200x300.jpg\" alt=\"julian2\" width=\"200\" height=\"300\" \/><\/p>\n<p>&nbsp;<\/p>\n<p>Se acerc\u00f3 hasta el centro el empresario y escritor Julian D\u00edaz Robledo para saludar a To\u00f1y \u00a0y hacer entrega de su \u00faltimo libro.<\/p>\n<p>&nbsp;<\/p>\n<p><a href=\"http:\/\/granadacostanacional.es\/wp-content\/uploads\/2017\/05\/diploma.jpg\"><img decoding=\"async\" loading=\"lazy\" class=\"size-medium wp-image-12085 aligncenter\" src=\"http:\/\/granadacostanacional.es\/wp-content\/uploads\/2017\/05\/diploma-300x200.jpg\" alt=\"diploma\" width=\"300\" height=\"200\" \/><\/a><\/p>\n<p style=\"text-align: justify;\">Al finalizar la actividad el equipo directivo Sr. Juan Borrego como Director, Chelo Campos como jefa de estudios y Emilio Fern\u00e1ndez como secretario hab\u00edan preparado un diploma \u00a0del paso por el centro a la profesora la Dra To\u00f1y Castillo. La \u00a0actividad \u00a0concluy\u00f3 con unas palabras donde Pepe Segura como Presidente del Proyecto Nacional de Cultura\u00a0Granada costa y\u00a0comunic\u00f3 que el centro recibir\u00eda durante este a\u00f1o el Peri\u00f3dico para sus alumnos.<\/p>\n<p>&nbsp;<\/p>\n<p><a href=\"http:\/\/granadacostanacional.es\/wp-content\/uploads\/2017\/05\/con-pepe1.jpg\"><img decoding=\"async\" loading=\"lazy\" class=\"size-medium wp-image-12083 aligncenter\" src=\"http:\/\/granadacostanacional.es\/wp-content\/uploads\/2017\/05\/con-pepe1-300x200.jpg\" alt=\"con pepe1\" width=\"300\" height=\"200\" \/><\/a><\/p>\n<p>&nbsp;<\/p>\n<p>&nbsp;<\/p>\n","protected":false},"excerpt":{"rendered":"<p>El jueves d\u00eda 11 de mayo fue una ma\u00f1ana especial, un encuentro con la autora To\u00f1y Castillo esperaba a los&hellip;<\/p>\n","protected":false},"author":4,"featured_media":12314,"comment_status":"open","ping_status":"open","sticky":false,"template":"","format":"standard","meta":{"om_disable_all_campaigns":false,"_mi_skip_tracking":false,"_monsterinsights_sitenote_active":false,"_monsterinsights_sitenote_note":"","_monsterinsights_sitenote_category":0,"footnotes":""},"categories":[25,21,22,19,30],"tags":[],"aioseo_notices":[],"_links":{"self":[{"href":"https:\/\/granadacostaglobal.es\/index.php?rest_route=\/wp\/v2\/posts\/12074"}],"collection":[{"href":"https:\/\/granadacostaglobal.es\/index.php?rest_route=\/wp\/v2\/posts"}],"about":[{"href":"https:\/\/granadacostaglobal.es\/index.php?rest_route=\/wp\/v2\/types\/post"}],"author":[{"embeddable":true,"href":"https:\/\/granadacostaglobal.es\/index.php?rest_route=\/wp\/v2\/users\/4"}],"replies":[{"embeddable":true,"href":"https:\/\/granadacostaglobal.es\/index.php?rest_route=%2Fwp%2Fv2%2Fcomments&post=12074"}],"version-history":[{"count":0,"href":"https:\/\/granadacostaglobal.es\/index.php?rest_route=\/wp\/v2\/posts\/12074\/revisions"}],"wp:featuredmedia":[{"embeddable":true,"href":"https:\/\/granadacostaglobal.es\/index.php?rest_route=\/"}],"wp:attachment":[{"href":"https:\/\/granadacostaglobal.es\/index.php?rest_route=%2Fwp%2Fv2%2Fmedia&parent=12074"}],"wp:term":[{"taxonomy":"category","embeddable":true,"href":"https:\/\/granadacostaglobal.es\/index.php?rest_route=%2Fwp%2Fv2%2Fcategories&post=12074"},{"taxonomy":"post_tag","embeddable":true,"href":"https:\/\/granadacostaglobal.es\/index.php?rest_route=%2Fwp%2Fv2%2Ftags&post=12074"}],"curies":[{"name":"wp","href":"https:\/\/api.w.org\/{rel}","templated":true}]}}