{"id":12070,"date":"2017-05-12T16:55:41","date_gmt":"2017-05-12T16:55:41","guid":{"rendered":"http:\/\/granadacostanacional.es\/?p=12070"},"modified":"2017-05-12T16:55:41","modified_gmt":"2017-05-12T16:55:41","slug":"una-tarde-entre-alta-costura","status":"publish","type":"post","link":"https:\/\/granadacostaglobal.es\/?p=12070","title":{"rendered":"UNA TARDE ENTRE ALTA COSTURA"},"content":{"rendered":"<p style=\"text-align: justify;\">Mi amigo Paco Jimenez me invito, y encantada acepte. A su vez\u00a0 Paco\u00a0 fue invitado por la cantante Marian Conde. Que vino desde Madrid al homenaje que se le hacia a un gran modisto.<\/p>\n<p style=\"text-align: justify;\">La tarde del s\u00e1bado 6 de Mayo de 2017 se inauguraba\u00a0 la exposici\u00f3n del modisto, Nacionalmente reconocido. Manu Sanchez nacido en el pueblo de Puente GENIL (C\u00f3rdoba)<\/p>\n<p style=\"text-align: justify;\">Este acontecimiento se celebraba en la casa de la cultura de dicho pueblo. Manu Sanchez\u00a0 dejo su pueblo a la temprana edad de 17 a\u00f1os, y marcho a Madrid con las ideas muy claras y el conocimiento en la costura aun por desarrollar. Se cri\u00f3 desde peque\u00f1o con su madre y su\u00a0 tia Modistas del pueblo.<\/p>\n<p style=\"text-align: justify;\">Este modisto muy joven\u00a0 pues aun no tiene los 40 a\u00f1os a alcanzado por su buen hacer y gran profesionalidad una bien merecida fama entre artista de la canci\u00f3n, televisi\u00f3n y cine, entre ellas destacar\u00eda a Carmen Sevilla\u00a0 Marian Conde y otras muchas que hicieron acto de presencia en tan magnifico evento.<\/p>\n<p style=\"text-align: justify;\">Paco y yo pasamos una tarde !!!tan bonita!! que siempre recordaremos desde que salimos de Granada escuchando musica y charla animada, el buc\u00f3lico paisaje de olivos que ten\u00edamos a nuestro\u00a0 paso y que tanto nos reconfortaba y hacia que valoraramos a un mas aquella tarde.<\/p>\n<p style=\"text-align: justify;\"><a href=\"http:\/\/granadacostanacional.es\/wp-content\/uploads\/2017\/05\/WhatsApp-Image-2017-05-09-at-09.28.00.jpeg\"><img decoding=\"async\" loading=\"lazy\" class=\"alignnone  wp-image-12072\" src=\"http:\/\/granadacostanacional.es\/wp-content\/uploads\/2017\/05\/WhatsApp-Image-2017-05-09-at-09.28.00-300x233.jpeg\" alt=\"WhatsApp Image 2017-05-09 at 09.28.00\" width=\"487\" height=\"378\" \/><\/a><\/p>\n<p style=\"text-align: justify;\">La llegada al pueblo de Puente Genil fue de una gran sorpresa para mi, era la primera vez que lo tenia delante de mis ojos La orografia de este pueblo es muy peculiar por estar enclavado en una monta\u00f1a y el r\u00edo Genil a sus pies.<\/p>\n<p style=\"text-align: justify;\">Calles empinadas y bien pavimentadas con bonitas casa a sus lados, tuvimos que recorrer asta llegar a nuestro destino la casa de la cultura. Gracias a la amabilidad de los vecinos que nos guiaron, sino hubiese sido imposible llegar.<\/p>\n<p style=\"text-align: justify;\">Y como todo lo que cuesta conseguir, tiene su recompensa, la sorpresa fue entrar en el recinto por la alfombra roja y posar en el fotocol de los famosos como dos personalidades el compositor y la cantante que all\u00ed nadie conoc\u00eda y que nos recibieron muy amablemente.<\/p>\n<p style=\"text-align: justify;\">Tarde digna de recordar por lo que implica de cultura,vestidos maravillosos y conocer a gente muy amable y acogedora. Al final de\u00a0 la noche nos agasajaron con un sustancioso \u00e1gape que hizo las delicias de todos. Y que nos despidieramos muy contentos y agradecidos.<\/p>\n<p style=\"text-align: justify;\">Gracias a Paco por tu generosa invitaci\u00f3n que yo acepte sin dudarlo.<\/p>\n<p>&nbsp;<\/p>\n<p>&nbsp;<\/p>\n<p style=\"text-align: right;\"><em><strong>INMA\u00a0 REJ\u00d3N<\/strong><\/em><\/p>\n","protected":false},"excerpt":{"rendered":"<p>Mi amigo Paco Jimenez me invito, y encantada acepte. A su vez\u00a0 Paco\u00a0 fue invitado por la cantante Marian Conde.&hellip;<\/p>\n","protected":false},"author":2,"featured_media":12071,"comment_status":"open","ping_status":"open","sticky":false,"template":"","format":"standard","meta":{"om_disable_all_campaigns":false,"_mi_skip_tracking":false,"_monsterinsights_sitenote_active":false,"_monsterinsights_sitenote_note":"","_monsterinsights_sitenote_category":0,"footnotes":""},"categories":[21],"tags":[],"aioseo_notices":[],"_links":{"self":[{"href":"https:\/\/granadacostaglobal.es\/index.php?rest_route=\/wp\/v2\/posts\/12070"}],"collection":[{"href":"https:\/\/granadacostaglobal.es\/index.php?rest_route=\/wp\/v2\/posts"}],"about":[{"href":"https:\/\/granadacostaglobal.es\/index.php?rest_route=\/wp\/v2\/types\/post"}],"author":[{"embeddable":true,"href":"https:\/\/granadacostaglobal.es\/index.php?rest_route=\/wp\/v2\/users\/2"}],"replies":[{"embeddable":true,"href":"https:\/\/granadacostaglobal.es\/index.php?rest_route=%2Fwp%2Fv2%2Fcomments&post=12070"}],"version-history":[{"count":0,"href":"https:\/\/granadacostaglobal.es\/index.php?rest_route=\/wp\/v2\/posts\/12070\/revisions"}],"wp:featuredmedia":[{"embeddable":true,"href":"https:\/\/granadacostaglobal.es\/index.php?rest_route=\/"}],"wp:attachment":[{"href":"https:\/\/granadacostaglobal.es\/index.php?rest_route=%2Fwp%2Fv2%2Fmedia&parent=12070"}],"wp:term":[{"taxonomy":"category","embeddable":true,"href":"https:\/\/granadacostaglobal.es\/index.php?rest_route=%2Fwp%2Fv2%2Fcategories&post=12070"},{"taxonomy":"post_tag","embeddable":true,"href":"https:\/\/granadacostaglobal.es\/index.php?rest_route=%2Fwp%2Fv2%2Ftags&post=12070"}],"curies":[{"name":"wp","href":"https:\/\/api.w.org\/{rel}","templated":true}]}}