{"id":12062,"date":"2017-05-12T16:53:15","date_gmt":"2017-05-12T16:53:15","guid":{"rendered":"http:\/\/granadacostanacional.es\/?p=12062"},"modified":"2017-05-12T16:53:15","modified_gmt":"2017-05-12T16:53:15","slug":"exito-de-la-representacion-teatral-solidaria-con-avanzax-del-grupo-de-teatro-del-colegio-de-abogados-de-granada","status":"publish","type":"post","link":"https:\/\/granadacostaglobal.es\/?p=12062","title":{"rendered":"\u00c9xito de la representaci\u00f3n teatral solidaria con AVANZAX del grupo de teatro del Colegio de Abogados de Granada"},"content":{"rendered":"<p style=\"text-align: justify;\"><strong>M\u00e1s de 200 personas han apoyado esta iniciativa para dar visibilidad al problema de la alergia alimentaria y conseguir fondos para la asociaci\u00f3n.<\/strong><\/p>\n<p style=\"text-align: justify;\">La presidenta de la Asociaci\u00f3n Andaluza de Alergia a Alimentos AVANZAX, Ana Pacheco, ha valorado la representaci\u00f3n teatral solidaria de la obra \u201920 pulgadas\u2019 que tuvo lugar en la noche del mi\u00e9rcoles 10 de mayo, en el Teatro Isabel La Cat\u00f3lica de Granada, como \u201cun \u00e9xito porque nos ha servido para cumplir dos objetivos: fomentar un mayor conocimiento y concienciaci\u00f3n social sobre las alergias alimentarias en Andaluc\u00eda y conseguir fondos para que nuestra asociaci\u00f3n pueda seguir trabajando por mejorar las condiciones de vida de las personas con alergia a alimentos en \u00e1mbitos como la escolarizaci\u00f3n segura e inclusiva de los ni\u00f1os al\u00e9rgicos, la mejora de la informaci\u00f3n de etiquetado de los productos que consumimos, incluidos los medicamentos, y la seguridad en el \u00e1mbito hospitalario\u201d.<\/p>\n<p style=\"text-align: justify;\">\nAna Pacheco ha destacado que esta iniciativa solidaria ha conseguido el apoyo de m\u00e1s de 200 personas y ha agradecido a los componentes del grupo de teatro del Colegio de Abogados de Granada, con su coordinador Alejandro Sanz y su directora Ana Ib\u00e1\u00f1ez, \u201csu empat\u00eda con el colectivo de personas con alergia alimentaria y su implicaci\u00f3n para ayudarnos a superar uno de los grandes retos que tenemos, la falta de visibilidad de las alergias a alimentos en nuestra sociedad\u201d. Asimismo, ha agradecido al Ayuntamiento de Granada la cesi\u00f3n gratuita del Teatro Isabel La Cat\u00f3lica para representar la obra y ha anunciado que AVANZAX seguir\u00e1 desarrollando actividades para dar visibilidad al colectivo y su problem\u00e1tica.<\/p>\n<p style=\"text-align: justify;\">\nLa interpretaci\u00f3n del grupo de abogados y abogadas de la obra \u201920 pulgadas\u2019, comedia del autor Adelardo M\u00e9ndez Moya dirigida y adaptada por Ana Ib\u00e1\u00f1ez, hizo disfrutar al p\u00fablico reunido en el teatro con su sucesi\u00f3n de personajes e historias, algunos entrelazados y otros solitarios, enfrentados a situaciones entre la realidad y el absurdo y aderezadas con toques de sarcasmo, ternura y humor, que invitaban a re\u00edrse de uno mismo y de nuestra sociedad.<\/p>\n<p style=\"text-align: justify;\">\nLa Asociaci\u00f3n Andaluza de Alergia a Alimentos AVANZAX persigue una mayor concienciaci\u00f3n social sobre esta dolencia y c\u00f3mo afecta a las personas que la padecen y su entorno en \u00e1mbitos como el sanitario, el educativo o el consumo. La\u00a0prevalencia de la alergia alimentaria es cada vez mayor y seg\u00fan la Sociedad Espa\u00f1ola de Alergolog\u00eda e Inmunolog\u00eda Cl\u00ednica (SEAIC) ronda el 3-4% en adultos y 4-7% en ni\u00f1os, lo que significa que en Andaluc\u00eda se estima que puede haber 250.000 personas afectadas por este problema, de las cuales m\u00e1s de 56.000 ser\u00edan<br \/>\nni\u00f1os y ni\u00f1as.<\/p>\n<p style=\"text-align: justify;\"><a href=\"http:\/\/granadacostanacional.es\/wp-content\/uploads\/2017\/05\/escena-2.jpg\"><img decoding=\"async\" loading=\"lazy\" class=\"alignnone  wp-image-12064\" src=\"http:\/\/granadacostanacional.es\/wp-content\/uploads\/2017\/05\/escena-2-300x174.jpg\" alt=\"escena 2\" width=\"602\" height=\"349\" \/><\/a><br \/>\nLas reacciones al\u00e9rgicas son respuestas exageradas del sistema inmunitario ante sustancias que para otras personas son inocuas, por contacto, ingesta o incluso inhalaci\u00f3n, a veces con una muy peque\u00f1a cantidad del al\u00e9rgeno. Las reacciones pueden ser desde leves (urticaria) hasta muy graves, como es el shock anafil\u00e1ctico (una serie de reacciones inflamatorias de distintos \u00f3rganos como piel y mucosas, sistema digestivo, sistema respiratorio que empeora r\u00e1pidamente pudiendo llegar a ocasionar la muerte). Los al\u00e9rgenos m\u00e1s frecuentes son la leche, el huevo, los frutos secos, pescados y mariscos, cacahuetes, etc.<\/p>\n<p style=\"text-align: justify;\">\nAVANZAX pide a las administraciones p\u00fablicas y las empresas mayores esfuerzos por normalizar la vida de quienes padecen alergia a alimentos, ya que son personas perfectamente sanas siempre que no entren en contacto con los al\u00e9rgenos a los que reaccionan, mejorando la prevenci\u00f3n y la informaci\u00f3n y eliminando los obst\u00e1culos que generan limitaciones que suponen una importante p\u00e9rdida de su calidad de vida, garantizando as\u00ed la seguridad para su salud al tiempo que se promueve una mayor inclusi\u00f3n social de este colectivo.<\/p>\n<p style=\"text-align: justify;\">\nConcretamente, AVANZAX viene trabajando desde su creaci\u00f3n en 2014 en el impulso de un Plan Andaluz de Apoyo a las Personas con Alergia a Alimentos que abarque todos los \u00e1mbitos que les afectan y que de una respuesta global a sus necesidades, para lo cual est\u00e1 desarrollando un intenso trabajo con las administraciones publicas de Andaluc\u00eda desde el nivel local hasta el auton\u00f3mico.<\/p>\n","protected":false},"excerpt":{"rendered":"<p>M\u00e1s de 200 personas han apoyado esta iniciativa para dar visibilidad al problema de la alergia alimentaria y conseguir fondos&hellip;<\/p>\n","protected":false},"author":2,"featured_media":12063,"comment_status":"open","ping_status":"open","sticky":false,"template":"","format":"standard","meta":{"om_disable_all_campaigns":false,"_mi_skip_tracking":false,"_monsterinsights_sitenote_active":false,"_monsterinsights_sitenote_note":"","_monsterinsights_sitenote_category":0,"footnotes":""},"categories":[22],"tags":[],"aioseo_notices":[],"_links":{"self":[{"href":"https:\/\/granadacostaglobal.es\/index.php?rest_route=\/wp\/v2\/posts\/12062"}],"collection":[{"href":"https:\/\/granadacostaglobal.es\/index.php?rest_route=\/wp\/v2\/posts"}],"about":[{"href":"https:\/\/granadacostaglobal.es\/index.php?rest_route=\/wp\/v2\/types\/post"}],"author":[{"embeddable":true,"href":"https:\/\/granadacostaglobal.es\/index.php?rest_route=\/wp\/v2\/users\/2"}],"replies":[{"embeddable":true,"href":"https:\/\/granadacostaglobal.es\/index.php?rest_route=%2Fwp%2Fv2%2Fcomments&post=12062"}],"version-history":[{"count":0,"href":"https:\/\/granadacostaglobal.es\/index.php?rest_route=\/wp\/v2\/posts\/12062\/revisions"}],"wp:featuredmedia":[{"embeddable":true,"href":"https:\/\/granadacostaglobal.es\/index.php?rest_route=\/"}],"wp:attachment":[{"href":"https:\/\/granadacostaglobal.es\/index.php?rest_route=%2Fwp%2Fv2%2Fmedia&parent=12062"}],"wp:term":[{"taxonomy":"category","embeddable":true,"href":"https:\/\/granadacostaglobal.es\/index.php?rest_route=%2Fwp%2Fv2%2Fcategories&post=12062"},{"taxonomy":"post_tag","embeddable":true,"href":"https:\/\/granadacostaglobal.es\/index.php?rest_route=%2Fwp%2Fv2%2Ftags&post=12062"}],"curies":[{"name":"wp","href":"https:\/\/api.w.org\/{rel}","templated":true}]}}