{"id":12057,"date":"2017-05-12T16:46:27","date_gmt":"2017-05-12T16:46:27","guid":{"rendered":"http:\/\/granadacostanacional.es\/?p=12057"},"modified":"2017-05-12T16:46:27","modified_gmt":"2017-05-12T16:46:27","slug":"ciudadanos-reivindica-en-motril-la-elaboracion-conjunta-entre-administraciones-de-un-plan-de-desarrollo-de-la-costa-tropical","status":"publish","type":"post","link":"https:\/\/granadacostaglobal.es\/?p=12057","title":{"rendered":"Ciudadanos reivindica en Motril la elaboraci\u00f3n conjunta entre administraciones de un plan de desarrollo de la Costa Tropical."},"content":{"rendered":"<p style=\"text-align: justify;\"><strong>Los diputados de Cs en el Parlamento andaluz Jos\u00e9 Antonio Funes y Carlos Hern\u00e1ndez White se\u00f1alan la importancia de consensuar las l\u00edneas estrat\u00e9gicas que permitir\u00e1n el impulso econ\u00f3mico y tur\u00edstico de la costa granadina.<\/strong><\/p>\n<p style=\"text-align: justify;\">Los diputados del grupo parlamentario de Ciudadanos en el Parlamento de Andaluc\u00eda Jos\u00e9 Antonio Funes y Carlos Hern\u00e1ndez White han reivindicado esta ma\u00f1ana en Motril la necesidad de que las distintas administraciones trabajen conjuntamente en la elaboraci\u00f3n de un aut\u00e9ntico plan de desarrollo de la Costa Tropical que permita situarla a un nivel similar al del resto de costas andaluzas y hacerla m\u00e1s competitiva a nivel econ\u00f3mico y tur\u00edstico.<\/p>\n<p style=\"text-align: justify;\">Seg\u00fan ha indicado el parlamentario granadino de la formaci\u00f3n, Jos\u00e9 Antonio Funes, una de las causas del atraso econ\u00f3mico de la costa de Granada es su \u201cevidente d\u00e9ficit de infraestructuras tur\u00edsticas y tur\u00edstico-deportivas\u201d; de hecho, la de Granada ocupa el \u00faltimo lugar tanto en dotaciones como en equipamientos, dos factores que ayudan a suavizar la estacionalidad del turismo y que se dirigen a captar a los viajeros de mayor poder adquisitivo.<\/p>\n<p style=\"text-align: justify;\">As\u00ed, Funes ha recordado que su grupo llev\u00f3 hace unos meses al Parlamento andaluz una Proposici\u00f3n No de Ley (PNL) en este sentido que fue aprobada por unanimidad pero cuyo traslado a acciones concretas por parte de la administraci\u00f3n auton\u00f3mica no ha terminado de responder a las expectativas planteadas por Ciudadanos, quienes han pedido la comparecencia del consejero el pr\u00f3ximo 18 de mayo para abordar las exigencias de la iniciativa.<\/p>\n<p style=\"text-align: justify;\">\u201cLo que nos propone el Gobierno es un plan de marketing, pero nosotros reivindicamos un plan integral mucho m\u00e1s ambicioso; no solo queremos que los turistas vengan a disfrutar de la costa, queremos un puerto con m\u00e1s amarres, queremos m\u00e1s servicios, m\u00e1s infraestructuras, con mayor disponibilidad hostelera y que se asemeje al resto de las costas andaluzas y favorezca el desarrollo de toda la provincia\u201d, ha se\u00f1alado Funes tras la reuni\u00f3n mantenida con el presidente de la C\u00e1mara de Comercio de Motril, \u00c1ngel Gij\u00f3n, y representantes empresarios de los hosteleros, los chiringuitos y los campings, a quienes ha avanzado su intenci\u00f3n de promover en el Parlamento andaluz un acuerdo con todos los grupos para impulsar ese plan estrat\u00e9gico.<\/p>\n<p style=\"text-align: justify;\">Por su parte, el parlamentario malague\u00f1o, Carlos Hern\u00e1ndez White, ha incidido en la importancia de la existencia de consenso entre los empresarios para poder extender por toda la provincia y toda la sociedad granadina el germen del proyecto que permita incentivar medidas junto al tejido productivo y los empresarios para \u201cdesarrollar econ\u00f3micamente la zona, reducir los \u00edndices de desempleo y aumentar la actividad productiva\u201d. En este sentido, el diputado ha avanzado que la pr\u00f3xima semana su grupo realizar\u00e1 una pregunta a la Consejer\u00eda para conocer sus planes acerca del \u00e1rea log\u00edstica de Motril: \u201cQueremos saber cu\u00e1ndo piensa la Junta de Andaluc\u00eda impulsar el gran espacio que existe entre el puerto y la ciudad, un \u00e1rea fundamental para desarrollar y atraer industria y actividad econ\u00f3mica y que est\u00e1 llamada a ser eje central del plan estrat\u00e9gico\u201d.<\/p>\n<p style=\"margin-bottom: 0.0001pt; line-height: 11.05pt; text-align: justify;\">\n","protected":false},"excerpt":{"rendered":"<p>Los diputados de Cs en el Parlamento andaluz Jos\u00e9 Antonio Funes y Carlos Hern\u00e1ndez White se\u00f1alan la importancia de consensuar&hellip;<\/p>\n","protected":false},"author":2,"featured_media":12060,"comment_status":"open","ping_status":"open","sticky":false,"template":"","format":"standard","meta":{"om_disable_all_campaigns":false,"_mi_skip_tracking":false,"_monsterinsights_sitenote_active":false,"_monsterinsights_sitenote_note":"","_monsterinsights_sitenote_category":0,"footnotes":""},"categories":[22],"tags":[],"aioseo_notices":[],"_links":{"self":[{"href":"https:\/\/granadacostaglobal.es\/index.php?rest_route=\/wp\/v2\/posts\/12057"}],"collection":[{"href":"https:\/\/granadacostaglobal.es\/index.php?rest_route=\/wp\/v2\/posts"}],"about":[{"href":"https:\/\/granadacostaglobal.es\/index.php?rest_route=\/wp\/v2\/types\/post"}],"author":[{"embeddable":true,"href":"https:\/\/granadacostaglobal.es\/index.php?rest_route=\/wp\/v2\/users\/2"}],"replies":[{"embeddable":true,"href":"https:\/\/granadacostaglobal.es\/index.php?rest_route=%2Fwp%2Fv2%2Fcomments&post=12057"}],"version-history":[{"count":0,"href":"https:\/\/granadacostaglobal.es\/index.php?rest_route=\/wp\/v2\/posts\/12057\/revisions"}],"wp:featuredmedia":[{"embeddable":true,"href":"https:\/\/granadacostaglobal.es\/index.php?rest_route=\/"}],"wp:attachment":[{"href":"https:\/\/granadacostaglobal.es\/index.php?rest_route=%2Fwp%2Fv2%2Fmedia&parent=12057"}],"wp:term":[{"taxonomy":"category","embeddable":true,"href":"https:\/\/granadacostaglobal.es\/index.php?rest_route=%2Fwp%2Fv2%2Fcategories&post=12057"},{"taxonomy":"post_tag","embeddable":true,"href":"https:\/\/granadacostaglobal.es\/index.php?rest_route=%2Fwp%2Fv2%2Ftags&post=12057"}],"curies":[{"name":"wp","href":"https:\/\/api.w.org\/{rel}","templated":true}]}}