{"id":12053,"date":"2017-05-12T16:42:36","date_gmt":"2017-05-12T16:42:36","guid":{"rendered":"http:\/\/granadacostanacional.es\/?p=12053"},"modified":"2017-05-12T16:42:36","modified_gmt":"2017-05-12T16:42:36","slug":"fiscal-considera-que-socc-huelva-2017-ha-situado-a-anda-lucia-en-la-primera-linea-del-debate-internacional-sobre-cambio-climatico","status":"publish","type":"post","link":"https:\/\/granadacostaglobal.es\/?p=12053","title":{"rendered":"Fiscal considera que SOCC Huelva 2017 ha situado a Anda-luc\u00eda en la primera l\u00ednea del debate internacional sobre cambio clim\u00e1tico"},"content":{"rendered":"<p style=\"text-align: justify;\"><strong>El consejero ha participado en la clausura de un encuentro, abogando por ser \u201coptimistas y valientes\u201d a la hora de abordar las soluciones a este fen\u00f3meno global.<\/strong><\/p>\n<p style=\"text-align: justify;\">El consejero de Medio Ambiente y Ordenaci\u00f3n del Territorio, Jos\u00e9 Fiscal, ha participado en la clausura del Congreso Internacional de Cambio Clim\u00e1tico SOCC Huelva 2017. Un acto que ha contado tambi\u00e9n con la presencia del alcalde de la ciudad, Gabriel Cruz, y el presidente de la Diputaci\u00f3n Provincial, Ignacio Caraballo.<\/p>\n<p style=\"text-align: justify;\">\u00a0\u00a0\u00a0\u00a0\u00a0\u00a0\u00a0\u00a0\u00a0\u00a0\u00a0 Fiscal ha afirmado que el congreso ha situado a Huelva y Andaluc\u00eda en la primera l\u00ednea del debate internacional en torno al cambio clim\u00e1tico. El consejero ha recalcado que en este encuentro \u201cse ha hablado con absoluta libertad\u201d y su principal conclusi\u00f3n es \u201cun mensaje urgente, valiente y optimista\u201d en torno a las soluciones sobre este fen\u00f3meno. Seg\u00fan el titular de Medio Ambiente de la Junta de Andaluc\u00eda, \u201cno tengan ninguna duda de que tendremos en cuenta muchas de las aportaciones que ha hecho este congreso en nuestra actividad diaria y ser\u00e1n tenidas en cuenta, tanto en las labores de gesti\u00f3n, como a la hora de revisar las normativas en esta materia o incluso en el Anteproyecto de Ley de Cambio Clim\u00e1tico de Andaluc\u00eda, que est\u00e1 ultimando su tramitaci\u00f3n\u201d.<\/p>\n<p style=\"text-align: justify;\">\u00a0\u00a0\u00a0\u00a0\u00a0\u00a0\u00a0\u00a0\u00a0\u00a0\u00a0 El consejero ha agradecido de nuevo el apoyo de las administraciones coorganizadoras, Ayuntamiento de Huelva y Diputaci\u00f3n Provincial, as\u00ed como a los patrocinadores y ha asegurado que SOCC Huelva 2017 ha escuchado a todas las voces, \u201ctambi\u00e9n a las voces cr\u00edticas, que las ha habido, a la gesti\u00f3n de las administraciones responsables de la iniciativa\u201d. Para Fiscal, \u201cel congreso ha respondido a las expectativas, ha sido un encuentro de primer nivel y ha reunido a mil personas en tres d\u00edas alrededor de unos ponentes de una alta cualificaci\u00f3n\u201d. Tambi\u00e9n ha a\u00f1adido que Huelva se ha convertido en la embajadora del mundo del di\u00e1logo entre el medio ambiente y el desarrollo sostenible.<\/p>\n<p style=\"text-align: justify;\"><a href=\"http:\/\/granadacostanacional.es\/wp-content\/uploads\/2017\/05\/IMG_8931.jpg\"><img decoding=\"async\" loading=\"lazy\" class=\"alignnone  wp-image-12055\" src=\"http:\/\/granadacostanacional.es\/wp-content\/uploads\/2017\/05\/IMG_8931-300x225.jpg\" alt=\"IMG_8931\" width=\"671\" height=\"503\" \/><\/a><\/p>\n<p style=\"text-align: justify;\">\u00a0\u00a0\u00a0\u00a0\u00a0\u00a0\u00a0\u00a0\u00a0\u00a0\u00a0 Asimismo, en su intervenci\u00f3n en la clausura, el consejero ha querido destacar la labor del \u00a0Comit\u00e9 Cient\u00edfico del Congreso, \u201cque ha realizado un trabajo extraordinario a la hora de confeccionar el programa y seleccionar a los responsables de abordar los contenidos\u201d.<\/p>\n<p style=\"text-align: justify;\">\u00a0\u00a0\u00a0\u00a0\u00a0\u00a0\u00a0\u00a0\u00a0\u00a0\u00a0 El alcalde de Huelva, Gabriel Cruz,\u00a0 ha remarcado que \u201cel encuentro ha servido para profundizar en las soluciones en positivo, en las acciones que desde todos los \u00e1mbitos podemos impulsar para combatir el reto m\u00e1s importante que en estos momentos tenemos como civilizaci\u00f3n y que requiere m\u00e1s compromiso y una actuaci\u00f3n colectiva urgente\u201d<\/p>\n<p style=\"text-align: justify;\">\u00a0\u00a0\u00a0\u00a0\u00a0\u00a0\u00a0\u00a0\u00a0\u00a0\u00a0 Seg\u00fan Cruz, \u201cen las diferentes sesiones y ponencias se ha puesto de manifiesto la necesidad imperiosa de informar, concienciar y capacitar a la poblaci\u00f3n para frenar esta din\u00e1mica con cambios en los h\u00e1bitos de consumo, movilidad, en el uso de los recursos energ\u00e9ticos, en la gesti\u00f3n de los residuos y en la revisi\u00f3n de todas las actividades que implican emisi\u00f3n de gases de efecto invernadero\u201d. \u201cTenemos que compatibilizar el desarrollo de nuestros municipios con el respeto al medio ambiente, en cumplimiento del acuerdo de Par\u00eds\u201d, ha concluido.<\/p>\n<p style=\"text-align: justify;\">En el transcurso del acto, el presidente de la Diputaci\u00f3n, Ignacio Caraballo, ha agradecido a la Junta de Andaluc\u00eda el trabajo coordinado entre instituciones para la celebraci\u00f3n de este encuentro con car\u00e1cter internacional que &#8220;nos ha servido como base para que desde Huelva, desde Andalucia, lideremos el debate y el an\u00e1lisis de un aspecto que es esencial para el presente y futuro de nuestras ciudades, como es el cambio clim\u00e1tico&#8221;.<\/p>\n<p style=\"text-align: justify;\">\u00a0\u00a0\u00a0\u00a0\u00a0\u00a0\u00a0\u00a0\u00a0\u00a0\u00a0 Seg\u00fan Caraballo, \u201cdurante estos tres d\u00edas, hemos sido testigos de como trabajar de manera conjunta no s\u00f3lo entre administraciones p\u00fablicas, sino tambi\u00e9n con empresas privadas, nos ofrece un marco mucho m\u00e1s amplio y eficaz para tomar decisiones y actuar de manera inmediata, real y eficazmente, ante las amenazas del cambio clim\u00e1tico poniendo el foco en las soluciones y no s\u00f3lo en el problema&#8221;.<\/p>\n","protected":false},"excerpt":{"rendered":"<p>El consejero ha participado en la clausura de un encuentro, abogando por ser \u201coptimistas y valientes\u201d a la hora de&hellip;<\/p>\n","protected":false},"author":2,"featured_media":12054,"comment_status":"open","ping_status":"open","sticky":false,"template":"","format":"standard","meta":{"om_disable_all_campaigns":false,"_mi_skip_tracking":false,"_monsterinsights_sitenote_active":false,"_monsterinsights_sitenote_note":"","_monsterinsights_sitenote_category":0,"footnotes":""},"categories":[22],"tags":[],"aioseo_notices":[],"_links":{"self":[{"href":"https:\/\/granadacostaglobal.es\/index.php?rest_route=\/wp\/v2\/posts\/12053"}],"collection":[{"href":"https:\/\/granadacostaglobal.es\/index.php?rest_route=\/wp\/v2\/posts"}],"about":[{"href":"https:\/\/granadacostaglobal.es\/index.php?rest_route=\/wp\/v2\/types\/post"}],"author":[{"embeddable":true,"href":"https:\/\/granadacostaglobal.es\/index.php?rest_route=\/wp\/v2\/users\/2"}],"replies":[{"embeddable":true,"href":"https:\/\/granadacostaglobal.es\/index.php?rest_route=%2Fwp%2Fv2%2Fcomments&post=12053"}],"version-history":[{"count":0,"href":"https:\/\/granadacostaglobal.es\/index.php?rest_route=\/wp\/v2\/posts\/12053\/revisions"}],"wp:featuredmedia":[{"embeddable":true,"href":"https:\/\/granadacostaglobal.es\/index.php?rest_route=\/"}],"wp:attachment":[{"href":"https:\/\/granadacostaglobal.es\/index.php?rest_route=%2Fwp%2Fv2%2Fmedia&parent=12053"}],"wp:term":[{"taxonomy":"category","embeddable":true,"href":"https:\/\/granadacostaglobal.es\/index.php?rest_route=%2Fwp%2Fv2%2Fcategories&post=12053"},{"taxonomy":"post_tag","embeddable":true,"href":"https:\/\/granadacostaglobal.es\/index.php?rest_route=%2Fwp%2Fv2%2Ftags&post=12053"}],"curies":[{"name":"wp","href":"https:\/\/api.w.org\/{rel}","templated":true}]}}