{"id":12037,"date":"2017-05-12T09:26:12","date_gmt":"2017-05-12T09:26:12","guid":{"rendered":"http:\/\/granadacostanacional.es\/?p=12037"},"modified":"2017-05-12T09:26:12","modified_gmt":"2017-05-12T09:26:12","slug":"autores-granada-costa-abril-2017","status":"publish","type":"post","link":"https:\/\/granadacostaglobal.es\/?p=12037","title":{"rendered":"Autores Granada Costa. Abril 2017"},"content":{"rendered":"<p style=\"text-align: justify;\">A todos los socios\/as, compa\u00f1eros\/as y simpatizantes del Proyecto Nacional de Cultura Granada Costa,<\/p>\n<p style=\"text-align: justify;\">Ya se encuentra editada y publicada en la web de Granada Costa la primera de las 12 ediciones del libro autores Granada Costa, empezando con esta primera edici\u00f3n correspondiente al mes de abril 2017 y terminando en marzo de 2018. Se trata de un libro antolog\u00eda donde todos los socios y simpatizantes del Proyecto Nacional de Cultura Granada Costa han participado tanto con poes\u00edas, \u00a0como con art\u00edculos de su propia autor\u00eda.<\/p>\n<p style=\"text-align: justify;\">Podr\u00e1 visualizar esta primera edici\u00f3n en versi\u00f3n digital entrando en la p\u00e1gina web <span style=\"color: #3366ff;\"><a style=\"color: #3366ff;\" href=\"http:\/\/granadacostanacional.es\/\">granadacostanacional.es<\/a><\/span> en la pesta\u00f1a <span style=\"text-decoration: underline;\">Libros de Antolog\u00eda<\/span> o a trav\u00e9s del siguiente enlace:<\/p>\n<p style=\"text-align: justify;\"><span style=\"color: #3366ff;\"><a style=\"color: #3366ff;\" href=\"http:\/\/granadacostanacional.es\/downloads\/Libro%20Autores%20abril%202017.pdf\">http:\/\/granadacostanacional.es\/downloads\/Libro%20Autores%20abril%202017.pdf<\/a><\/span><\/p>\n<p style=\"text-align: justify;\"><a href=\"http:\/\/granadacostanacional.es\/wp-content\/uploads\/2017\/05\/Portada-Autores-Abril-3d-reducida.jpg\"><img decoding=\"async\" loading=\"lazy\" class=\" wp-image-12035 alignright\" src=\"http:\/\/granadacostanacional.es\/wp-content\/uploads\/2017\/05\/Portada-Autores-Abril-3d-reducida-263x300.jpg\" alt=\"Portada Autores Abril 3d reducida\" width=\"350\" height=\"399\" \/><\/a><\/p>\n<p style=\"text-align: justify;\">Caracter\u00edsticas del libro:<\/p>\n<p style=\"text-align: justify;\">\u2013 Medidas: 17 x 24 cm<\/p>\n<p style=\"text-align: justify;\">\u2013 Portada y contraportada con solapas: a color, cartulina de 350 gr. y plastificada.<\/p>\n<p style=\"text-align: justify;\">\u2013 Papel estucado blanco 125 gr.<\/p>\n<p style=\"text-align: justify;\">\u2013 Encuadernado en r\u00fastica<\/p>\n<p style=\"text-align: justify;\">\u2013 Autores: varios y temas libres; poes\u00eda, prosa y reportajes.<\/p>\n<p style=\"text-align: justify;\">Para m\u00e1s informaci\u00f3n contactar a trav\u00e9s del correo electr\u00f3nico: fundaci\u00f3n@granadacosta.es o a trav\u00e9s del tel\u00e9fono: 958 62 64 73<\/p>\n<p>&nbsp;<\/p>\n","protected":false},"excerpt":{"rendered":"<p>A todos los socios\/as, compa\u00f1eros\/as y simpatizantes del Proyecto Nacional de Cultura Granada Costa, Ya se encuentra editada y publicada&hellip;<\/p>\n","protected":false},"author":2,"featured_media":12043,"comment_status":"open","ping_status":"open","sticky":false,"template":"","format":"standard","meta":{"om_disable_all_campaigns":false,"_mi_skip_tracking":false,"_monsterinsights_sitenote_active":false,"_monsterinsights_sitenote_note":"","_monsterinsights_sitenote_category":0,"footnotes":""},"categories":[21,22],"tags":[],"aioseo_notices":[],"_links":{"self":[{"href":"https:\/\/granadacostaglobal.es\/index.php?rest_route=\/wp\/v2\/posts\/12037"}],"collection":[{"href":"https:\/\/granadacostaglobal.es\/index.php?rest_route=\/wp\/v2\/posts"}],"about":[{"href":"https:\/\/granadacostaglobal.es\/index.php?rest_route=\/wp\/v2\/types\/post"}],"author":[{"embeddable":true,"href":"https:\/\/granadacostaglobal.es\/index.php?rest_route=\/wp\/v2\/users\/2"}],"replies":[{"embeddable":true,"href":"https:\/\/granadacostaglobal.es\/index.php?rest_route=%2Fwp%2Fv2%2Fcomments&post=12037"}],"version-history":[{"count":0,"href":"https:\/\/granadacostaglobal.es\/index.php?rest_route=\/wp\/v2\/posts\/12037\/revisions"}],"wp:featuredmedia":[{"embeddable":true,"href":"https:\/\/granadacostaglobal.es\/index.php?rest_route=\/"}],"wp:attachment":[{"href":"https:\/\/granadacostaglobal.es\/index.php?rest_route=%2Fwp%2Fv2%2Fmedia&parent=12037"}],"wp:term":[{"taxonomy":"category","embeddable":true,"href":"https:\/\/granadacostaglobal.es\/index.php?rest_route=%2Fwp%2Fv2%2Fcategories&post=12037"},{"taxonomy":"post_tag","embeddable":true,"href":"https:\/\/granadacostaglobal.es\/index.php?rest_route=%2Fwp%2Fv2%2Ftags&post=12037"}],"curies":[{"name":"wp","href":"https:\/\/api.w.org\/{rel}","templated":true}]}}