{"id":12023,"date":"2017-05-11T16:59:42","date_gmt":"2017-05-11T16:59:42","guid":{"rendered":"http:\/\/granadacostanacional.es\/?p=12023"},"modified":"2017-05-11T16:59:42","modified_gmt":"2017-05-11T16:59:42","slug":"entrevista-al-alcalde-de-valenzuela","status":"publish","type":"post","link":"https:\/\/granadacostaglobal.es\/?p=12023","title":{"rendered":"Entrevista al Alcalde de Valenzuela"},"content":{"rendered":"<p style=\"text-align: justify;\">Respecto a su curr\u00edculum propiamente dicho, don Antonio Pedregosa acab\u00f3 los estudios de magisterio y es Diplomado en Educaci\u00f3n Primaria, por la Universidad de C\u00f3rdoba en 1996. Ha realizado muchos cursos en relaci\u00f3n a la labor docente, es decir por ser maestro, y desde que se dedic\u00f3\u00a0 a la gesti\u00f3n p\u00fablica, tambi\u00e9n se ha formado en participaci\u00f3n, y gesti\u00f3n pol\u00edtica. No obstante hay que destacar otros datos a nivel profesional en el campo de la Administraci\u00f3n en empresa desde 1998 hasta 2013, en que es nombrado como Alcalde. Desde 2013 a 2016 desempe\u00f1a el cargo de Alcalde-Presidente del ayuntamiento de Valenzuela (C\u00f3rdoba), y a la vez en el mismo periodo es\u00a0 miembro de la Comisi\u00f3n de Gobierno de la Mancomunidad de Municipios del Guadajoz y Campi\u00f1a Este de C\u00f3rdoba. Tambi\u00e9n act\u00faa desde 2016 como Vocal de la Comisi\u00f3n de Educaci\u00f3n de la Federaci\u00f3n Andaluza de Municipios y Provincias (FAMP). Desde 2007 a 2013\u00a0 fue primer Teniente-Alcalde del Ayuntamiento de Valenzuela y es miembro de la Junta Directiva Provincial del Partido Popular, y cabe destacar que durante 2011 fue Secretario de Pol\u00edtica Municipal del Partido Popular en la provincia de C\u00f3rdoba.<\/p>\n<p style=\"text-align: justify;\">Respecto a la gesti\u00f3n de gobierno y su balance, Antonio Pedregosa comenta\u00a0 tener desde el principio las ideas muy claras, de las necesidades reales de Valenzuela y de la ciudadan\u00edade su pueblo. Partiendo de los medios que se tienen, de la herencia recibida y dificultades econ\u00f3micas, desde que en 2011 accedieron a gobernar. De la coyuntura de la crisis que a nivel nacional ha ido teniendo e influyendo durante los a\u00f1os de su gesti\u00f3n. As\u00ed pues nos dice que trata de optimizar al\u00a0 m\u00e1ximo los recursos de su presupuesto, siendo coherente y muy consciente de los medios a su alcance o \u00a0de que dispone para acometer los objetivos planificados. Aunque hay asuntos que se han quedado en el camino, act\u00faa en consecuencia, tiene en cuenta que Valenzuela es un pueblo eminentemente agr\u00edcola; de ah\u00ed que considera que es un pilar fundamental\u00a0 de nuestra gesti\u00f3n pol\u00edtica, el problema de los caminos rurales, facilitar que la gente pueda acceder mejor a sus olivares, en sus distintas labores de campa\u00f1a de recogida, sulfato o poda.<\/p>\n<p style=\"text-align: justify;\">Asimismo reconoce que la confianza depositada en otra legislatura m\u00e1s, para seguir con la funci\u00f3n de dirigir el Ayuntamiento, le da \u00e1nimo y facilita el desarrollo de la labor que se le encarga en el compromiso con Valenzuela, ante las dificultades que tiene que asumir con esfuerzo y honradez. Su tarea es continuar promoviendo iniciativas, actividades y proyectos encaminados a consolidar el bienestar de los vinagorros. De tal manera que su actuaci\u00f3n municipal la encamina a escuchar y atender las demandas de la poblaci\u00f3n, analizar sus propuestas e intentar ofrecerles las mejores respuestas o soluciones. Valorando el trabajo de su equipo de gobierno, por la implicaci\u00f3n, el esfuerzo en las necesidades y mejoras de los habitantes de nuestro pueblo, por su progreso y bienestar general con atenci\u00f3n a todos los colectivos en igualdad de oportunidades, apostando por el empleo, por los emprendedores, por nuestras tradiciones y cultura, deporte, y la solidaridad o generosidad del car\u00e1cter que nos define como pueblo.<\/p>\n<p style=\"text-align: justify;\">Tambi\u00e9n destac\u00f3 distintas actuaciones en funci\u00f3n de la variedad econ\u00f3mica-social, empresarios, sector de los aut\u00f3nomos, y atenci\u00f3n especial sobre todo de la poblaci\u00f3n joven, para incentivar las bases, atendiendo principalmente a las necesidades de los m\u00e1s peque\u00f1os sin olvidar todas las edades, ni la representaci\u00f3n en la pir\u00e1mide poblacional.<\/p>\n<p style=\"text-align: justify;\">Hace hincapi\u00e9 en la atenci\u00f3n prestada al deporte: torneos, competiciones como la \u201cSubida al cerro Boyero\u201d \u201cNoche blanca del deporte\u201d para hacer un pueblo o villa saludable, mejorando los medios e instalaciones por la gran acogida y respuesta demandada, dando cabida a menores y mayores. Sin embargo,\u00a0 Pedregosa nos comenta que la juventud est\u00e1 siendo un h\u00e1ndicap o un escollo, sector que no se est\u00e1 atendiendo como nos gustar\u00eda y se deber\u00eda seg\u00fan sus necesidades, porque no es f\u00e1cil competir sin medios de infraestructuras y servicios; pero se intenta minimizar la rutina de no tener alternativas mejores que ofrecer, que otros grandes pueblos o capitales de provincias cercanas. Porque aparte de la despoblaci\u00f3n natural joven del pueblo, por ejemplo, los universitarios a veces participan poco porque saben que est\u00e1n de paso para estar con la familia y los amigos, y\u00a0 es un ejemplo de lo que est\u00e1 pasando y puede pasar a otro nivel. Luego hay otras necesidades como cines y centros comerciales, que no se les puede ofrecer pero se les minimiza los obst\u00e1culos, por ejemplo con el deporte para que tengan la opci\u00f3n de poder participar toda la familia, con unas magn\u00edficas instalaciones para que tengan esa posibilidad pero claro tambi\u00e9n\u00a0 quieren y necesitan otras cosas. A pesar de eso a la gente le gusta sus ra\u00edces, estar con su gente, volver a su pueblo y por eso a los alcaldes nos gusta dejar el pueblo vistoso y limpio, para las fechas que por cualquier motivo de la tradici\u00f3n cultural, se duplica o triplica la poblaci\u00f3n. Ya que\u00a0 luego vuelve la cruda realidad con pocos habitantes y el d\u00eda a d\u00eda es muy duro, porque hay que tener en cuenta que se acaba el trabajo del campo, el paro de uno que no sale y otro que s\u00ed, y en esa realidad los mandatarios deben hacer hincapi\u00e9. Pues la vida en el pueblo se hace muy larga a lo largo del a\u00f1o y evidentemente en los d\u00edas de fiesta, los que se quedan luego aqu\u00ed se olvidan de los problemas siendo necesario que se distancien para desconectar.\u201dSomos reflejo de lo que est\u00e1 ocurriendo a nivel nacional pol\u00edticamente. La vida pol\u00edtica es muy compleja igual que en todos los \u00e1mbitos profesionales. Habr\u00eda que tener entereza para decidir que haya\u00a0 otra perspectiva o proyectos m\u00e1s viables\u2026 En un pueblo como Valenzuela tienes que hacer una gesti\u00f3n de un mill\u00f3n de euros, que es proporcional a lo que se gestiona en una gran ciudad, pero se tiene que justificar hasta el \u00faltimo c\u00e9ntimo porque es robar esconder un euro, que un mill\u00f3n a efectos administrativos y jur\u00eddicos. Hay alcaldes que en pueblos peque\u00f1os est\u00e1n levantando su voz. Otros nos limitamos a tener nuestro pueblo curioso para cuando la gente venga, atender al que lleva un tiempo sin trabajar y recurre insistentemente a servicios sociales, intentar apa\u00f1ar un contratito pero siempre justific\u00e1ndolo, en eso se nos va el trabajo y no en pensar en c\u00f3mo enga\u00f1ar\u00a0 a la Administraci\u00f3n para sacar yo alg\u00fan beneficio que no sea el \u00fanico y puro de mi sueldo. A m\u00ed me interesa m\u00e1s en quedar bien como persona antes que como buen gestor o buen pol\u00edtico pues a m\u00ed la pol\u00edtica no me ha ense\u00f1ado mucho m\u00e1s de lo que he aprendido previamente. Me gu\u00edo m\u00e1s por mi sentido com\u00fan y fundamentalmente por las necesidades de mi pueblo\u2026 Ser\u00eda necesario cambiar la filosof\u00eda de los pol\u00edticos, pero a corto plazo no le veo la soluci\u00f3n.<\/p>\n<p style=\"text-align: justify;\">\u00bfTendremos que tener un cambio? Mi pregunta\u00a0 pretende hacer un an\u00e1lisis cr\u00edtico y reflexionar para mejorar.<\/p>\n<p style=\"text-align: justify;\">\u00a0\u00a0\u00a0\u00a0\u00a0\u00a0\u00a0\u00a0\u00a0\u00a0\u00a0 Pedregosa contesta que la pol\u00edtica es interesada y la oposici\u00f3n\u00a0 impide sacar adelante\u00a0 beneficios y ventajas. Por falta de consenso pol\u00edtico, por ejemplo yo digo blanco y t\u00fa dices negro, y si pactamos es para justificar nuestro trabajo, pero t\u00fa no te vas a salir con la tuya si yo puedo evitarlo ni viceversa, y as\u00ed estamos. Y \u00e9l\u00a0 se pregunta ret\u00f3ricamente: \u00bfAnte una evidencia por qu\u00e9 no se act\u00faa, se ha mejorado por ejemplo cuando un sistema educativo no ha funcionado?, como el dicho popular \u201cy uno por el otro la casa sin barrer\u201d.<\/p>\n<p style=\"text-align: justify;\">\u00a0Se hablado\u00a0 de los ni\u00f1os, de los mayores,\u00a0 y el deporte, de econom\u00eda, de pol\u00edtica social, la cultura y tradici\u00f3n entre otros temas ya mencionados.<\/p>\n<p style=\"text-align: justify;\">Pero \u00a0se apuesta firmemente desde su gobierno, por extender la tradici\u00f3n y la cultura, aunque teniendo en cuenta que la realidad del d\u00eda a d\u00eda, despu\u00e9s es m\u00e1s cruda para los que viven aqu\u00ed. Insiste y hace un recorrido por la trayectoria de las mismas, nos dice que se le da mucha importancia a mantener la tradici\u00f3n cultural, as\u00ed de un pueblo de tradiciones siempre que se puede, tratamos de mantener las que tenemos y rescatar las que estaban perdidas, por ejemplo rescatar el Carnaval, afamada fiesta vinagorra desde los a\u00f1os setenta pues siempre Valenzuela ha destacado por su carnaval, donde todo el mundo participaba, y se ha conseguido que la gente del pueblo vuelva a participar. De la semana santa expone que necesita gente para mantenerla, necesita gente para sacar los pasos, pues hubo un conato de que la \u201cborriquita\u201d no iba a salir por eso los j\u00f3venes la est\u00e1n manteniendo, y la del crucificado del Mi\u00e9rcoles santo, con un viacrucis en el calvario. Y se necesita hombros para salir los pasos de algunas hermandades por ejemplo la procesi\u00f3n \u201cde la borriquita\u201d que he comentado el domingo de ramos, que tan popular fue en nuestro pueblo como el serm\u00f3n en vivo del viernes santo, que afortunadamente se mantiene con bastante participaci\u00f3n aunque con bastante menos poblaci\u00f3n y visitantes de familias emigrantes y de pueblos vecinos, en vigor \u00a0en los a\u00f1os setenta. Ni que decir tiene que la romer\u00eda de la Virgen de la cabeza y San Isidro, como pueblo eminentemente de devoci\u00f3n mariana y olivarero se ha mantenido, y va cada d\u00eda a m\u00e1s, y siguen saliendo en caballos. As\u00ed en San Isidro, se echa un d\u00eda de convivencia en el campo, y van de romer\u00eda, donde hay grupos consolidados. Respecto a la feria o festividad en honor de nuestro patr\u00f3n San Roque-que vienen celebr\u00e1ndose desde el 14 al 17 de agosto de cada a\u00f1o- hay cosas que se mantienen aunque est\u00e9 cargada de programaci\u00f3n deportiva, musical y cultural con actividades que atienden a los jubilados, Asociaci\u00f3n de mujeres, escolares y j\u00f3venes, es decir, para todo el pueblo independientemente de la edad, hay actividades que atienden a todos los colectivos y para todos los gustos, durante m\u00e1s d\u00edas no va a m\u00e1s porque la gente tiene otras iniciativas, otras necesidades y posibilidades, porque aprovecha\u00a0 para ir y disfrutar de vacaciones a la costa u otros lugares. Sin embargo, no es lo que era, pues antes hab\u00eda mucha m\u00e1s gente, por ejemplo\u00a0 en la actuaci\u00f3n musical tan popular y aceptada tradicionalmente porque se llenaba el parque con los grupos musicales; incluso hoy con m\u00e1s calidad, apenas hay gente a primeras horas por el problema del botell\u00f3n, que aqu\u00ed es dif\u00edcil regularlo. As\u00ed pues se hacen todos los esfuerzos y son pocos con la celebraci\u00f3n de la fiesta del Corpus\u00a0 Cristi de Valenzuela, porque es una obligaci\u00f3n que nos viene impuesta, echar toda la carne en el asador, tradici\u00f3n o legado de nuestros abuelos, y las mejoras son por ser nuestro emblema y acontecimiento cultural m\u00e1s significativo, arraigado en el\u00a0 pueblo, legado art\u00edstico y patrimonio del pueblo, declarado un evento de inter\u00e9s tur\u00edstico provincial, que por falta de aforo hotelero no es considerado de inter\u00e9s regional. Pero la nueva regulaci\u00f3n al respecto est\u00e1 facilitando las condiciones\u00a0 para que se pueda retomar el asunto.\u00a0 De ah\u00ed nuestra incesante labor para que esta fiesta vaya a m\u00e1s. Para optar a subir de escalaf\u00f3n y que se considere de mayor importancia, por eso estamos muy pendientes, y las condiciones van a ser menos r\u00edgidas, por eso-insiste-seguimos intent\u00e1ndolo, porque todo el pueblo desde los abuelos y los cr\u00edos participan, lo mantienen y por el inter\u00e9s del boca a boca de cara al exterior de la gente que comunica\u00a0 a los de fuera. Nos comenta que el serr\u00edn de los colores que dan dise\u00f1o a las alfombras, rincones y adornos de las calles engalanadas para la procesi\u00f3n de la custodia datada del S.XVIII, hacen que nos sintamos orgullosos de nuestro pueblo. Por eso, cada vez va a m\u00e1s y apuestan para que no falte nunca nada ni el m\u00ednimo detalle pues es nuestro \u201cdiamante o joya cultural, nuestro evento cultural por excelencia, en el que todo el pueblo participa y se vuelca, sobre todo porque los ni\u00f1os y m\u00e1s peque\u00f1os est\u00e1n deseando echar serr\u00edn porque lo han visto\u00a0 desde sus abuelos y lo ver\u00e1n siempre en sus familias. Han conseguido ampliar los d\u00edas de fiesta, con grupos musicales de verbena para la noches previa y posterior, traen cuartetos musicales el domingo a media ma\u00f1ana, para la visita de las calles del pueblo. Se pretende revitalizar la noche del arreglo y decoraci\u00f3n del trabajo de las calles, amenizando las calles con propuestas dinamizadoras. Por ejemplo han pensado contar con Actividades dinamizadoras\u00a0 por las noches con trovadores o cantaautores, por eso damos churros con chocolate, amenizar las noches por las calles igual que con la m\u00fasica cl\u00e1sica por el d\u00eda.<\/p>\n<p style=\"text-align: justify;\"><a href=\"http:\/\/granadacostanacional.es\/wp-content\/uploads\/2017\/05\/5645.jpg\"><img decoding=\"async\" loading=\"lazy\" class=\"alignnone  wp-image-12027\" src=\"http:\/\/granadacostanacional.es\/wp-content\/uploads\/2017\/05\/5645-218x300.jpg\" alt=\"5645\" width=\"348\" height=\"479\" \/><\/a><\/p>\n<p style=\"text-align: justify;\">Entonces yo pregunto: \u00bfY c\u00f3mo?<\/p>\n<p style=\"text-align: justify;\">El regidor Antonio Pedregosa responde:<\/p>\n<p style=\"text-align: justify;\">Cambiando inversiones, dedicaci\u00f3n de tiempo para mejorar y hacer distinto el Corpus porque cada vez viene m\u00e1s gente. Por todo el inter\u00e9s \u00e9l se compromete en materializarlo sobre propuestas en la mesa.<\/p>\n<p style=\"text-align: justify;\">Vuelve a ejemplificar\u2026<\/p>\n<p style=\"text-align: justify;\">Por eso se est\u00e1n tomando medidas para fomentar y consolidar este evento patrimonial del Corpus. Creando y aportando premios para la participaci\u00f3n de artistas en pintura, pintando en los rincones por la noche y exponiendo por la ma\u00f1ana, y con un certamen po\u00e9tico por la noche-como ha propuesto el que entrevista- Como lugar de Encuentro para hacerlo m\u00e1s atractivo y darle m\u00e1s difusi\u00f3n.<\/p>\n<p style=\"text-align: justify;\">El alcalde enfatiza otra opci\u00f3n no menos importante y expone que: Adem\u00e1s contamos con el apoyo internacional de Mayer Valenzuela que quiere apoyar proyectos culturales que se consoliden en el pueblo: temas relacionados con el flamenco, teatro,\u00a0 por eso hay que buscar hospedaje aparte de en nuestro pueblo en Baena y Porcuna, incluso con ofertas en gastronom\u00eda. Adem\u00e1s el alcalde manifiesta\u00a0 que disponemos de subvenciones y partida presupuestaria que dedicaremos a Cultura, por eso queremos que cada vez vaya a m\u00e1s y se identifique esas actividades de\u00a0 Cert\u00e1menes o Concurso con el Corpus.<\/p>\n<p style=\"text-align: justify;\">El alcalde habl\u00f3 abiertamente del &#8220;compromiso por y para su pueblo&#8221; por parte de su equipo de gobierno, aunque est\u00e1 abierto tambi\u00e9n a iniciativas o propuestas, vengan desde donde vengan.Asume con optimismo\u00a0 que aunque\u00a0 los problemas no se terminan nunca, se priorizan en funci\u00f3n de las necesidades m\u00e1s urgentes con una bater\u00eda de medidas o recursos al alcance de sus posibilidades.<\/p>\n<p style=\"text-align: justify;\">Por otra parte, en lo que a m\u00ed respecta, fuera ya de guion, aunque si digo la verdad, no me he ajustado a ninguno por eso me gusta lo que concierne a la escritura desde cualquier g\u00e9nero; y con alguna intenci\u00f3n de reflexi\u00f3n cr\u00edtica. Quienes me conocen saben de sobra,\u00a0 mi ideario flexible, intenci\u00f3n cr\u00edtica y sobre todo de concienciaci\u00f3n para la mejora de asuntos socioculturales. Creo que ha llegado la hora de ser constructivo y apostar por nuestras ra\u00edces.\u00a0 Por\u00a0 ello es, de todo punto necesario comprometernos con\u00a0 nuestro patrimonio vinagorro, estar orgullosos de nuestro pueblo y sus gentes, y hacer un recorrido como se merece profundo y sincero que sirva de precedente, que se abandere en Proyectos Culturales.<\/p>\n<p style=\"text-align: justify;\">Respecto a la entrevista con A. Pedregosa hemos hablado de otros asuntos, que mencionaremos de pasada pero no recogeremos en este lugar: pol\u00edtica educativa, pol\u00edtica local y sus posibilidades, pol\u00edtica internacional y asuntos relacionados con la corrupci\u00f3n pol\u00edtica general. Tambi\u00e9n cuando se le pregunta por la conciencia del poder, \u00bfqu\u00e9 opina sobre la mayor legitimidad u honestidad? Nos responde \u00a0con calma y seguridad, con tener la entereza de no admitir lo incorrecto. Porque ante una evidencia, por qu\u00e9 no se ha cambiado antes, y uno por el otro la casa sin barrer, y en la pol\u00edtica uno debe de estar de paso, y se deber\u00edan apoyar los intereses generales de la poblaci\u00f3n, independientemente de la posici\u00f3n de partidista.<\/p>\n<p style=\"text-align: justify;\">Resumiendo y recapitulando, mi pregunta y respuesta\u00a0 ahora, es que quiz\u00e1 ha llegado el momento de aceptar que nuestra crisis es m\u00e1s que econ\u00f3mica, va m\u00e1s all\u00e1 de estos o aquellos pol\u00edticos. Reconocer que el principal problema de nuestro pueblo es la falta de expectativas, por eso hay que dinamizar y apostar firmemente por lo nuestro, sus tradiciones culturales, en el sentido m\u00e1s amplio del t\u00e9rmino, fiestas de convivencia y por supuesto sin faltar nada de nuestra\u00a0 espl\u00e9ndida y mejor gastronom\u00eda.<\/p>\n<p style=\"text-align: justify;\"><a href=\"http:\/\/granadacostanacional.es\/wp-content\/uploads\/2017\/05\/vbdvb.jpg\"><img decoding=\"async\" loading=\"lazy\" class=\"alignnone  wp-image-12025\" src=\"http:\/\/granadacostanacional.es\/wp-content\/uploads\/2017\/05\/vbdvb-300x168.jpg\" alt=\"vbdvb\" width=\"468\" height=\"262\" \/><\/a><\/p>\n<p style=\"text-align: justify;\">Admitir, para tratar de corregirlo, qu\u00e9 nos hace falta y hasta d\u00f3nde podemos avanzar para convertir Valenzuela\u00a0 en un pueblo donde pasar unos d\u00edas inolvidables con las familias como punto de encuentro,\u00a0por susadmirables tradiciones ha sido la mejor respuesta que ha podido darnos nuestro querido alcalde y con la que yo personalmente comparto o asumo tanto como m\u00eda. No se podr\u00eda haber dicho m\u00e1s claro, Antonio Pedregosa ha\u00a0 dejado constancia de su transparencia, y buena fe en su gesti\u00f3n, y ha manifestado\u00a0 que su cargo no es para siempre pero que su dedicaci\u00f3n y responsabilidad es absoluta. Las palabras del alcalde me han sonado muy sinceras, aparte de mantener una actitud entra\u00f1able en esta entrevista reportaje tanto por su afabilidad como por su confianza, que genera f\u00e1cilmente. Para y por todos aquellos que pensamos que nuestro pueblo tiene mucho que decir en cuanto a proyectos, y a ganas por apostar por lo nuestro como se\u00f1as de identidad.<\/p>\n<p style=\"text-align: justify;\"><a href=\"http:\/\/granadacostanacional.es\/wp-content\/uploads\/2017\/05\/44.jpg\"><img decoding=\"async\" loading=\"lazy\" class=\"alignnone  wp-image-12026\" src=\"http:\/\/granadacostanacional.es\/wp-content\/uploads\/2017\/05\/44-300x295.jpg\" alt=\"44\" width=\"518\" height=\"509\" \/><\/a><\/p>\n<p style=\"text-align: justify;\">Ning\u00fan pueblo logra mantenerse con pocos recursos. Tampoco a corto plazo. Pero si las ganas no nos falta ni el entusiasmo que le pone nuestro regidor, el camino es m\u00e1s f\u00e1cil para conseguirlo. Es el resultado de un trabajo que \u00a0ya ha comenzado con su disposici\u00f3n,\u00a0 y abriendo las puertas a quien quiera aportar sus ideas. Me consta y doy fe de ello..<\/p>\n<p style=\"text-align: justify;\">\n<p style=\"text-align: right;\"><em><strong>Francisco Velasco Rey<\/strong><\/em><\/p>\n","protected":false},"excerpt":{"rendered":"<p>Respecto a su curr\u00edculum propiamente dicho, don Antonio Pedregosa acab\u00f3 los estudios de magisterio y es Diplomado en Educaci\u00f3n Primaria,&hellip;<\/p>\n","protected":false},"author":2,"featured_media":12024,"comment_status":"open","ping_status":"open","sticky":false,"template":"","format":"standard","meta":{"om_disable_all_campaigns":false,"_mi_skip_tracking":false,"_monsterinsights_sitenote_active":false,"_monsterinsights_sitenote_note":"","_monsterinsights_sitenote_category":0,"footnotes":""},"categories":[21],"tags":[],"aioseo_notices":[],"_links":{"self":[{"href":"https:\/\/granadacostaglobal.es\/index.php?rest_route=\/wp\/v2\/posts\/12023"}],"collection":[{"href":"https:\/\/granadacostaglobal.es\/index.php?rest_route=\/wp\/v2\/posts"}],"about":[{"href":"https:\/\/granadacostaglobal.es\/index.php?rest_route=\/wp\/v2\/types\/post"}],"author":[{"embeddable":true,"href":"https:\/\/granadacostaglobal.es\/index.php?rest_route=\/wp\/v2\/users\/2"}],"replies":[{"embeddable":true,"href":"https:\/\/granadacostaglobal.es\/index.php?rest_route=%2Fwp%2Fv2%2Fcomments&post=12023"}],"version-history":[{"count":0,"href":"https:\/\/granadacostaglobal.es\/index.php?rest_route=\/wp\/v2\/posts\/12023\/revisions"}],"wp:featuredmedia":[{"embeddable":true,"href":"https:\/\/granadacostaglobal.es\/index.php?rest_route=\/"}],"wp:attachment":[{"href":"https:\/\/granadacostaglobal.es\/index.php?rest_route=%2Fwp%2Fv2%2Fmedia&parent=12023"}],"wp:term":[{"taxonomy":"category","embeddable":true,"href":"https:\/\/granadacostaglobal.es\/index.php?rest_route=%2Fwp%2Fv2%2Fcategories&post=12023"},{"taxonomy":"post_tag","embeddable":true,"href":"https:\/\/granadacostaglobal.es\/index.php?rest_route=%2Fwp%2Fv2%2Ftags&post=12023"}],"curies":[{"name":"wp","href":"https:\/\/api.w.org\/{rel}","templated":true}]}}