{"id":12020,"date":"2017-05-11T16:51:50","date_gmt":"2017-05-11T16:51:50","guid":{"rendered":"http:\/\/granadacostanacional.es\/?p=12020"},"modified":"2017-05-11T16:51:50","modified_gmt":"2017-05-11T16:51:50","slug":"la-junta-exigira-al-proyecto-de-fertibera-el-maximo-rigor-y-garantias-ambientales-para-preservar-el-entorno-y-las-marismas","status":"publish","type":"post","link":"https:\/\/granadacostaglobal.es\/?p=12020","title":{"rendered":"La Junta exigir\u00e1 al proyecto de Fertibera el m\u00e1ximo rigor y garant\u00edas ambientales para preservar el entorno y las marismas"},"content":{"rendered":"<p class=\"Subtitulo\" style=\"text-align: justify;\"><strong>Fiscal informa de que la Consejer\u00eda de Medio Ambiente est\u00e1 analizando a fondo el proyecto y estudio de impacto para presentar alegaciones.<\/strong><\/p>\n<p style=\"text-align: justify;\">El consejero de Medio Ambiente y Ordenaci\u00f3n del Territorio, Jos\u00e9 Fiscal, ha asegurado que la Junta de Andaluc\u00eda va a exigir el m\u00e1ximo rigor y garant\u00edas ambientales al proyecto presentado por Fertiberia para clausurar las balsas de fosfoyesos, con el objetivo de poder proteger el entorno y las marismas y mejorar la calidad de vida de los ciudadanos. Todo ello se plasmar\u00e1 en las alegaciones que presentar\u00e1 la consejer\u00eda.<\/p>\n<p style=\"text-align: justify;\">Durante su intervenci\u00f3n en el Parlamento andaluz, Fiscal ha informado de que la consejer\u00eda apurar\u00e1 el plazo conferido por el Ministerio de Agricultura y Pesca, Alimentaci\u00f3n y Medio Ambiente para analizar a fondo el proyecto y estudio de impacto, dada la importancia del mismo.<\/p>\n<p style=\"text-align: justify;\">A tenor de la relevancia que este asunto tiene para la ciudad de Huelva, Fiscal ha aclarado que la consejer\u00eda ha estado desde el principio presente en la Mesa de Participaci\u00f3n de los Fosfoyesos, auspiciada por el Ayuntamiento de Huelva, y que tendr\u00e1 muy en cuenta las conclusiones del Comit\u00e9 de Expertos designado para abordar el asunto.<\/p>\n<p style=\"text-align: justify;\">Cabe destacar que el ministerio al ser el \u00f3rgano responsable es la administraci\u00f3n que autoriza o no el proyecto, mientras que la consejer\u00eda es la competente para el otorgamiento de la autorizaci\u00f3n ambiental integrada (AAI), la cual no ha sido a\u00fan solicitada por la empresa. En esta l\u00ednea, el consejero ha reiterado que la Junta actuar\u00e1 con rigor y que garantizar\u00e1 el cumplimiento de la normativa ambiental en su conjunto.<\/p>\n<p style=\"text-align: justify;\">Por \u00faltimo, el titular de Medio Ambiente\u00a0 ha recordado que\u00a0 todas las entidades interesadas en este proyecto est\u00e1n a\u00fan a tiempo de trasladar las sugerencias que consideren oportunas para corregir el proyecto o para oponerse en todo o parte del mismo.<\/p>\n<p>&nbsp;<\/p>\n","protected":false},"excerpt":{"rendered":"<p>Fiscal informa de que la Consejer\u00eda de Medio Ambiente est\u00e1 analizando a fondo el proyecto y estudio de impacto para&hellip;<\/p>\n","protected":false},"author":2,"featured_media":12018,"comment_status":"open","ping_status":"open","sticky":false,"template":"","format":"standard","meta":{"om_disable_all_campaigns":false,"_mi_skip_tracking":false,"_monsterinsights_sitenote_active":false,"_monsterinsights_sitenote_note":"","_monsterinsights_sitenote_category":0,"footnotes":""},"categories":[22],"tags":[],"aioseo_notices":[],"_links":{"self":[{"href":"https:\/\/granadacostaglobal.es\/index.php?rest_route=\/wp\/v2\/posts\/12020"}],"collection":[{"href":"https:\/\/granadacostaglobal.es\/index.php?rest_route=\/wp\/v2\/posts"}],"about":[{"href":"https:\/\/granadacostaglobal.es\/index.php?rest_route=\/wp\/v2\/types\/post"}],"author":[{"embeddable":true,"href":"https:\/\/granadacostaglobal.es\/index.php?rest_route=\/wp\/v2\/users\/2"}],"replies":[{"embeddable":true,"href":"https:\/\/granadacostaglobal.es\/index.php?rest_route=%2Fwp%2Fv2%2Fcomments&post=12020"}],"version-history":[{"count":0,"href":"https:\/\/granadacostaglobal.es\/index.php?rest_route=\/wp\/v2\/posts\/12020\/revisions"}],"wp:featuredmedia":[{"embeddable":true,"href":"https:\/\/granadacostaglobal.es\/index.php?rest_route=\/"}],"wp:attachment":[{"href":"https:\/\/granadacostaglobal.es\/index.php?rest_route=%2Fwp%2Fv2%2Fmedia&parent=12020"}],"wp:term":[{"taxonomy":"category","embeddable":true,"href":"https:\/\/granadacostaglobal.es\/index.php?rest_route=%2Fwp%2Fv2%2Fcategories&post=12020"},{"taxonomy":"post_tag","embeddable":true,"href":"https:\/\/granadacostaglobal.es\/index.php?rest_route=%2Fwp%2Fv2%2Ftags&post=12020"}],"curies":[{"name":"wp","href":"https:\/\/api.w.org\/{rel}","templated":true}]}}