{"id":12017,"date":"2017-05-11T16:49:56","date_gmt":"2017-05-11T16:49:56","guid":{"rendered":"http:\/\/granadacostanacional.es\/?p=12017"},"modified":"2017-05-11T16:49:56","modified_gmt":"2017-05-11T16:49:56","slug":"fiscal-asegura-que-la-junta-ha-devuelto-ya-la-cantidad-cobrada-a-traves-del-canon-de-regulacion-de-regadios-del-guadalquivir","status":"publish","type":"post","link":"https:\/\/granadacostaglobal.es\/?p=12017","title":{"rendered":"Fiscal asegura que la Junta ha devuelto ya la cantidad cobrada  a trav\u00e9s del canon de regulaci\u00f3n de regad\u00edos del Guadalquivir"},"content":{"rendered":"<p class=\"Subtitulo\" style=\"text-align: justify;\"><strong>El consejero de Medio Ambiente recuerda en el Parlamento que este canon se cobr\u00f3 cuando la Junta de Andaluc\u00eda ten\u00eda las competencias de la cuenca.<\/strong><\/p>\n<p style=\"text-align: justify;\">El consejero de Medio Ambiente y Ordenaci\u00f3n del Territorio, Jos\u00e9 Fiscal, ha asegurado que sobre la devoluci\u00f3n del canon de regulaci\u00f3n de regad\u00edos y la tarifa de reutilizaci\u00f3n del agua de 2010 en el Distrito Hidrogr\u00e1fico del Guadalquivir, la Junta de Andaluc\u00eda ha tenido conocimiento de 17 sentencias dictadas por los Tribunales de Justicia que ahora son firmes y que han anulado un total de 24 liquidaciones tributarias. Seg\u00fan Fiscal, el importe de las mismas ascend\u00eda a un total a 5,52 millones de euros, una cantidad que junto con sus intereses legales de demora ha sido devuelta ya a cada uno de los sujetos pasivos.<\/p>\n<p style=\"text-align: justify;\">En caso de producirse otros pronunciamientos judiciales firmes, el consejero ha avanzado que la Junta ir\u00e1 cumpliendo con lo que estos determinen, respetando, como siempre, las sentencias que dictan los tribunales.<\/p>\n<p style=\"text-align: justify;\">Durante su intervenci\u00f3n en el Parlamento andaluz, Fiscal ha recordado que el canon de regad\u00edos y la tarifa de utilizaci\u00f3n de aguas de 2010 en el Distrito Hidrogr\u00e1fico del Guadalquivir fueron tramitados y cobrados por la Consejer\u00eda de Medio Ambiente y Ordenaci\u00f3n del Territorio, debido a que en ese a\u00f1o las competencias de gesti\u00f3n de la cuenca eran de la Comunidad Aut\u00f3noma de Andaluc\u00eda. Aunque en marzo de 2011 el Tribunal Constitucional devolvi\u00f3 las competencias del Guadalquivir al Estado, durante ese mismo a\u00f1o se tramitaron los c\u00e1nones y tarifas del ejercicio 2010, un periodo en el que la competencia era de la Junta. Seg\u00fan Fiscal, presentados los oportunos recursos los tribunales estimaron que cuando se emitieron las liquidaciones (septiembre de 2011), la administraci\u00f3n auton\u00f3mica era incompetente, aunque el periodo cobrado fuera 2010, cuando s\u00ed ostentaba dichas competencias.<\/p>\n","protected":false},"excerpt":{"rendered":"<p>El consejero de Medio Ambiente recuerda en el Parlamento que este canon se cobr\u00f3 cuando la Junta de Andaluc\u00eda ten\u00eda&hellip;<\/p>\n","protected":false},"author":2,"featured_media":12018,"comment_status":"open","ping_status":"open","sticky":false,"template":"","format":"standard","meta":{"om_disable_all_campaigns":false,"_mi_skip_tracking":false,"_monsterinsights_sitenote_active":false,"_monsterinsights_sitenote_note":"","_monsterinsights_sitenote_category":0,"footnotes":""},"categories":[22],"tags":[],"aioseo_notices":[],"_links":{"self":[{"href":"https:\/\/granadacostaglobal.es\/index.php?rest_route=\/wp\/v2\/posts\/12017"}],"collection":[{"href":"https:\/\/granadacostaglobal.es\/index.php?rest_route=\/wp\/v2\/posts"}],"about":[{"href":"https:\/\/granadacostaglobal.es\/index.php?rest_route=\/wp\/v2\/types\/post"}],"author":[{"embeddable":true,"href":"https:\/\/granadacostaglobal.es\/index.php?rest_route=\/wp\/v2\/users\/2"}],"replies":[{"embeddable":true,"href":"https:\/\/granadacostaglobal.es\/index.php?rest_route=%2Fwp%2Fv2%2Fcomments&post=12017"}],"version-history":[{"count":0,"href":"https:\/\/granadacostaglobal.es\/index.php?rest_route=\/wp\/v2\/posts\/12017\/revisions"}],"wp:featuredmedia":[{"embeddable":true,"href":"https:\/\/granadacostaglobal.es\/index.php?rest_route=\/"}],"wp:attachment":[{"href":"https:\/\/granadacostaglobal.es\/index.php?rest_route=%2Fwp%2Fv2%2Fmedia&parent=12017"}],"wp:term":[{"taxonomy":"category","embeddable":true,"href":"https:\/\/granadacostaglobal.es\/index.php?rest_route=%2Fwp%2Fv2%2Fcategories&post=12017"},{"taxonomy":"post_tag","embeddable":true,"href":"https:\/\/granadacostaglobal.es\/index.php?rest_route=%2Fwp%2Fv2%2Ftags&post=12017"}],"curies":[{"name":"wp","href":"https:\/\/api.w.org\/{rel}","templated":true}]}}