{"id":12013,"date":"2017-05-11T16:19:44","date_gmt":"2017-05-11T16:19:44","guid":{"rendered":"http:\/\/granadacostanacional.es\/?p=12013"},"modified":"2017-05-11T16:19:44","modified_gmt":"2017-05-11T16:19:44","slug":"educacion-contemplara-convocatorias-extraordinarias-para-solicitar-las-ayudas-al-primer-ciclo-de-educacion-infantil","status":"publish","type":"post","link":"https:\/\/granadacostaglobal.es\/?p=12013","title":{"rendered":"Educaci\u00f3n contemplar\u00e1 convocatorias extraordinarias para solicitar las ayudas al primer ciclo de Educaci\u00f3n Infantil."},"content":{"rendered":"<h4 style=\"text-align: justify;\"><strong>Adelaida de la Calle destaca en el Parlamento que el 98% de las familias solicitan plaza en el procedimiento ordinario<\/strong><\/h4>\n<p style=\"text-align: justify;\">La consejera de Educaci\u00f3n, Adelaida de la Calle, ha informado en el Parlamento de\u00a0 que para las familias que no hubieran podido solicitar la ayuda al primer ciclo de Educaci\u00f3n Infantil en la convocatoria ordinaria o para aquellos casos en el que el ni\u00f1o o ni\u00f1a no hubiese alcanzado las 16 semanas de vida a 1 de septiembre se podr\u00e1n contemplar nuevas convocatorias con un plazo extraordinario de solicitudes,\u00a0 tal y como recoge el Decreto-Ley de medidas urgentes para favorecer la escolarizaci\u00f3n en el primer ciclo de Educaci\u00f3n Infantil en Andaluc\u00eda.<\/p>\n<p style=\"text-align: justify;\">As\u00ed, la titular de Educaci\u00f3n ha explicado que la convocatoria extraordinaria se articular\u00e1 como establece la Ley y el Reglamento general de subvenciones y los presupuestos aprobados por el Parlamento.<\/p>\n<p style=\"text-align: justify;\">Asimismo, De la Calle ha avanzado que seg\u00fan las estimaciones de su departamento aproximadamente un 98% de las familias solicitan plaza en el\u00a0 procedimiento ordinario, \u201cque es f\u00e1cil, \u00e1gil y transparente\u201d.<\/p>\n<p style=\"text-align: justify;\">Durante su intervenci\u00f3n, la titular de Educaci\u00f3n ha se\u00f1alado que para el pr\u00f3ximo curso escolar 2017\/18, la Consejer\u00eda ha incrementado la oferta del primer ciclo de Educaci\u00f3n Infantil con 113.019 plazas, 15.016 m\u00e1s que en el curso actual y la red de centros estar\u00e1 integrada por 1.900 centros.<\/p>\n<p style=\"text-align: justify;\">Adem\u00e1s, ha destacado que Andaluc\u00eda cuenta para esta etapa con un sistema de ayudas a las familias \u201csin parang\u00f3n en Espa\u00f1a\u201d con una inversi\u00f3n de 175,4 millones de euros.<\/p>\n<p style=\"text-align: justify;\">En este sentido, Adelaida de la Calle ha subrayado que el Gobierno andaluz trabaja para que el primer ciclo de Educaci\u00f3n Infantil, una etapa que no es universal, ni obligatoria, ni gratuita, se integre plenamente en el sistema educativo andaluz\u00a0 y llegue a m\u00e1s familias, a m\u00e1s centros y a m\u00e1s poblaciones.<\/p>\n","protected":false},"excerpt":{"rendered":"<p>Adelaida de la Calle destaca en el Parlamento que el 98% de las familias solicitan plaza en el procedimiento ordinario&hellip;<\/p>\n","protected":false},"author":2,"featured_media":12014,"comment_status":"open","ping_status":"open","sticky":false,"template":"","format":"standard","meta":{"om_disable_all_campaigns":false,"_mi_skip_tracking":false,"_monsterinsights_sitenote_active":false,"_monsterinsights_sitenote_note":"","_monsterinsights_sitenote_category":0,"footnotes":""},"categories":[22],"tags":[],"aioseo_notices":[],"_links":{"self":[{"href":"https:\/\/granadacostaglobal.es\/index.php?rest_route=\/wp\/v2\/posts\/12013"}],"collection":[{"href":"https:\/\/granadacostaglobal.es\/index.php?rest_route=\/wp\/v2\/posts"}],"about":[{"href":"https:\/\/granadacostaglobal.es\/index.php?rest_route=\/wp\/v2\/types\/post"}],"author":[{"embeddable":true,"href":"https:\/\/granadacostaglobal.es\/index.php?rest_route=\/wp\/v2\/users\/2"}],"replies":[{"embeddable":true,"href":"https:\/\/granadacostaglobal.es\/index.php?rest_route=%2Fwp%2Fv2%2Fcomments&post=12013"}],"version-history":[{"count":0,"href":"https:\/\/granadacostaglobal.es\/index.php?rest_route=\/wp\/v2\/posts\/12013\/revisions"}],"wp:featuredmedia":[{"embeddable":true,"href":"https:\/\/granadacostaglobal.es\/index.php?rest_route=\/"}],"wp:attachment":[{"href":"https:\/\/granadacostaglobal.es\/index.php?rest_route=%2Fwp%2Fv2%2Fmedia&parent=12013"}],"wp:term":[{"taxonomy":"category","embeddable":true,"href":"https:\/\/granadacostaglobal.es\/index.php?rest_route=%2Fwp%2Fv2%2Fcategories&post=12013"},{"taxonomy":"post_tag","embeddable":true,"href":"https:\/\/granadacostaglobal.es\/index.php?rest_route=%2Fwp%2Fv2%2Ftags&post=12013"}],"curies":[{"name":"wp","href":"https:\/\/api.w.org\/{rel}","templated":true}]}}