{"id":12011,"date":"2017-05-11T16:09:42","date_gmt":"2017-05-11T16:09:42","guid":{"rendered":"http:\/\/granadacostanacional.es\/?p=12011"},"modified":"2017-05-11T16:09:42","modified_gmt":"2017-05-11T16:09:42","slug":"educacion-celebra-las-pruebas-libres-para-obtener-titulos-de-fp-con-9-000-aspirantes-y-la-realizacion-on-line-de-los-examenes-adelaida-de-la-calle-destaca-en-el-parlamento-que-andalucia-esta-a-la-va","status":"publish","type":"post","link":"https:\/\/granadacostaglobal.es\/?p=12011","title":{"rendered":"Educaci\u00f3n celebra las pruebas libres para obtener t\u00edtulos de FP con 9.000 aspirantes y la realizaci\u00f3n on line de los ex\u00e1menes.  Adelaida de la Calle destaca en el Parlamento que Andaluc\u00eda est\u00e1 a la vanguardia en la aplicaci\u00f3n de este sistema de evaluaci\u00f3n informatizado"},"content":{"rendered":"<p style=\"text-align: justify;\">La consejera de Educaci\u00f3n, Adelaida de la Calle, ha informado en el Pleno del Parlamento de que desde el pasado d\u00eda 2 al 26 de mayo se celebran las pruebas libres para obtener los t\u00edtulos de T\u00e9cnico o de T\u00e9cnico Superior de Formaci\u00f3n Profesional con 9.000 personas matriculadas y la realizaci\u00f3n on line de los ex\u00e1menes, gracias a la aplicaci\u00f3n de una avanzado procedimiento de dise\u00f1o, correcci\u00f3n y evaluaci\u00f3n.<\/p>\n<p style=\"text-align: justify;\">Adelaida de la Calle ha se\u00f1alado que Andaluc\u00eda ha sido pionera en la puesta en marcha de este sistema de pruebas, que se aplica ya desde la convocatoria de 2015 pero que por primera vez este a\u00f1o se logra que el 100% de los ex\u00e1menes se hagan en la modalidad online.<\/p>\n<p style=\"text-align: justify;\">La Consejer\u00eda de Educaci\u00f3n ha ofertado este a\u00f1o 194 m\u00f3dulos pertenecientes a 21 t\u00edtulos de Formaci\u00f3n Profesional, doce de Grado Medio y nueve de Grado Superior. De la Calle ha destacado que estas pruebas resultan muy importantes para constatar las necesidades del mercado de trabajo y de la propia ciudadan\u00eda.<\/p>\n<p style=\"text-align: justify;\">En este sentido, los t\u00edtulos m\u00e1s demandados en estas pruebas libres han sido los de Emergencias Sanitarias, Farmacia y Parafarmarcia, Cuidados Auxiliares de Enfermer\u00eda, Atenci\u00f3n a las Personas en Situaci\u00f3n de Dependencia y Educaci\u00f3n Infantil.<\/p>\n<p style=\"text-align: justify;\">La consejera ha subrayado igualmente la agilidad, transparencia y objetivad del proceso electr\u00f3nico, que sit\u00faa a Andaluc\u00eda a la vanguardia de las comunidades aut\u00f3nomas y que forma parte del plan de modernizaci\u00f3n e impulso de la FP que lleva a cabo la Junta.<\/p>\n<p style=\"text-align: justify;\">Para la actual convocatoria se ha contado con una Base de Datos con m\u00e1s de 60.000 posibles preguntas de examen, elaboradas por 130 expertos de las diferentes familias profesionales. A partir de este banco de preguntas se dise\u00f1an las diferentes pruebas que debe realizar cada alumno y alumna, y que se cargan en el ordenador del centro colaborador al que acudir\u00e1n los examinandos.<\/p>\n<p style=\"text-align: justify;\">Para completar este procedimiento por red, los aspirantes podr\u00e1n descargar, a finales de junio, a trav\u00e9s de la Secretar\u00eda Virtual de la Consejer\u00eda de Educaci\u00f3n un certificado firmado digitalmente con las calificaciones correspondientes, sin necesidad de desplazarse al centro educativo en el que se examinaron.<\/p>\n","protected":false},"excerpt":{"rendered":"<p>La consejera de Educaci\u00f3n, Adelaida de la Calle, ha informado en el Pleno del Parlamento de que desde el pasado&hellip;<\/p>\n","protected":false},"author":2,"featured_media":11945,"comment_status":"open","ping_status":"open","sticky":false,"template":"","format":"standard","meta":{"om_disable_all_campaigns":false,"_mi_skip_tracking":false,"_monsterinsights_sitenote_active":false,"_monsterinsights_sitenote_note":"","_monsterinsights_sitenote_category":0,"footnotes":""},"categories":[22],"tags":[],"aioseo_notices":[],"_links":{"self":[{"href":"https:\/\/granadacostaglobal.es\/index.php?rest_route=\/wp\/v2\/posts\/12011"}],"collection":[{"href":"https:\/\/granadacostaglobal.es\/index.php?rest_route=\/wp\/v2\/posts"}],"about":[{"href":"https:\/\/granadacostaglobal.es\/index.php?rest_route=\/wp\/v2\/types\/post"}],"author":[{"embeddable":true,"href":"https:\/\/granadacostaglobal.es\/index.php?rest_route=\/wp\/v2\/users\/2"}],"replies":[{"embeddable":true,"href":"https:\/\/granadacostaglobal.es\/index.php?rest_route=%2Fwp%2Fv2%2Fcomments&post=12011"}],"version-history":[{"count":0,"href":"https:\/\/granadacostaglobal.es\/index.php?rest_route=\/wp\/v2\/posts\/12011\/revisions"}],"wp:featuredmedia":[{"embeddable":true,"href":"https:\/\/granadacostaglobal.es\/index.php?rest_route=\/"}],"wp:attachment":[{"href":"https:\/\/granadacostaglobal.es\/index.php?rest_route=%2Fwp%2Fv2%2Fmedia&parent=12011"}],"wp:term":[{"taxonomy":"category","embeddable":true,"href":"https:\/\/granadacostaglobal.es\/index.php?rest_route=%2Fwp%2Fv2%2Fcategories&post=12011"},{"taxonomy":"post_tag","embeddable":true,"href":"https:\/\/granadacostaglobal.es\/index.php?rest_route=%2Fwp%2Fv2%2Ftags&post=12011"}],"curies":[{"name":"wp","href":"https:\/\/api.w.org\/{rel}","templated":true}]}}