{"id":1196,"date":"2015-05-08T11:55:17","date_gmt":"2015-05-08T11:55:17","guid":{"rendered":"http:\/\/granadacosta.es\/?p=1196"},"modified":"2015-05-08T11:55:17","modified_gmt":"2015-05-08T11:55:17","slug":"metro-de-granada-efectua-pruebas-dinamicas-con-doble-composicion-de-trenes","status":"publish","type":"post","link":"https:\/\/granadacostaglobal.es\/?p=1196","title":{"rendered":"Metro de Granada efect\u00faa pruebas din\u00e1micas con doble composici\u00f3n de trenes"},"content":{"rendered":"<p>La previsi\u00f3n es abordar la ampliaci\u00f3n de los ensayos hasta la parada de La Caleta, en la capital<\/p>\n<p>Las pruebas din\u00e1micas que Metro de Granada est\u00e1 efectuando entre Albolote, en el inicio del trazado, \u00a0y la parada ubicada junto a la estaci\u00f3n de autobuses, en Granada capital, han introducido nuevos ensayos, con la incorporaci\u00f3n de una doble composici\u00f3n de trenes. La Consejer\u00eda de Fomento y Vivienda, que promueve el metro ligero de Granada, contempla durante la fase de explotaci\u00f3n la incorporaci\u00f3n de dobles composiciones de unidades para atender incrementos puntuales de la demanda o bien para reforzar la oferta durante eventos o fiestas que precisen de una mayor capacidad de transporte.<\/p>\n<p>La actual fase de pruebas con unidades de la flota del metro ligero est\u00e1 permitiendo comprobar la integraci\u00f3n de los trenes en el trazado, as\u00ed como efectuar pruebas de tracci\u00f3n y frenado, a lo largo de los \u00a05,5 kil\u00f3metros de recorrido entre Albolote y la estaci\u00f3n de autobuses, en Granada capital. Metro de Granada prev\u00e9 abordar en breve la ampliaci\u00f3n de estos ensayos con trenes hasta la parada de La Caleta, en Granada capital.<\/p>\n","protected":false},"excerpt":{"rendered":"<p>La previsi\u00f3n es abordar la ampliaci\u00f3n de los ensayos hasta la parada de La Caleta, en la capital Las pruebas&hellip;<\/p>\n","protected":false},"author":2,"featured_media":1197,"comment_status":"open","ping_status":"open","sticky":false,"template":"","format":"standard","meta":{"om_disable_all_campaigns":false,"_mi_skip_tracking":false,"_monsterinsights_sitenote_active":false,"_monsterinsights_sitenote_note":"","_monsterinsights_sitenote_category":0,"footnotes":""},"categories":[21,22],"tags":[],"aioseo_notices":[],"_links":{"self":[{"href":"https:\/\/granadacostaglobal.es\/index.php?rest_route=\/wp\/v2\/posts\/1196"}],"collection":[{"href":"https:\/\/granadacostaglobal.es\/index.php?rest_route=\/wp\/v2\/posts"}],"about":[{"href":"https:\/\/granadacostaglobal.es\/index.php?rest_route=\/wp\/v2\/types\/post"}],"author":[{"embeddable":true,"href":"https:\/\/granadacostaglobal.es\/index.php?rest_route=\/wp\/v2\/users\/2"}],"replies":[{"embeddable":true,"href":"https:\/\/granadacostaglobal.es\/index.php?rest_route=%2Fwp%2Fv2%2Fcomments&post=1196"}],"version-history":[{"count":0,"href":"https:\/\/granadacostaglobal.es\/index.php?rest_route=\/wp\/v2\/posts\/1196\/revisions"}],"wp:featuredmedia":[{"embeddable":true,"href":"https:\/\/granadacostaglobal.es\/index.php?rest_route=\/"}],"wp:attachment":[{"href":"https:\/\/granadacostaglobal.es\/index.php?rest_route=%2Fwp%2Fv2%2Fmedia&parent=1196"}],"wp:term":[{"taxonomy":"category","embeddable":true,"href":"https:\/\/granadacostaglobal.es\/index.php?rest_route=%2Fwp%2Fv2%2Fcategories&post=1196"},{"taxonomy":"post_tag","embeddable":true,"href":"https:\/\/granadacostaglobal.es\/index.php?rest_route=%2Fwp%2Fv2%2Ftags&post=1196"}],"curies":[{"name":"wp","href":"https:\/\/api.w.org\/{rel}","templated":true}]}}