{"id":11947,"date":"2017-05-09T16:04:57","date_gmt":"2017-05-09T16:04:57","guid":{"rendered":"http:\/\/granadacostanacional.es\/?p=11947"},"modified":"2017-05-09T16:04:57","modified_gmt":"2017-05-09T16:04:57","slug":"guadalinfo-alhama-de-granada-acoge-un-encuentro-juvenil-con-motivo-del-dia-de-europa","status":"publish","type":"post","link":"https:\/\/granadacostaglobal.es\/?p=11947","title":{"rendered":"Guadalinfo Alhama de Granada acoge un encuentro juvenil con motivo del D\u00eda de Europa"},"content":{"rendered":"<p style=\"text-align: justify;\"><strong>Un total de treinta j\u00f3venes de la provincia participan en una jornada para conocer programas de movilidad europea y poner en marcha proyectos en este marco.<\/strong><\/p>\n<p style=\"text-align: justify;\">Hoy d\u00eda 9 de mayo D\u00eda de Europa, numerosas organizaciones y actividades organizan actividades para dar a conocer y acercar a la ciudadan\u00eda el origen de la Uni\u00f3n Europea, las distintas culturas que la componen y su marco como entidad pol\u00edtica. Entre ellas, la Red de Centros Guadalinfo organiza y colabra en diferentes propuestas\u00a0 con este objetivo y adem\u00e1s, promoviendo el uso de las TIC (Tecnolog\u00edas de la Informaci\u00f3n y la Comunicaci\u00f3n).<\/p>\n<p style=\"text-align: justify;\">Un ejemplo es el\u00a0<a href=\"http:\/\/www.guadalinfo.es\/detalle-centro?ID_CENTRO=804\">Centro Guadalinfo de Alhama de Granada<\/a> que ha acogido la jornada\u00a0<strong>&#8220;Europa te interesa&#8221;. <\/strong>Un evento enmarcado en el programa\u00a0<strong>&#8220;J\u00f3venes por Alhama&#8221;<\/strong>\u00a0que pone en marcha encuentros peri\u00f3dicos sobre temas de inter\u00e9s social para fomentar la participaci\u00f3n de este colectivo de entre 16 y 35 a\u00f1os.<\/p>\n<p style=\"text-align: justify;\">El Agente de Innovaci\u00f3n Local de esta localidad ha participado como colaborador en la organizaci\u00f3n y difusi\u00f3n de esta actividad que ha reunido a un total de 30 participantes: Agentes de Innovaci\u00f3n Local, \u00a0Animadores Socio Culturales, concejales del \u00c1rea de juventud y j\u00f3venes de varios puntos de la provincia.<\/p>\n<p style=\"text-align: justify;\">La jornada ha arrancado con un desayuno colaborativo en el que los asistentes han compartido productos representativos de sus respectivos municipios, como el pan t\u00edpico de Alhama &#8220;el pan romano&#8221;, primera cultura que represent\u00f3 la identidad europea. Y continuado con una mesa de trabajo sobre Eramus+, programa para promover la movilidad de estudiantes europeos en la que se ha profundizado en los distintos pasos para acreditarse, los formularios, el youthpass y los detalles para poder ejecutar acciones dentro de la l\u00ednea Erasmus+. \u00a0Por \u00faltimo una mesa de redonda ha servido para la puesta en com\u00fan de proyectos futuros.<\/p>\n","protected":false},"excerpt":{"rendered":"<p>Un total de treinta j\u00f3venes de la provincia participan en una jornada para conocer programas de movilidad europea y poner&hellip;<\/p>\n","protected":false},"author":2,"featured_media":11948,"comment_status":"open","ping_status":"open","sticky":false,"template":"","format":"standard","meta":{"om_disable_all_campaigns":false,"_mi_skip_tracking":false,"_monsterinsights_sitenote_active":false,"_monsterinsights_sitenote_note":"","_monsterinsights_sitenote_category":0,"footnotes":""},"categories":[22],"tags":[],"aioseo_notices":[],"_links":{"self":[{"href":"https:\/\/granadacostaglobal.es\/index.php?rest_route=\/wp\/v2\/posts\/11947"}],"collection":[{"href":"https:\/\/granadacostaglobal.es\/index.php?rest_route=\/wp\/v2\/posts"}],"about":[{"href":"https:\/\/granadacostaglobal.es\/index.php?rest_route=\/wp\/v2\/types\/post"}],"author":[{"embeddable":true,"href":"https:\/\/granadacostaglobal.es\/index.php?rest_route=\/wp\/v2\/users\/2"}],"replies":[{"embeddable":true,"href":"https:\/\/granadacostaglobal.es\/index.php?rest_route=%2Fwp%2Fv2%2Fcomments&post=11947"}],"version-history":[{"count":0,"href":"https:\/\/granadacostaglobal.es\/index.php?rest_route=\/wp\/v2\/posts\/11947\/revisions"}],"wp:featuredmedia":[{"embeddable":true,"href":"https:\/\/granadacostaglobal.es\/index.php?rest_route=\/"}],"wp:attachment":[{"href":"https:\/\/granadacostaglobal.es\/index.php?rest_route=%2Fwp%2Fv2%2Fmedia&parent=11947"}],"wp:term":[{"taxonomy":"category","embeddable":true,"href":"https:\/\/granadacostaglobal.es\/index.php?rest_route=%2Fwp%2Fv2%2Fcategories&post=11947"},{"taxonomy":"post_tag","embeddable":true,"href":"https:\/\/granadacostaglobal.es\/index.php?rest_route=%2Fwp%2Fv2%2Ftags&post=11947"}],"curies":[{"name":"wp","href":"https:\/\/api.w.org\/{rel}","templated":true}]}}