{"id":11944,"date":"2017-05-09T16:02:17","date_gmt":"2017-05-09T16:02:17","guid":{"rendered":"http:\/\/granadacostanacional.es\/?p=11944"},"modified":"2017-05-09T16:02:17","modified_gmt":"2017-05-09T16:02:17","slug":"la-junta-convoca-una-nueva-edicion-del-premio-andalucia-de-medio-ambiente","status":"publish","type":"post","link":"https:\/\/granadacostaglobal.es\/?p=11944","title":{"rendered":"La Junta convoca una nueva edici\u00f3n del  Premio Andaluc\u00eda de Medio Ambiente"},"content":{"rendered":"<p style=\"text-align: justify;\"><strong>Con estos galardones se quiere reconoce la labor de quienes han contribuido a la mejora de los valores ambientales en Andaluc\u00eda.<\/strong><\/p>\n<p style=\"text-align: justify;\">La Consejer\u00eda de Medio Ambiente y Ordenaci\u00f3n del Territorio ha convocado el XXI Premio Andaluc\u00eda de Medio Ambiente, con el que se quiere reconocer el trabajo de quienes han contribuido a la conservaci\u00f3n, protecci\u00f3n y difusi\u00f3n de lo valores medioambientales de Andaluc\u00eda.<\/p>\n<p style=\"text-align: justify;\">Estos galardones de car\u00e1cter anual incluyen seis modalidades diferentes: empresa y medio ambiente, comunicaci\u00f3n ambiental, compromiso y educaci\u00f3n ambiental, medio ambiente urbano y cambio clim\u00e1tico, valores naturales de Andaluc\u00eda y premio especial \u2018Cinta Castillo\u2019 a toda una carrera profesional.<\/p>\n<p style=\"text-align: justify;\">Las candidaturas podr\u00e1n basarse en cualquier proyecto o actividad dirigida a sensibilizar, mejorar, proteger y conservar los valores ambientales. La presentaci\u00f3n de las mismas podr\u00e1 efectuarse en el Registro General o en cualquiera de los registros u oficinas establecidos en la Ley 30\/1992, de 26 de noviembre, de r\u00e9gimen Jur\u00eddico de las Administraciones P\u00fablicas y del Procedimiento Administrativo Com\u00fan, o a trav\u00e9s de internet en el Registro Telem\u00e1tico \u00danico de la Administraci\u00f3n de la Junta de Andaluc\u00eda.<\/p>\n<p style=\"text-align: justify;\">A esta convocatoria, publicada hoy 8 de mayo en el Bolet\u00edn Oficial de la Junta de Andaluc\u00eda (BOJA)<strong>,<\/strong> pueden optar todas las personas o entidades p\u00fablicas o privadas que hayan destacado en la mejora del medio ambiente en Andaluc\u00eda. El plazo para entregar las candidaturas ser\u00e1 de 20 d\u00edas, a contar desde su publicaci\u00f3n en BOJA.<\/p>\n<p style=\"text-align: justify;\">El premio consistir\u00e1 en una escultura de un artista andaluz de reconocido prestigio, y en un diploma acreditativo de la concesi\u00f3n.<\/p>\n<p style=\"text-align: justify;\">En la pasada edici\u00f3n estos galardones recayeron en el cient\u00edfico Miguel Delibes, la Empresa Metropolitana de Abastecimiento de Aguas de Sevilla (Emasesa), la ONCE, la Sociedad Gaditana de Historia Natural, el Ayuntamiento de Aracena y la Fundaci\u00f3n Migres.<\/p>\n","protected":false},"excerpt":{"rendered":"<p>Con estos galardones se quiere reconoce la labor de quienes han contribuido a la mejora de los valores ambientales en&hellip;<\/p>\n","protected":false},"author":2,"featured_media":11945,"comment_status":"open","ping_status":"open","sticky":false,"template":"","format":"standard","meta":{"om_disable_all_campaigns":false,"_mi_skip_tracking":false,"_monsterinsights_sitenote_active":false,"_monsterinsights_sitenote_note":"","_monsterinsights_sitenote_category":0,"footnotes":""},"categories":[22],"tags":[],"aioseo_notices":[],"_links":{"self":[{"href":"https:\/\/granadacostaglobal.es\/index.php?rest_route=\/wp\/v2\/posts\/11944"}],"collection":[{"href":"https:\/\/granadacostaglobal.es\/index.php?rest_route=\/wp\/v2\/posts"}],"about":[{"href":"https:\/\/granadacostaglobal.es\/index.php?rest_route=\/wp\/v2\/types\/post"}],"author":[{"embeddable":true,"href":"https:\/\/granadacostaglobal.es\/index.php?rest_route=\/wp\/v2\/users\/2"}],"replies":[{"embeddable":true,"href":"https:\/\/granadacostaglobal.es\/index.php?rest_route=%2Fwp%2Fv2%2Fcomments&post=11944"}],"version-history":[{"count":0,"href":"https:\/\/granadacostaglobal.es\/index.php?rest_route=\/wp\/v2\/posts\/11944\/revisions"}],"wp:featuredmedia":[{"embeddable":true,"href":"https:\/\/granadacostaglobal.es\/index.php?rest_route=\/"}],"wp:attachment":[{"href":"https:\/\/granadacostaglobal.es\/index.php?rest_route=%2Fwp%2Fv2%2Fmedia&parent=11944"}],"wp:term":[{"taxonomy":"category","embeddable":true,"href":"https:\/\/granadacostaglobal.es\/index.php?rest_route=%2Fwp%2Fv2%2Fcategories&post=11944"},{"taxonomy":"post_tag","embeddable":true,"href":"https:\/\/granadacostaglobal.es\/index.php?rest_route=%2Fwp%2Fv2%2Ftags&post=11944"}],"curies":[{"name":"wp","href":"https:\/\/api.w.org\/{rel}","templated":true}]}}