{"id":11873,"date":"2017-05-03T15:22:56","date_gmt":"2017-05-03T15:22:56","guid":{"rendered":"http:\/\/granadacostanacional.es\/?p=11873"},"modified":"2017-05-03T15:22:56","modified_gmt":"2017-05-03T15:22:56","slug":"fernandez-destaca-la-consolidacion-de-los-101-km-de-ronda-como-una-cita-deportiva-unica-con-proyeccion-internacional","status":"publish","type":"post","link":"https:\/\/granadacostaglobal.es\/?p=11873","title":{"rendered":"Fern\u00e1ndez destaca la consolidaci\u00f3n de los &#8216;101 km&#8217; de Ronda como una cita deportiva \u00fanica con proyecci\u00f3n internacional"},"content":{"rendered":"<h5 style=\"text-align: justify;\">El Centro Andaluz de Medicina del Deporte atiende casi un millar de solicitudes para la realizaci\u00f3n de reconocimientos gratuitos a los participantes<\/h5>\n<p style=\"text-align: justify;\">El consejero de Turismo y Deporte, Francisco Javier Fern\u00e1ndez, present\u00f3 hoy la prueba de los &#8216;101 km&#8217; de Ronda, cuya 20\u00aa edici\u00f3n se celebrar\u00e1 del 12 al 14 de mayo con la participaci\u00f3n de 7.500 deportistas de entre 21.300 solicitudes procedentes de 63 pa\u00edses, y destac\u00f3 que este evento referente de la ciudad malague\u00f1a se ha consolidado como una cita que posee unas caracter\u00edsticas \u00fanicas y una gran proyecci\u00f3n internacional.<\/p>\n<p style=\"text-align: justify;\">Esta carrera de ultrafondo por la Serran\u00eda de Ronda se disputa en las modalidades de marcha individual y por equipos, y MTB, tanto en categor\u00eda masculina como femenina El recorrido se desarrolla por las provincias de M\u00e1laga y C\u00e1diz, pasando por los municipios de Ronda, Arriate, Alcal\u00e1 del Valle, Setenil de las Bodegas, Montejaque y Benaoj\u00e1n. Tambi\u00e9n alberga una prueba infantil sobre una distancia de tres kil\u00f3metros.<\/p>\n<p style=\"text-align: justify;\"><a href=\"http:\/\/granadacostanacional.es\/wp-content\/uploads\/2017\/05\/101-km-Ronda.jpg\"><img decoding=\"async\" loading=\"lazy\" class=\"alignnone wp-image-11876\" src=\"http:\/\/granadacostanacional.es\/wp-content\/uploads\/2017\/05\/101-km-Ronda-300x190.jpg\" alt=\"101 km Ronda\" width=\"662\" height=\"419\" \/><\/a><\/p>\n<p style=\"text-align: justify;\">El consejero incidi\u00f3 en que esta esta competici\u00f3n de m\u00e1ximo nivel prestigia el deporte en Andaluc\u00eda y subray\u00f3 su originalidad porque se desarrolla en un entorno \u00fanico, adem\u00e1s de que difunde tanto la imagen del destino como su capacidad de organizaci\u00f3n. Asimismo, se\u00f1al\u00f3 su contribuci\u00f3n a la promoci\u00f3n de la pr\u00e1ctica deportiva y su impacto econ\u00f3mico y tur\u00edstico en el entorno, al atraer a numerosos participantes y p\u00fablico.<\/p>\n<p style=\"text-align: justify;\">Fern\u00e1ndez record\u00f3 que con motivo de esta cita su departamento firm\u00f3 un acuerdo\u00a0 con el Ayuntamiento ronde\u00f1o y el Tercio Alejandro Farnesio 4\u00ba de La Legi\u00f3n por el que el Centro Andaluz de Medicina del Deporte (CAMD) est\u00e1 realizando ex\u00e1menes m\u00e9dicos voluntarios y gratuitos a los participantes, para concienciar sobre la importancia de estos reconocimientos previos para realizar una prueba deportiva con garant\u00eda y seguridad.<\/p>\n<p style=\"text-align: justify;\">As\u00ed, el CAMD ha recibido 1.075 solicitudes y ha realizado ya casi 900 pruebas a deportistas en sus distintos centros. Por su parte, el Ayuntamiento cede las instalaciones necesarias de manera gratuita para que los participantes que lleguen a Ronda en los d\u00edas previos a la competici\u00f3n pueden someterse a los ex\u00e1menes, dando as\u00ed la oportunidad a los deportistas asistentes desde fuera de Andaluc\u00eda.<\/p>\n<p style=\"text-align: justify;\">El contenido de las pruebas que comprende este programa son: anamnesis familiar\u00a0 y personal, exploraci\u00f3n f\u00edsica completa, electrocardiograma de reposo (12 Derivaciones), espirometr\u00eda y otras complementarias, si se consideran necesarias. Tras la valoraci\u00f3n m\u00e9dica, el deportista recibe un informe escrito con los resultados, recomendaciones y si se desprende o no alguna contraindicaci\u00f3n para la realizaci\u00f3n de ejercicio f\u00edsico.<\/p>\n<p style=\"text-align: justify;\"><strong>Experiencia<\/strong><\/p>\n<p style=\"text-align: justify;\">El CAMD, que ya cuentan con una larga experiencia en la realizaci\u00f3n de este tipo de valoraci\u00f3n a deportistas andaluces y en campa\u00f1as similares con los participantes en el &#8216;Desaf\u00edo Do\u00f1ana&#8217; o el &#8216;Marat\u00f3n des Sables&#8217;, ha habilitado tres n\u00fameros de tel\u00e9fono (600 147 640, 600 147 637, 600 147 636) con horario de 9.00 a 14.00 horas para que quienes quieran someterse al reconocimiento puedan concertar su cita.<\/p>\n<p style=\"text-align: justify;\">El centro, dependiente de la Consejer\u00eda de Turismo y Deporte, dispone de una sede en cada provincia, con lo que los deportistas no tienen que desplazarse a otros lugares y se puede realizar las pruebas en la m\u00e1s cercana a su domicilio. En todas ellas, cuenta con la misma tecnolog\u00eda y medios, tanto humanos como materiales, para poder realizar valoraciones unificadas y con los mismos criterios m\u00e9dicos.<\/p>\n","protected":false},"excerpt":{"rendered":"<p>El Centro Andaluz de Medicina del Deporte atiende casi un millar de solicitudes para la realizaci\u00f3n de reconocimientos gratuitos a&hellip;<\/p>\n","protected":false},"author":2,"featured_media":11875,"comment_status":"open","ping_status":"open","sticky":false,"template":"","format":"standard","meta":{"om_disable_all_campaigns":false,"_mi_skip_tracking":false,"_monsterinsights_sitenote_active":false,"_monsterinsights_sitenote_note":"","_monsterinsights_sitenote_category":0,"footnotes":""},"categories":[22],"tags":[],"aioseo_notices":[],"_links":{"self":[{"href":"https:\/\/granadacostaglobal.es\/index.php?rest_route=\/wp\/v2\/posts\/11873"}],"collection":[{"href":"https:\/\/granadacostaglobal.es\/index.php?rest_route=\/wp\/v2\/posts"}],"about":[{"href":"https:\/\/granadacostaglobal.es\/index.php?rest_route=\/wp\/v2\/types\/post"}],"author":[{"embeddable":true,"href":"https:\/\/granadacostaglobal.es\/index.php?rest_route=\/wp\/v2\/users\/2"}],"replies":[{"embeddable":true,"href":"https:\/\/granadacostaglobal.es\/index.php?rest_route=%2Fwp%2Fv2%2Fcomments&post=11873"}],"version-history":[{"count":0,"href":"https:\/\/granadacostaglobal.es\/index.php?rest_route=\/wp\/v2\/posts\/11873\/revisions"}],"wp:featuredmedia":[{"embeddable":true,"href":"https:\/\/granadacostaglobal.es\/index.php?rest_route=\/"}],"wp:attachment":[{"href":"https:\/\/granadacostaglobal.es\/index.php?rest_route=%2Fwp%2Fv2%2Fmedia&parent=11873"}],"wp:term":[{"taxonomy":"category","embeddable":true,"href":"https:\/\/granadacostaglobal.es\/index.php?rest_route=%2Fwp%2Fv2%2Fcategories&post=11873"},{"taxonomy":"post_tag","embeddable":true,"href":"https:\/\/granadacostaglobal.es\/index.php?rest_route=%2Fwp%2Fv2%2Ftags&post=11873"}],"curies":[{"name":"wp","href":"https:\/\/api.w.org\/{rel}","templated":true}]}}