{"id":11794,"date":"2017-04-29T10:33:18","date_gmt":"2017-04-29T10:33:18","guid":{"rendered":"http:\/\/granadacostanacional.es\/?p=11794"},"modified":"2017-04-29T10:33:18","modified_gmt":"2017-04-29T10:33:18","slug":"recital-en-liceo-de-malaga","status":"publish","type":"post","link":"https:\/\/granadacostaglobal.es\/?p=11794","title":{"rendered":"RECITAL EN LICEO DE M\u00c1LAGA"},"content":{"rendered":"<p>No tengo palabras para agradecer la invitaci\u00f3n que me hizo el presidente de rapsodas de Espa\u00f1a D. Juan Real a uno de los actos celebrado el d\u00eda 26 de Abril, en el Liceo de M\u00e1laga, y donde pude recital tres poemas con grandes rapsodas como son D. Juan Real, D\u00aa Chelo Texeira, D\u00aa M\u00aa Carmen Tellado, D\u00aa Carmen Arnaz, \u00a0D. Jos\u00e9 Gonz\u00e1lez Mesa y con la pianista de lujo Mery Gil, que nos hizo vivir la m\u00fasica junto a la poes\u00eda.<\/p>\n<p>Se pas\u00f3 una tarde maravillosa y esperemos que pronto se pueda repetir.<\/p>\n<p>Gracias por invitarme para poder darme a conocer un poquito m\u00e1s y poder recitar mis poemas, que gustaron mucho tambi\u00e9n.<\/p>\n<p>Como siempre, agradecer al peri\u00f3dico Granada Costa por divulgar la noticia dentro de sus p\u00e1ginas con todo el amor por la Cultura.<\/p>\n<p><a href=\"http:\/\/granadacostanacional.es\/wp-content\/uploads\/2017\/04\/IMG-20170428-WA0007.jpg\"><img decoding=\"async\" loading=\"lazy\" class=\"aligncenter size-large wp-image-11796\" src=\"http:\/\/granadacostanacional.es\/wp-content\/uploads\/2017\/04\/IMG-20170428-WA0007-1024x768.jpg\" alt=\"IMG-20170428-WA0007\" width=\"1024\" height=\"768\" \/><\/a> <a href=\"http:\/\/granadacostanacional.es\/wp-content\/uploads\/2017\/04\/IMG-20170428-WA0008.jpg\"><img decoding=\"async\" loading=\"lazy\" class=\"aligncenter size-large wp-image-11797\" src=\"http:\/\/granadacostanacional.es\/wp-content\/uploads\/2017\/04\/IMG-20170428-WA0008-1024x844.jpg\" alt=\"IMG-20170428-WA0008\" width=\"1024\" height=\"844\" \/><\/a> <a href=\"http:\/\/granadacostanacional.es\/wp-content\/uploads\/2017\/04\/IMG-20170428-WA0009.jpg\"><img decoding=\"async\" loading=\"lazy\" class=\"aligncenter size-large wp-image-11798\" src=\"http:\/\/granadacostanacional.es\/wp-content\/uploads\/2017\/04\/IMG-20170428-WA0009-958x1024.jpg\" alt=\"IMG-20170428-WA0009\" width=\"958\" height=\"1024\" \/><\/a> <a href=\"http:\/\/granadacostanacional.es\/wp-content\/uploads\/2017\/04\/IMG-20170428-WA0010.jpg\"><img decoding=\"async\" loading=\"lazy\" class=\"aligncenter size-large wp-image-11799\" src=\"http:\/\/granadacostanacional.es\/wp-content\/uploads\/2017\/04\/IMG-20170428-WA0010-758x1024.jpg\" alt=\"IMG-20170428-WA0010\" width=\"758\" height=\"1024\" \/><\/a> <a href=\"http:\/\/granadacostanacional.es\/wp-content\/uploads\/2017\/04\/IMG-20170428-WA0011.jpg\"><img decoding=\"async\" loading=\"lazy\" class=\"aligncenter size-large wp-image-11800\" src=\"http:\/\/granadacostanacional.es\/wp-content\/uploads\/2017\/04\/IMG-20170428-WA0011.jpg\" alt=\"IMG-20170428-WA0011\" width=\"714\" height=\"960\" \/><\/a> <a href=\"http:\/\/granadacostanacional.es\/wp-content\/uploads\/2017\/04\/IMG-20170428-WA0012.jpg\"><img decoding=\"async\" loading=\"lazy\" class=\"aligncenter size-large wp-image-11801\" src=\"http:\/\/granadacostanacional.es\/wp-content\/uploads\/2017\/04\/IMG-20170428-WA0012.jpg\" alt=\"IMG-20170428-WA0012\" width=\"918\" height=\"960\" \/><\/a> <a href=\"http:\/\/granadacostanacional.es\/wp-content\/uploads\/2017\/04\/IMG-20170428-WA0013.jpg\"><img decoding=\"async\" loading=\"lazy\" class=\"aligncenter size-large wp-image-11802\" src=\"http:\/\/granadacostanacional.es\/wp-content\/uploads\/2017\/04\/IMG-20170428-WA0013.jpg\" alt=\"IMG-20170428-WA0013\" width=\"720\" height=\"960\" \/><\/a> <a href=\"http:\/\/granadacostanacional.es\/wp-content\/uploads\/2017\/04\/IMG-20170428-WA0014.jpg\"><img decoding=\"async\" loading=\"lazy\" class=\"aligncenter size-large wp-image-11803\" src=\"http:\/\/granadacostanacional.es\/wp-content\/uploads\/2017\/04\/IMG-20170428-WA0014.jpg\" alt=\"IMG-20170428-WA0014\" width=\"746\" height=\"960\" \/><\/a> <a href=\"http:\/\/granadacostanacional.es\/wp-content\/uploads\/2017\/04\/IMG-20170428-WA0015.jpg\"><img decoding=\"async\" loading=\"lazy\" class=\"aligncenter size-large wp-image-11804\" src=\"http:\/\/granadacostanacional.es\/wp-content\/uploads\/2017\/04\/IMG-20170428-WA0015.jpg\" alt=\"IMG-20170428-WA0015\" width=\"835\" height=\"761\" \/><\/a> <a href=\"http:\/\/granadacostanacional.es\/wp-content\/uploads\/2017\/04\/IMG-20170428-WA0016.jpg\"><img decoding=\"async\" loading=\"lazy\" class=\"aligncenter size-large wp-image-11805\" src=\"http:\/\/granadacostanacional.es\/wp-content\/uploads\/2017\/04\/IMG-20170428-WA0016.jpg\" alt=\"IMG-20170428-WA0016\" width=\"960\" height=\"760\" \/><\/a> <a href=\"http:\/\/granadacostanacional.es\/wp-content\/uploads\/2017\/04\/IMG-20170428-WA0017.jpg\"><img decoding=\"async\" loading=\"lazy\" class=\"aligncenter size-large wp-image-11806\" src=\"http:\/\/granadacostanacional.es\/wp-content\/uploads\/2017\/04\/IMG-20170428-WA0017-576x1024.jpg\" alt=\"IMG-20170428-WA0017\" width=\"576\" height=\"1024\" \/><\/a> <a href=\"http:\/\/granadacostanacional.es\/wp-content\/uploads\/2017\/04\/IMG-20170428-WA0018.jpg\"><img decoding=\"async\" loading=\"lazy\" class=\"aligncenter size-large wp-image-11807\" src=\"http:\/\/granadacostanacional.es\/wp-content\/uploads\/2017\/04\/IMG-20170428-WA0018-576x1024.jpg\" alt=\"IMG-20170428-WA0018\" width=\"576\" height=\"1024\" \/><\/a> <a href=\"http:\/\/granadacostanacional.es\/wp-content\/uploads\/2017\/04\/IMG-20170428-WA0019.jpg\"><img decoding=\"async\" loading=\"lazy\" class=\"aligncenter size-large wp-image-11808\" src=\"http:\/\/granadacostanacional.es\/wp-content\/uploads\/2017\/04\/IMG-20170428-WA0019-576x1024.jpg\" alt=\"IMG-20170428-WA0019\" width=\"576\" height=\"1024\" \/><\/a> <a href=\"http:\/\/granadacostanacional.es\/wp-content\/uploads\/2017\/04\/IMG-20170428-WA0020.jpg\"><img decoding=\"async\" loading=\"lazy\" class=\"aligncenter size-large wp-image-11809\" src=\"http:\/\/granadacostanacional.es\/wp-content\/uploads\/2017\/04\/IMG-20170428-WA0020-576x1024.jpg\" alt=\"IMG-20170428-WA0020\" width=\"576\" height=\"1024\" \/><\/a> <a href=\"http:\/\/granadacostanacional.es\/wp-content\/uploads\/2017\/04\/IMG-20170428-WA0021.jpg\"><img decoding=\"async\" loading=\"lazy\" class=\"aligncenter size-large wp-image-11810\" src=\"http:\/\/granadacostanacional.es\/wp-content\/uploads\/2017\/04\/IMG-20170428-WA0021-576x1024.jpg\" alt=\"IMG-20170428-WA0021\" width=\"576\" height=\"1024\" \/><\/a><a href=\"http:\/\/granadacostanacional.es\/wp-content\/uploads\/2017\/04\/IMG-20170428-WA0020.jpg\"><img decoding=\"async\" loading=\"lazy\" class=\"aligncenter size-large wp-image-11809\" src=\"http:\/\/granadacostanacional.es\/wp-content\/uploads\/2017\/04\/IMG-20170428-WA0020-576x1024.jpg\" alt=\"IMG-20170428-WA0020\" width=\"576\" height=\"1024\" \/><\/a> <a href=\"http:\/\/granadacostanacional.es\/wp-content\/uploads\/2017\/04\/IMG-20170428-WA0021.jpg\"><img decoding=\"async\" loading=\"lazy\" class=\"aligncenter size-large wp-image-11810\" src=\"http:\/\/granadacostanacional.es\/wp-content\/uploads\/2017\/04\/IMG-20170428-WA0021-576x1024.jpg\" alt=\"IMG-20170428-WA0021\" width=\"576\" height=\"1024\" \/><\/a> <a href=\"http:\/\/granadacostanacional.es\/wp-content\/uploads\/2017\/04\/IMG-20170428-WA0019.jpg\"><img decoding=\"async\" loading=\"lazy\" class=\"aligncenter size-large wp-image-11808\" src=\"http:\/\/granadacostanacional.es\/wp-content\/uploads\/2017\/04\/IMG-20170428-WA0019-576x1024.jpg\" alt=\"IMG-20170428-WA0019\" width=\"576\" height=\"1024\" \/><\/a> <a href=\"http:\/\/granadacostanacional.es\/wp-content\/uploads\/2017\/04\/IMG-20170428-WA0018.jpg\"><img decoding=\"async\" loading=\"lazy\" class=\"aligncenter size-large wp-image-11807\" src=\"http:\/\/granadacostanacional.es\/wp-content\/uploads\/2017\/04\/IMG-20170428-WA0018-576x1024.jpg\" alt=\"IMG-20170428-WA0018\" width=\"576\" height=\"1024\" \/><\/a> <a href=\"http:\/\/granadacostanacional.es\/wp-content\/uploads\/2017\/04\/IMG-20170428-WA0017.jpg\"><img decoding=\"async\" loading=\"lazy\" class=\"aligncenter size-large wp-image-11806\" src=\"http:\/\/granadacostanacional.es\/wp-content\/uploads\/2017\/04\/IMG-20170428-WA0017-576x1024.jpg\" alt=\"IMG-20170428-WA0017\" width=\"576\" height=\"1024\" \/><\/a> <a href=\"http:\/\/granadacostanacional.es\/wp-content\/uploads\/2017\/04\/IMG-20170428-WA0016.jpg\"><img decoding=\"async\" loading=\"lazy\" class=\"aligncenter size-full wp-image-11805\" src=\"http:\/\/granadacostanacional.es\/wp-content\/uploads\/2017\/04\/IMG-20170428-WA0016.jpg\" alt=\"IMG-20170428-WA0016\" width=\"960\" height=\"760\" \/><\/a> <a href=\"http:\/\/granadacostanacional.es\/wp-content\/uploads\/2017\/04\/IMG-20170428-WA0015.jpg\"><img decoding=\"async\" loading=\"lazy\" class=\"aligncenter size-full wp-image-11804\" src=\"http:\/\/granadacostanacional.es\/wp-content\/uploads\/2017\/04\/IMG-20170428-WA0015.jpg\" alt=\"IMG-20170428-WA0015\" width=\"835\" height=\"761\" \/><\/a> <a href=\"http:\/\/granadacostanacional.es\/wp-content\/uploads\/2017\/04\/IMG-20170428-WA0014.jpg\"><img decoding=\"async\" loading=\"lazy\" class=\"aligncenter size-full wp-image-11803\" src=\"http:\/\/granadacostanacional.es\/wp-content\/uploads\/2017\/04\/IMG-20170428-WA0014.jpg\" alt=\"IMG-20170428-WA0014\" width=\"746\" height=\"960\" \/><\/a> <a href=\"http:\/\/granadacostanacional.es\/wp-content\/uploads\/2017\/04\/IMG-20170428-WA0013.jpg\"><img decoding=\"async\" loading=\"lazy\" class=\"aligncenter size-full wp-image-11802\" src=\"http:\/\/granadacostanacional.es\/wp-content\/uploads\/2017\/04\/IMG-20170428-WA0013.jpg\" alt=\"IMG-20170428-WA0013\" width=\"720\" height=\"960\" \/><\/a> <a href=\"http:\/\/granadacostanacional.es\/wp-content\/uploads\/2017\/04\/IMG-20170428-WA0012.jpg\"><img decoding=\"async\" loading=\"lazy\" class=\"aligncenter size-full wp-image-11801\" src=\"http:\/\/granadacostanacional.es\/wp-content\/uploads\/2017\/04\/IMG-20170428-WA0012.jpg\" alt=\"IMG-20170428-WA0012\" width=\"918\" height=\"960\" \/><\/a> <a href=\"http:\/\/granadacostanacional.es\/wp-content\/uploads\/2017\/04\/IMG-20170428-WA0011.jpg\"><img decoding=\"async\" loading=\"lazy\" class=\"aligncenter size-full wp-image-11800\" src=\"http:\/\/granadacostanacional.es\/wp-content\/uploads\/2017\/04\/IMG-20170428-WA0011.jpg\" alt=\"IMG-20170428-WA0011\" width=\"714\" height=\"960\" \/><\/a> <a href=\"http:\/\/granadacostanacional.es\/wp-content\/uploads\/2017\/04\/IMG-20170428-WA0010.jpg\"><img decoding=\"async\" loading=\"lazy\" class=\"aligncenter size-large wp-image-11799\" src=\"http:\/\/granadacostanacional.es\/wp-content\/uploads\/2017\/04\/IMG-20170428-WA0010-758x1024.jpg\" alt=\"IMG-20170428-WA0010\" width=\"758\" height=\"1024\" \/><\/a> <a href=\"http:\/\/granadacostanacional.es\/wp-content\/uploads\/2017\/04\/IMG-20170428-WA0009.jpg\"><img decoding=\"async\" loading=\"lazy\" class=\"aligncenter size-large wp-image-11798\" src=\"http:\/\/granadacostanacional.es\/wp-content\/uploads\/2017\/04\/IMG-20170428-WA0009-958x1024.jpg\" alt=\"\nIMG-20170428-WA0009\" width=\"958\" height=\"1024\" \/><\/a> <a href=\"http:\/\/granadacostanacional.es\/wp-content\/uploads\/2017\/04\/IMG-20170428-WA0008.jpg\"><img decoding=\"async\" loading=\"lazy\" class=\"aligncenter size-large wp-image-11797\" src=\"http:\/\/granadacostanacional.es\/wp-content\/uploads\/2017\/04\/IMG-20170428-WA0008-1024x844.jpg\" alt=\"IMG-20170428-WA0008\" width=\"1024\" height=\"844\" \/><\/a> <a href=\"http:\/\/granadacostanacional.es\/wp-content\/uploads\/2017\/04\/IMG-20170428-WA0007.jpg\"><img decoding=\"async\" loading=\"lazy\" class=\"aligncenter size-large wp-image-11796\" src=\"http:\/\/granadacostanacional.es\/wp-content\/uploads\/2017\/04\/IMG-20170428-WA0007-1024x768.jpg\" alt=\"IMG-20170428-WA0007\" width=\"1024\" height=\"768\" \/><\/a><\/p>\n<p>&nbsp;<\/p>\n<p>&nbsp;<\/p>\n<p style=\"text-align: right;\"><strong>Soledad Durnes Casa\u00f1al<\/strong><\/p>\n","protected":false},"excerpt":{"rendered":"<p>No tengo palabras para agradecer la invitaci\u00f3n que me hizo el presidente de rapsodas de Espa\u00f1a D. Juan Real a&hellip;<\/p>\n","protected":false},"author":2,"featured_media":11795,"comment_status":"open","ping_status":"open","sticky":false,"template":"","format":"standard","meta":{"om_disable_all_campaigns":false,"_mi_skip_tracking":false,"_monsterinsights_sitenote_active":false,"_monsterinsights_sitenote_note":"","_monsterinsights_sitenote_category":0,"footnotes":""},"categories":[21],"tags":[],"aioseo_notices":[],"_links":{"self":[{"href":"https:\/\/granadacostaglobal.es\/index.php?rest_route=\/wp\/v2\/posts\/11794"}],"collection":[{"href":"https:\/\/granadacostaglobal.es\/index.php?rest_route=\/wp\/v2\/posts"}],"about":[{"href":"https:\/\/granadacostaglobal.es\/index.php?rest_route=\/wp\/v2\/types\/post"}],"author":[{"embeddable":true,"href":"https:\/\/granadacostaglobal.es\/index.php?rest_route=\/wp\/v2\/users\/2"}],"replies":[{"embeddable":true,"href":"https:\/\/granadacostaglobal.es\/index.php?rest_route=%2Fwp%2Fv2%2Fcomments&post=11794"}],"version-history":[{"count":0,"href":"https:\/\/granadacostaglobal.es\/index.php?rest_route=\/wp\/v2\/posts\/11794\/revisions"}],"wp:featuredmedia":[{"embeddable":true,"href":"https:\/\/granadacostaglobal.es\/index.php?rest_route=\/"}],"wp:attachment":[{"href":"https:\/\/granadacostaglobal.es\/index.php?rest_route=%2Fwp%2Fv2%2Fmedia&parent=11794"}],"wp:term":[{"taxonomy":"category","embeddable":true,"href":"https:\/\/granadacostaglobal.es\/index.php?rest_route=%2Fwp%2Fv2%2Fcategories&post=11794"},{"taxonomy":"post_tag","embeddable":true,"href":"https:\/\/granadacostaglobal.es\/index.php?rest_route=%2Fwp%2Fv2%2Ftags&post=11794"}],"curies":[{"name":"wp","href":"https:\/\/api.w.org\/{rel}","templated":true}]}}