{"id":1179,"date":"2015-05-07T17:21:01","date_gmt":"2015-05-07T17:21:01","guid":{"rendered":"http:\/\/granadacosta.es\/?p=1179"},"modified":"2015-05-07T17:21:01","modified_gmt":"2015-05-07T17:21:01","slug":"primavera-en-valldemossa","status":"publish","type":"post","link":"https:\/\/granadacostaglobal.es\/?p=1179","title":{"rendered":"PRIMAVERA EN VALLDEMOSSA"},"content":{"rendered":"<p>Parafraseando el famoso libro de la escritora francesa George Sand, amante de Fr\u00e9d\u00e9ric Chopin, \u201cUn invierno en Valldemossa\u201d, hago m\u00edo este t\u00edtulo, cambiando la estaci\u00f3n, para escribir las siguientes pinceladas sobre los agradables d\u00edas vividos en Mallorca \u2013los pasados 1, 2, 3, y 4 de mayo- con motivo de la celebraci\u00f3n de los actos culturales organizados por los numerosos socios que el Granada Costa tiene en esa isla paradis\u00edaca.<\/p>\n<p><a href=\"http:\/\/granadacosta.es\/wp-content\/uploads\/2015\/05\/IMG-20150506-WA0001.jpg\"><img decoding=\"async\" loading=\"lazy\" class=\"aligncenter size-large wp-image-1182\" src=\"http:\/\/granadacosta.es\/wp-content\/uploads\/2015\/05\/IMG-20150506-WA0001-575x1024.jpg\" alt=\"IMG-20150506-WA0001\" width=\"575\" height=\"1024\" \/><\/a><\/p>\n<p>Procedentes de Granada y Valencia nos desplazamos hasta Palma: Jos\u00e9 Segura, Presidente de la Editorial, Inmaculada Rej\u00f3n, a la que yo llamo, por m\u00e9ritos, la Reina del pasodoble, Jos\u00e9 Miguel Garc\u00eda P\u00e9rez, due\u00f1o de frutas \u201cel Port\u00f3n\u201d, el director adjunto del peri\u00f3dico Granada Costa Nacional en Valencia, Francisco Rossi y una servidora, Carmen Carrasco, melillense castiza, ya que nac\u00ed en su Ciudadela de m\u00e1s de 500 a\u00f1os, Bien Cultural de la Humanidad, residente en Valencia.<\/p>\n<p>El alojamiento en el Hotel Java \u2013cuatro estrellas- no pudo ser mejor. Al lado de la playa, con un buffet variado y exquisito como para traerse un kilo de m\u00e1s, y un trato amable por parte de todo el personal. Para remate del d\u00eda, todas las noches nos ofrec\u00edan alg\u00fan espect\u00e1culo, cantantes, baile o el original encuentro de las \u201cZumba, Amigas de los a\u00f1os 20\u201d, procedentes de distintos lugares de Espa\u00f1a y de Europa, todas vestidas al estilo de los felices 20 y ofreci\u00e9ndonos\u00a0 unos bailes de aquellos a\u00f1os que alegraron a todos la velada.<\/p>\n<p>Aunque fueron varios los actos celebrados durante esos d\u00edas, yo me ce\u00f1ir\u00e9 a la jornada del d\u00eda 2, vivida en el precioso pueblo de Valldemossa, y dejo el d\u00eda 3 para mi amigo Marcelino Arellano, director adjunto del peri\u00f3dico Granada Costa en Mallorca, que fue el encargado de organizar los eventos de esa fecha. \u00bfEstamos de acuerdo, Marcelino?<\/p>\n<p><a href=\"http:\/\/granadacosta.es\/wp-content\/uploads\/2015\/05\/DSC_3821.jpg\"><img decoding=\"async\" loading=\"lazy\" class=\"aligncenter size-large wp-image-1183\" src=\"http:\/\/granadacosta.es\/wp-content\/uploads\/2015\/05\/DSC_3821-1024x978.jpg\" alt=\"DSC_3821\" width=\"1024\" height=\"978\" \/><\/a> <a href=\"http:\/\/granadacosta.es\/wp-content\/uploads\/2015\/05\/DSC_3784.jpg\"><img decoding=\"async\" loading=\"lazy\" class=\"aligncenter size-large wp-image-1184\" src=\"http:\/\/granadacosta.es\/wp-content\/uploads\/2015\/05\/DSC_3784-1024x681.jpg\" alt=\"DSC_3784\" width=\"1024\" height=\"681\" \/><\/a> <a href=\"http:\/\/granadacosta.es\/wp-content\/uploads\/2015\/05\/DSC_3795.jpg\"><img decoding=\"async\" loading=\"lazy\" class=\"aligncenter size-large wp-image-1185\" src=\"http:\/\/granadacosta.es\/wp-content\/uploads\/2015\/05\/DSC_3795-1024x681.jpg\" alt=\"DSC_3795\" width=\"1024\" height=\"681\" \/><\/a><\/p>\n<p>Pues vamos camino de Valldemossa, precioso pueblo rodeado de monta\u00f1as, con abundante vegetaci\u00f3n, pintorescos paisajes, fuentes, t\u00edpicas calles empedradas y variedad de flores en sus balcones. No es de extra\u00f1ar que el m\u00fasico polaco Chopin, junto con la escritora George Sand (Cuyo nombre verdadero era Aurora Dupond), eligieran este lugar para pasar el invierno de 1838 en la famosa Cartuja. Luego comentar\u00e9 algo sobre este rom\u00e1ntico affaire.<\/p>\n<p>Tambi\u00e9n es visitado este rinc\u00f3n por numerosas personalidades tales como: los antiguos Reyes de Espa\u00f1a. Los Emperadores del Jap\u00f3n. La reina Sirikit de Tailandia. Felipe Gonz\u00e1lez. El vicepresidente de la Rep\u00fablica Popular China. El Presidente del Uruguay. Bill Klinton. Jimmy Carter. Esperanza Aguirre. Jos\u00e9 Mar\u00eda Aznar y otros muchos m\u00e1s, seg\u00fan he sabido por el libro \u201cCatalina Thom\u00e0s y Valldemossa\u201d, de los grandes escritores Rogelio Bustos Almendros, Coordinador Cultural Nacional del Granada Costa, y Aurora Fern\u00e1ndez G\u00f3mez, Delegada Nacional de Cert\u00e1menes Literarios.<\/p>\n<p>El libro es una documentad\u00edsima biograf\u00eda de esta santa nacida en Valldemossa en 1531 y fallecida en 1574, Patrona \u00a0de este pueblo y muy querida a la que llaman cari\u00f1osamente nuestra \u201cBeateta\u201d y en donde cada casa tiene a gala poner en su puerta un mosaico con la efigie de la santa.<\/p>\n<p>La presentaci\u00f3n de dicho libro tuvo lugar en la iglesia de san Bartolom\u00e9, de precioso retablo, parroquia de la localidad. Al acto de presentaci\u00f3n asistieron, aparte de nuestro Presidente, Sr. Segura y numerosos socios del Granada Costa residentes en Mallorca, el alcalde de Valldemossa, D. Jaime Vila Mulet, el teniente de alcalde, D. Antoni Puyol i Bosch, el Sr. Cura p\u00e1rroco, D. Antoni Pujol i Bosch, y la escritora D\u00f1a. Catalina Gay\u00e1 Riera a quien tuve el honor de conocer as\u00ed como a la poetisa D\u00f1a. Mercedes Guasp Rovira, ambas en su espl\u00e9ndida tercera juventud.<\/p>\n<p>La presentaci\u00f3n estuvo a cargo de D. Jos\u00e9 Segura, interviniendo tambi\u00e9n el alcalde, el teniente de alcalde y el Sr. Cura p\u00e1rroco. A continuaci\u00f3n, glosaron la biograf\u00eda de la santa sus autores, Rogelio y Aurora, con una acertada explicaci\u00f3n del mismo, muy bien expuesta y un estudio documentad\u00edsimo de hechos, lugares, fechas y acontecimientos ocurridos en vida de Sta. Catalina Thom\u00e0s, am\u00e9n de interesantes fotos contenidas en el libro. Exhaustivo trabajo llevado a cabo por ambos autores a quienes felicito.<\/p>\n<p>El gran rapsoda Antonio Bonet San Cler nos deleit\u00f3 recitando un poema como \u00e9l sabe hacerlo y la cantante Inmaculada Rej\u00f3n interpret\u00f3 a capella un Padrenuestro que no se pudo mejorar. \u00a1Vaya una pareja de artistas!<\/p>\n<p>Seguido a la firma de ejemplares, el ayuntamiento nos obsequi\u00f3 con un aperitivo a base de manjares t\u00edpicos de la localidad, entre los que se encuentra la famosa coca de patata, que estaban exquisitos, y m\u00e1s a\u00fan servidos al aire libre en la plaza de la iglesia, en plena naturaleza y disfrutando de un espl\u00e9ndido d\u00eda.<\/p>\n<p><a href=\"http:\/\/granadacosta.es\/wp-content\/uploads\/2015\/05\/DSC_3771.jpg\"><img decoding=\"async\" loading=\"lazy\" class=\"aligncenter size-large wp-image-1186\" src=\"http:\/\/granadacosta.es\/wp-content\/uploads\/2015\/05\/DSC_3771-1024x681.jpg\" alt=\"DSC_3771\" width=\"1024\" height=\"681\" \/><\/a> <a href=\"http:\/\/granadacosta.es\/wp-content\/uploads\/2015\/05\/DSC_3777.jpg\"><img decoding=\"async\" loading=\"lazy\" class=\"aligncenter size-large wp-image-1187\" src=\"http:\/\/granadacosta.es\/wp-content\/uploads\/2015\/05\/DSC_3777-1024x808.jpg\" alt=\"DSC_3777\" width=\"1024\" height=\"808\" \/><\/a><\/p>\n<p>Luego visitamos la casa natal de Sta. Catalina, con su capilla, y la estatua de la \u201cBeateta\u201d de ni\u00f1a cuando era payesa, para pasar a continuaci\u00f3n un buen grupo de socios a comer en un lugar t\u00edpico de Valldemossa.<\/p>\n<p>Al finalizar la comida, los que quisieron, entre ellos yo, visitamos la Cartuja \u2013era una visita obligada, claro- y la celda n\u00ba 4 donde Chopin y George Sand pasaron el invierno de 1838, tratando el m\u00fasico de restablecer su salud en aquel clima del fr\u00edo invierno de Valldemossa donde incluso llega a nevar.<\/p>\n<p>Al entrar en aquella habitaci\u00f3n, donde sabes que estuvo este m\u00fasico polaco, y tocar materialmente aquel piano en el que compuso tan bellas piezas y en el cual siempre hay depositado un ramo de flores, sientes una emoci\u00f3n como si su esp\u00edritu a\u00fan permaneciese all\u00ed frente al piano y casi esperas que comience a sonar alguno de sus bellos nocturnos.<\/p>\n<p><a href=\"http:\/\/granadacosta.es\/wp-content\/uploads\/2015\/05\/DSC_3804.jpg\"><img decoding=\"async\" loading=\"lazy\" class=\"aligncenter size-large wp-image-1189\" src=\"http:\/\/granadacosta.es\/wp-content\/uploads\/2015\/05\/DSC_3804-681x1024.jpg\" alt=\"DSC_3804\" width=\"681\" height=\"1024\" \/><\/a> <a href=\"http:\/\/granadacosta.es\/wp-content\/uploads\/2015\/05\/DSC_3807.jpg\"><img decoding=\"async\" loading=\"lazy\" class=\"aligncenter size-large wp-image-1190\" src=\"http:\/\/granadacosta.es\/wp-content\/uploads\/2015\/05\/DSC_3807-681x1024.jpg\" alt=\"DSC_3807\" width=\"681\" height=\"1024\" \/><\/a> <a href=\"http:\/\/granadacosta.es\/wp-content\/uploads\/2015\/05\/DSC_3813.jpg\"><img decoding=\"async\" loading=\"lazy\" class=\"aligncenter size-large wp-image-1191\" src=\"http:\/\/granadacosta.es\/wp-content\/uploads\/2015\/05\/DSC_3813-681x1024.jpg\" alt=\"DSC_3813\" width=\"681\" height=\"1024\" \/><\/a><\/p>\n<p>Luego, salimos al rom\u00e1ntico jard\u00edn donde el m\u00fasico y la escritora pasearon sus amores, frente a un maravilloso paisaje de la sierra de Tramontana. Fue un bonito remate a ese d\u00eda pasado en Valldemossa.<\/p>\n<p>&nbsp;<\/p>\n<p>Y antes de ceder la pluma a Marcelino Arellano, me gustar\u00eda a\u00f1adir que tambi\u00e9n hemos hecho turismo por la ciudad de Palma visitando la hermosa catedral g\u00f3tica, el Palacio Real de la Almudaina, los ba\u00f1os \u00e1rabes, la estatua del rey Jaime I, unas vistas del puerto con el famoso chorro de agua y, por la noche, ya relajados, disfrutando por el paseo mar\u00edtimo de la playa del Arenal iluminados por una espl\u00e9ndida luna llena, que hasta eso tuvimos para que no faltara de nada.<\/p>\n<p>Recordando la canci\u00f3n de Los Mismos \u201cEl puente\u201d, tendremos que volver a pedir que <em>\u201cconstruyan un puente desde Valencia hasta Mallorca\u201d<\/em> para poder cruzar el charco m\u00e1s f\u00e1cilmente, aunque da lo mismo pues \u201c<em>yo no tengo miedo al avi\u00f3n ni tampoco al barco\u201d<\/em> as\u00ed que cualquier d\u00eda me presentar\u00e9 otra vez en Mallorca <em>\u201cla tierra que puso Dios en medio del mismo mar\u201d.<\/em><\/p>\n<p>Besets a todos los socios del Granada Costa, mallorquines o residentes en tan bella isla.<em> \u00a0\u00a0\u00a0\u00a0\u00a0\u00a0\u00a0<\/em><\/p>\n<p><a href=\"http:\/\/granadacosta.es\/wp-content\/uploads\/2015\/05\/IMG-20150506-WA0007.jpg\"><img decoding=\"async\" loading=\"lazy\" class=\"aligncenter size-large wp-image-1180\" src=\"http:\/\/granadacosta.es\/wp-content\/uploads\/2015\/05\/IMG-20150506-WA0007-1024x575.jpg\" alt=\"IMG-20150506-WA0007\" width=\"1024\" height=\"575\" \/><\/a><\/p>\n<p><a href=\"http:\/\/granadacosta.es\/wp-content\/uploads\/2015\/05\/IMG-20150506-WA0006.jpg\"><img decoding=\"async\" loading=\"lazy\" class=\"aligncenter size-large wp-image-1181\" src=\"http:\/\/granadacosta.es\/wp-content\/uploads\/2015\/05\/IMG-20150506-WA0006-575x1024.jpg\" alt=\"IMG-20150506-WA0006\" width=\"575\" height=\"1024\" \/><\/a><\/p>\n<p>Carmen Carrasco. Delegada Nacional de Poes\u00eda del Granada Costa.<\/p>\n","protected":false},"excerpt":{"rendered":"<p>Parafraseando el famoso libro de la escritora francesa George Sand, amante de Fr\u00e9d\u00e9ric Chopin, \u201cUn invierno en Valldemossa\u201d, hago m\u00edo&hellip;<\/p>\n","protected":false},"author":2,"featured_media":1194,"comment_status":"open","ping_status":"open","sticky":false,"template":"","format":"standard","meta":{"om_disable_all_campaigns":false,"_mi_skip_tracking":false,"_monsterinsights_sitenote_active":false,"_monsterinsights_sitenote_note":"","_monsterinsights_sitenote_category":0,"footnotes":""},"categories":[21],"tags":[],"aioseo_notices":[],"_links":{"self":[{"href":"https:\/\/granadacostaglobal.es\/index.php?rest_route=\/wp\/v2\/posts\/1179"}],"collection":[{"href":"https:\/\/granadacostaglobal.es\/index.php?rest_route=\/wp\/v2\/posts"}],"about":[{"href":"https:\/\/granadacostaglobal.es\/index.php?rest_route=\/wp\/v2\/types\/post"}],"author":[{"embeddable":true,"href":"https:\/\/granadacostaglobal.es\/index.php?rest_route=\/wp\/v2\/users\/2"}],"replies":[{"embeddable":true,"href":"https:\/\/granadacostaglobal.es\/index.php?rest_route=%2Fwp%2Fv2%2Fcomments&post=1179"}],"version-history":[{"count":0,"href":"https:\/\/granadacostaglobal.es\/index.php?rest_route=\/wp\/v2\/posts\/1179\/revisions"}],"wp:featuredmedia":[{"embeddable":true,"href":"https:\/\/granadacostaglobal.es\/index.php?rest_route=\/"}],"wp:attachment":[{"href":"https:\/\/granadacostaglobal.es\/index.php?rest_route=%2Fwp%2Fv2%2Fmedia&parent=1179"}],"wp:term":[{"taxonomy":"category","embeddable":true,"href":"https:\/\/granadacostaglobal.es\/index.php?rest_route=%2Fwp%2Fv2%2Fcategories&post=1179"},{"taxonomy":"post_tag","embeddable":true,"href":"https:\/\/granadacostaglobal.es\/index.php?rest_route=%2Fwp%2Fv2%2Ftags&post=1179"}],"curies":[{"name":"wp","href":"https:\/\/api.w.org\/{rel}","templated":true}]}}