{"id":11687,"date":"2017-04-25T16:59:27","date_gmt":"2017-04-25T16:59:27","guid":{"rendered":"http:\/\/granadacostanacional.es\/?p=11687"},"modified":"2017-04-25T16:59:27","modified_gmt":"2017-04-25T16:59:27","slug":"no-olvidare-este-gran-dia","status":"publish","type":"post","link":"https:\/\/granadacostaglobal.es\/?p=11687","title":{"rendered":"\u00a1NO OLVIDAR\u00c9 ESTE GRAN D\u00cdA!"},"content":{"rendered":"<p style=\"text-align: justify;\">Quien quiera ser escritora y poeta tiene que tener amor a la cultura, es una cosa muy dura. Hay personas que piensan que es simple, gratis y no da trabajo, deben pensar que solo se escriben comentarios y todo el resto no cansa, s\u00ed cuando sale del fondo de tu alma.<\/p>\n<p style=\"text-align: justify;\">La escritura es un arte, m\u00e1s para aquellos que nunca supieron pr\u00e1cticamente lo que fue la escuela, que lucharon a\u00f1os en su vida solos, por las tierras y las monta\u00f1as, en la miseria, con las cabras, burros, vacas y ovejas, trabajando descalza. En medio de aquellos campos, el calor cortaba, secaba las hojas de ma\u00edz y cortaban como cuchillas, \u00a1ni bragas ten\u00eda! Cantaba al son de la miseria y las hojas de ma\u00edz hac\u00edan la m\u00fasica \u00a1Pero qu\u00e9 bonito es decir que soy poeta y escritora! Al fin de mi vida, \u00a1tanto sufr\u00ed!<\/p>\n<p style=\"text-align: justify;\">De ah\u00ed naci\u00f3 un amor en m\u00ed y, al fin de tantos a\u00f1os, tantos que ya estoy reciclada de una vida triste, herida y mal amada. El baile que fue la alegr\u00eda de mi vida, que fui tan querida con mi gran sonrisa, como toda la vida, hambrienta, cantaba, re\u00eda, me llevaba golpes y agonizaba en los caminos sola, sin nadie y siempre criticada, pensaban que no era triste para que llevase la vida que hoy yo tengo.<\/p>\n<p style=\"text-align: justify;\">No hablo de mi vida, de la salud que es un desastre, sin saber qui\u00e9n me est\u00e1 matando, a los asesinos no los encuentro. Se defienden unos a otros y yo cierro la boca\u00a0 \u00bfQu\u00e9 medicina es \u00e9sta? Llega un momento en mi vida que podr\u00eda ser muy agradable, imaginen a una portuguesa que mal lo habla, huy\u00f3 de las u\u00f1as de Salazar para que no me mataran, pas\u00e9 en la nariz de Franco y no me vio porque \u00e9l era peque\u00f1ito como yo, no me vio pasar sino me har\u00eda volver atr\u00e1s. Pero yo ten\u00eda un contrato de inmigrante para pasar a Francia, por si no me dejaban pasar. Llego a otro pa\u00eds, fui al l\u00edmite en el que tendr\u00eda que dar media vuelta. No hab\u00eda documentos, pero yo supe exigir lo que me deb\u00edan, aunque tambi\u00e9n s\u00e9 callarme para no hacerme importante, con mi sonrisa intento ver si puedo conseguir un rinconcito, soy dulce y cari\u00f1osa y ah\u00ed me abren el camino y me veo en medio de los artistas \u00bfSer\u00e1 posible?<\/p>\n<p style=\"text-align: justify;\">Bail\u00e9 y bail\u00e9, hice como las cigarras pero, al fin las piernas no me dejan, pero dar saltitos ni estirones de mis bracitos. La peque\u00f1ita Francelina que siempre quiso seguir su camino, se puso a escribir poco a poco. Tom\u00f3 un rinconcito en medio de los grandes para que, as\u00ed, ellos puedan protegerme de la corriente del aire de los que me quieren poner en vista encima de la pista de los artistas.<\/p>\n<p style=\"text-align: justify;\">Y llega un d\u00eda, por azar, sin que yo nunca lo pensara, que me dijeron \u201cFrancelina, a ver si encuentras el sistema para presentarte en tu rinconcito de amor, como t\u00fa nos cuentas en tus poemas. Tu rinconcito de sol adorado, que est\u00e1s enamorada\u201d. Era Villajoyosa, pero yo no era famosa. Algunos me hab\u00edan visto en la televisi\u00f3n bailando pero yo no tuve la suerte de verme. Por lo tanto, siempre perd\u00eda el autob\u00fas para hacerme una entrevista para la televisi\u00f3n de Andaluc\u00eda y yo dec\u00eda \u201cMi Dios, yo no s\u00e9 hablar espa\u00f1ol\u201d. No s\u00e9 qu\u00e9 encontraban en m\u00ed, que todos los a\u00f1os tuve derecho a la televisi\u00f3n. Yo me mor\u00eda de verg\u00fcenza. En la escritura pas\u00f3 igual, tuve curiosidad y, con \u00e1nimo, me fui a informar de si era posible presentar uno de mis libros aqu\u00ed en esta ciudad, yo siempre, divertida, me dieron toda la informaci\u00f3n y me registr\u00e9 en mi peque\u00f1ito rinc\u00f3n, para m\u00ed, comenz\u00f3 el sue\u00f1o de mi aventura para ser conocida tambi\u00e9n por la escritura porque por el baile ya lo sab\u00edan y yo siempre bien educada y con cara, como dicen los espa\u00f1oles, comenc\u00e9 a vender mis libros.<\/p>\n<p style=\"text-align: justify;\">Tengo a mis lectores asegurados, pero es una miseria que la cultura est\u00e1 muy atrasada, a m\u00ed me gustar\u00eda escribir mucho, pero que mis libros saliesen al menos en todo este pa\u00eds. Despu\u00e9s, que todo fuese traducido en las otras lenguas, no querr\u00eda quedarme aqu\u00ed encerrada escribiendo para Villajoyosa, porque me piden los libros en el extranjero y no encuentro la salida. Es triste y desconsolado, da ganas de parar y comenzar otra aventura, \u00a1Yo querr\u00eda hacer un best-seller!<\/p>\n<p style=\"text-align: justify;\">Pero gran fuerza me dieron las librer\u00edas aqu\u00ed, me dijeron que no escribiese m\u00e1s libros, que era un crimen gastar dinero para poner en mi garaje, si mis libros no eran entregados en las librer\u00edas. Yo respond\u00ed \u201cyo o me quiero quedar aqu\u00ed. Es como en el baile, quiero ir lejos, espero que esta suerte tenga\u201d. Me dicen soy una mujer con coraje y no abandono nada.<\/p>\n<figure id=\"attachment_11690\" aria-describedby=\"caption-attachment-11690\" style=\"width: 613px\" class=\"wp-caption alignnone\"><a href=\"http:\/\/granadacostanacional.es\/wp-content\/uploads\/2017\/04\/DSC_0213.jpg\"><img decoding=\"async\" loading=\"lazy\" class=\"wp-image-11690\" src=\"http:\/\/granadacostanacional.es\/wp-content\/uploads\/2017\/04\/DSC_0213-300x146.jpg\" alt=\"DSC_0213\" width=\"613\" height=\"298\" \/><\/a><figcaption id=\"caption-attachment-11690\" class=\"wp-caption-text\"><em>Jos\u00e9 Segura, Francelina Robin, Carmen Carrasco y Alfonso Monteagudo<\/em><\/figcaption><\/figure>\n<p style=\"text-align: justify;\">Pues con todas estas cosas fui organizado todo, nada sin esfuerzo, en Villajoyosa, el d\u00eda 21 de Abril va a ser la presentaci\u00f3n de mi autobiograf\u00eda y adem\u00e1s la felicidad es que fue aceptado por todas la autoridades de la ciudad y tambi\u00e9n por mi director, D. Jos\u00e9 Segura, nuestro director de Granada Costa que me va a presentar y tambi\u00e9n una gran escritora y delegada nacional de poes\u00eda Do\u00f1a Carmen Carrasco Ramos y no de los grandes poetas D. Alfonso Monteagudo Mart\u00ednez. Estuvo tambi\u00e9n presente el rapsoda Jos\u00e9 Alberto Escolar para encantarme con la mariposa y la gitana y Francisco Rossi Melero, intervalos y monta\u00f1as, linda flor.<\/p>\n<figure id=\"attachment_11691\" aria-describedby=\"caption-attachment-11691\" style=\"width: 610px\" class=\"wp-caption alignnone\"><a href=\"http:\/\/granadacostanacional.es\/wp-content\/uploads\/2017\/04\/DSC_0200.jpg\"><img decoding=\"async\" loading=\"lazy\" class=\"wp-image-11691\" src=\"http:\/\/granadacostanacional.es\/wp-content\/uploads\/2017\/04\/DSC_0200-300x200.jpg\" alt=\"DSC_0200\" width=\"610\" height=\"407\" \/><\/a><figcaption id=\"caption-attachment-11691\" class=\"wp-caption-text\"><em>Jos\u00e9 Alberto Escolar<\/em><\/figcaption><\/figure>\n<figure id=\"attachment_11692\" aria-describedby=\"caption-attachment-11692\" style=\"width: 611px\" class=\"wp-caption alignnone\"><a href=\"http:\/\/granadacostanacional.es\/wp-content\/uploads\/2017\/04\/DSC_0257.jpg\"><img decoding=\"async\" loading=\"lazy\" class=\"wp-image-11692\" src=\"http:\/\/granadacostanacional.es\/wp-content\/uploads\/2017\/04\/DSC_0257-300x134.jpg\" alt=\"DSC_0257\" width=\"611\" height=\"273\" \/><\/a><figcaption id=\"caption-attachment-11692\" class=\"wp-caption-text\"><em>Francisco Rossi<\/em><\/figcaption><\/figure>\n<figure id=\"attachment_11693\" aria-describedby=\"caption-attachment-11693\" style=\"width: 616px\" class=\"wp-caption alignnone\"><a href=\"http:\/\/granadacostanacional.es\/wp-content\/uploads\/2017\/04\/DSC_0261.jpg\"><img decoding=\"async\" loading=\"lazy\" class=\"wp-image-11693\" src=\"http:\/\/granadacostanacional.es\/wp-content\/uploads\/2017\/04\/DSC_0261-300x132.jpg\" alt=\"DSC_0261\" width=\"616\" height=\"271\" \/><\/a><figcaption id=\"caption-attachment-11693\" class=\"wp-caption-text\"><em>Esther Alonso<\/em><\/figcaption><\/figure>\n<p style=\"text-align: justify;\">Mi amigo Mart\u00edn Gatica, mi cantante argentino que hizo el pr\u00f3logo de mi libro y me cant\u00f3: Caminitos de mi vida y m\u00e1s personas de la poes\u00eda que no conoc\u00eda. Me sent\u00ed feliz con esta familia. Mi pena fue que no pude acompa\u00f1ar a todos y se hizo tarde ya que no pensaba que habr\u00eda tantos artistas.<\/p>\n<figure id=\"attachment_11689\" aria-describedby=\"caption-attachment-11689\" style=\"width: 628px\" class=\"wp-caption alignnone\"><a href=\"http:\/\/granadacostanacional.es\/wp-content\/uploads\/2017\/04\/DSC_0272.jpg\"><img decoding=\"async\" loading=\"lazy\" class=\"wp-image-11689\" src=\"http:\/\/granadacostanacional.es\/wp-content\/uploads\/2017\/04\/DSC_0272-300x150.jpg\" alt=\"DSC_0272\" width=\"628\" height=\"314\" \/><\/a><figcaption id=\"caption-attachment-11689\" class=\"wp-caption-text\"><em>Mart\u00edn Gatica<\/em><\/figcaption><\/figure>\n<p style=\"text-align: justify;\">Espero y s\u00e9 que soy peque\u00f1ita de altura pero pienso que estuve a la altura de mi presentaci\u00f3n que, incluso al conserje tuve que encantar como a una serpiente porque no fue anunciado el vino de honor y no pude estar con la gente un poquito, con mis amigos invitados, muchos se fueron y ni un vaso de vino bebieron o de otra cosa. \u00a1A la salud de todos nosotros! Espero que todo el mundo quedase contento pero tuve pena de la ausencia de gente incluso as\u00ed la sala estaba llena.<\/p>\n<p style=\"text-align: justify;\">\u00a0Y la exposici\u00f3n de mis vestidos de baile sobre mi vida de artista \u00a0que estar\u00e1 abierta des del d\u00eda 21 de Abril hasta el 15 de Mayo. \u00a1D\u00edganme que la vida no es bella, pero si yo no sufriese ser\u00eda m\u00e1s bella todav\u00eda! Ser\u00e1 mi condena hasta el fin de mis d\u00edas, la enfermedad, la tristeza de mi vida de humana. Pero espero que les gustase a toda la gente, que quedasen contentos de mi evento y se acuerden de la peque\u00f1ita Francelina que ni un ratito tuvo para sacar una foto con mis amigos en mi rinc\u00f3n, que me tiraban de un lado para otro y yo no pod\u00eda partirme en dos \u00a1Qu\u00e9 triste no tener cuatro brazos!<\/p>\n<figure id=\"attachment_11694\" aria-describedby=\"caption-attachment-11694\" style=\"width: 662px\" class=\"wp-caption alignnone\"><a href=\"http:\/\/granadacostanacional.es\/wp-content\/uploads\/2017\/04\/DSC_0195.jpg\"><img decoding=\"async\" loading=\"lazy\" class=\"wp-image-11694\" src=\"http:\/\/granadacostanacional.es\/wp-content\/uploads\/2017\/04\/DSC_0195-300x155.jpg\" alt=\"DSC_0195\" width=\"662\" height=\"342\" \/><\/a><figcaption id=\"caption-attachment-11694\" class=\"wp-caption-text\"><em>Parte del p\u00fablico asistente<\/em><\/figcaption><\/figure>\n<p style=\"text-align: justify;\">\u00a1Os abrazo a todos y que Dios nos d\u00e9 salud y otra vez para encontrarnos!<\/p>\n<p>&nbsp;<\/p>\n<p style=\"text-align: right;\"><em><strong>FRANCELINA ROBIN <\/strong><\/em><\/p>\n","protected":false},"excerpt":{"rendered":"<p>Quien quiera ser escritora y poeta tiene que tener amor a la cultura, es una cosa muy dura. Hay personas&hellip;<\/p>\n","protected":false},"author":2,"featured_media":11688,"comment_status":"open","ping_status":"open","sticky":false,"template":"","format":"standard","meta":{"om_disable_all_campaigns":false,"_mi_skip_tracking":false,"_monsterinsights_sitenote_active":false,"_monsterinsights_sitenote_note":"","_monsterinsights_sitenote_category":0,"footnotes":""},"categories":[21,22],"tags":[],"aioseo_notices":[],"_links":{"self":[{"href":"https:\/\/granadacostaglobal.es\/index.php?rest_route=\/wp\/v2\/posts\/11687"}],"collection":[{"href":"https:\/\/granadacostaglobal.es\/index.php?rest_route=\/wp\/v2\/posts"}],"about":[{"href":"https:\/\/granadacostaglobal.es\/index.php?rest_route=\/wp\/v2\/types\/post"}],"author":[{"embeddable":true,"href":"https:\/\/granadacostaglobal.es\/index.php?rest_route=\/wp\/v2\/users\/2"}],"replies":[{"embeddable":true,"href":"https:\/\/granadacostaglobal.es\/index.php?rest_route=%2Fwp%2Fv2%2Fcomments&post=11687"}],"version-history":[{"count":0,"href":"https:\/\/granadacostaglobal.es\/index.php?rest_route=\/wp\/v2\/posts\/11687\/revisions"}],"wp:featuredmedia":[{"embeddable":true,"href":"https:\/\/granadacostaglobal.es\/index.php?rest_route=\/"}],"wp:attachment":[{"href":"https:\/\/granadacostaglobal.es\/index.php?rest_route=%2Fwp%2Fv2%2Fmedia&parent=11687"}],"wp:term":[{"taxonomy":"category","embeddable":true,"href":"https:\/\/granadacostaglobal.es\/index.php?rest_route=%2Fwp%2Fv2%2Fcategories&post=11687"},{"taxonomy":"post_tag","embeddable":true,"href":"https:\/\/granadacostaglobal.es\/index.php?rest_route=%2Fwp%2Fv2%2Ftags&post=11687"}],"curies":[{"name":"wp","href":"https:\/\/api.w.org\/{rel}","templated":true}]}}