{"id":11680,"date":"2017-04-25T14:23:17","date_gmt":"2017-04-25T14:23:17","guid":{"rendered":"http:\/\/granadacostanacional.es\/?p=11680"},"modified":"2017-04-25T14:23:17","modified_gmt":"2017-04-25T14:23:17","slug":"grupo-literario-la-platea-quart-de-poblet-el-libro-en-tu-vida","status":"publish","type":"post","link":"https:\/\/granadacostaglobal.es\/?p=11680","title":{"rendered":"GRUPO LITERARIO LA PLATEA QUART DE POBLET. EL LIBRO EN TU VIDA"},"content":{"rendered":"<p style=\"text-align: justify;\">El viernes 21 en la Biblioteca Municipal se le rindi\u00f3 homenaje al libro con un evento po\u00e9tico musical. Una sala con bastantes p\u00fablico, un cantautor que envolvi\u00f3 los poemas con la m\u00fasica y su voz, y los miembros del grupo literario, aunque faltaron una parte de ellos , entregados con la lectura de sus poemas.<\/p>\n<p style=\"text-align: justify;\"><a href=\"http:\/\/granadacostanacional.es\/wp-content\/uploads\/2017\/04\/grupo-evento-dia-libro-4-20171-FILEminimizer.jpg\"><img decoding=\"async\" loading=\"lazy\" class=\"alignnone  wp-image-11682\" src=\"http:\/\/granadacostanacional.es\/wp-content\/uploads\/2017\/04\/grupo-evento-dia-libro-4-20171-FILEminimizer-300x189.jpg\" alt=\"grupo evento dia libro 4-20171 (FILEminimizer)\" width=\"569\" height=\"358\" \/><\/a><\/p>\n<p style=\"text-align: justify;\">Invitamos a la leer a los presente \u00a0como parte importante de nuestras vidas. Dos sorpresas nos dieron los asistente, Raquel una ni\u00f1a que quiso leer un poema y una persona mayor conocida por Pura que nos dejo una peque\u00f1a estrofa de un poema de su juventud. Siempre es una alegr\u00eda que nos visiten ni\u00f1os y j\u00f3venes a los eventos literarios y que los mayores se sientan con libertad de recitar alguna cosa. Una buena tarde, agradable llena de cari\u00f1o por el p\u00fablico asistente.<br \/>\nAgradecemos a la t\u00e9cnico de la Biblioteca Ana Gin\u00e9s el que siempre tenga una amabilidad especial con este grupo literario y a todas las personas que nos acompa\u00f1aron.<\/p>\n<p style=\"text-align: justify;\"><a href=\"http:\/\/granadacostanacional.es\/wp-content\/uploads\/2017\/04\/grupo-evento-dia-libro-4-2017-FILEminimizer-1.jpg\"><img decoding=\"async\" loading=\"lazy\" class=\"alignnone  wp-image-11683\" src=\"http:\/\/granadacostanacional.es\/wp-content\/uploads\/2017\/04\/grupo-evento-dia-libro-4-2017-FILEminimizer-1-300x189.jpg\" alt=\"grupo evento dia libro 4-2017 (FILEminimizer) 1\" width=\"566\" height=\"357\" \/><\/a><\/p>\n<p style=\"text-align: justify;\">Participaron por el grupo literario:<\/p>\n<p style=\"text-align: justify;\">Lola, Jos\u00e9 Romero, Jos\u00e9 Carlos, Maika, Ascensi\u00f3n, To\u00f1i, Luismi, Nati, Alicia, Eugenio, Virginia., Vicen.<\/p>\n<p style=\"text-align: justify;\">Cantautor : VICENTE MARCO<\/p>\n<p style=\"text-align: justify;\">Fotos de Ascensi\u00f3n S\u00e1nchez<\/p>\n<p style=\"text-align: justify;\"><a href=\"http:\/\/granadacostanacional.es\/wp-content\/uploads\/2017\/04\/46-FILEminimizer.jpg\"><img decoding=\"async\" loading=\"lazy\" class=\"alignnone  wp-image-11684\" src=\"http:\/\/granadacostanacional.es\/wp-content\/uploads\/2017\/04\/46-FILEminimizer-300x225.jpg\" alt=\"46 (FILEminimizer)\" width=\"487\" height=\"365\" \/><\/a><\/p>\n<p>&nbsp;<\/p>\n<p style=\"text-align: right;\"><em><strong>Jos\u00e9 Romero<\/strong><\/em><\/p>\n","protected":false},"excerpt":{"rendered":"<p>El viernes 21 en la Biblioteca Municipal se le rindi\u00f3 homenaje al libro con un evento po\u00e9tico musical. Una sala&hellip;<\/p>\n","protected":false},"author":2,"featured_media":11681,"comment_status":"open","ping_status":"open","sticky":false,"template":"","format":"standard","meta":{"om_disable_all_campaigns":false,"_mi_skip_tracking":false,"_monsterinsights_sitenote_active":false,"_monsterinsights_sitenote_note":"","_monsterinsights_sitenote_category":0,"footnotes":""},"categories":[21],"tags":[],"aioseo_notices":[],"_links":{"self":[{"href":"https:\/\/granadacostaglobal.es\/index.php?rest_route=\/wp\/v2\/posts\/11680"}],"collection":[{"href":"https:\/\/granadacostaglobal.es\/index.php?rest_route=\/wp\/v2\/posts"}],"about":[{"href":"https:\/\/granadacostaglobal.es\/index.php?rest_route=\/wp\/v2\/types\/post"}],"author":[{"embeddable":true,"href":"https:\/\/granadacostaglobal.es\/index.php?rest_route=\/wp\/v2\/users\/2"}],"replies":[{"embeddable":true,"href":"https:\/\/granadacostaglobal.es\/index.php?rest_route=%2Fwp%2Fv2%2Fcomments&post=11680"}],"version-history":[{"count":0,"href":"https:\/\/granadacostaglobal.es\/index.php?rest_route=\/wp\/v2\/posts\/11680\/revisions"}],"wp:featuredmedia":[{"embeddable":true,"href":"https:\/\/granadacostaglobal.es\/index.php?rest_route=\/"}],"wp:attachment":[{"href":"https:\/\/granadacostaglobal.es\/index.php?rest_route=%2Fwp%2Fv2%2Fmedia&parent=11680"}],"wp:term":[{"taxonomy":"category","embeddable":true,"href":"https:\/\/granadacostaglobal.es\/index.php?rest_route=%2Fwp%2Fv2%2Fcategories&post=11680"},{"taxonomy":"post_tag","embeddable":true,"href":"https:\/\/granadacostaglobal.es\/index.php?rest_route=%2Fwp%2Fv2%2Ftags&post=11680"}],"curies":[{"name":"wp","href":"https:\/\/api.w.org\/{rel}","templated":true}]}}