{"id":1156,"date":"2015-05-07T11:56:45","date_gmt":"2015-05-07T11:56:45","guid":{"rendered":"http:\/\/granadacosta.es\/?p=1156"},"modified":"2015-05-07T11:56:45","modified_gmt":"2015-05-07T11:56:45","slug":"los-trabajadores-del-centro-albayzin-reclaman-a-la-junta-de-andalucia-que-les-pague-las-nueves-nominas-que-les-deben","status":"publish","type":"post","link":"https:\/\/granadacostaglobal.es\/?p=1156","title":{"rendered":"Los trabajadores del Centro Albayz\u00edn reclaman a la Junta de Andaluc\u00eda que les pague las nueves n\u00f3minas que les deben"},"content":{"rendered":"<p><strong>Hoy jueves, 7 de mayo, a las 12:00 de la ma\u00f1ana, en la entrada de la Delegaci\u00f3n de Gobierno de la Junta de Andaluc\u00eda en Granada, los trabajadores del Centro Albayz\u00edn han celebrado una concentraci\u00f3n de protesta por el impago de la Junta de Andaluc\u00eda de las nueves \u00faltimas nominas, incluida la extra de Navidad,\u00a0 as\u00ed como han reclamado que cumpla con el compromiso anunciado de integrar el Centro Albayz\u00edn, como consorcio de formaci\u00f3n para el empleo que es, en la Agencia P\u00fablica Andaluza para la Educaci\u00f3n y la Formaci\u00f3n (APAEF), hecho que a d\u00eda de hoy no se ha producido. <\/strong><\/p>\n<p>&nbsp;<\/p>\n<p>Francisco Tejero, de UGT, y delegado de personal en el Centro Albayz\u00edn, acompa\u00f1ado por Silvia Rescalvo, Secretaria General de la Secci\u00f3n Sindical de UGT en dicho centro de trabajo, han querido denunciar la grave situaci\u00f3n\u00a0 que est\u00e1 sufriendo la plantilla de esta empresa, ya que van a trabajar d\u00eda tras d\u00eda, desde hace meses, a un centro de formaci\u00f3n vac\u00edo, sin alumnado, sin cursos, sin luz, limpiando los propios trabajadores y trabajadoras \u00a0las instalaciones para mantener unas m\u00ednimas condiciones de higiene, y todo eso sin cobrar ni una sola n\u00f3mina a final de mes.\u00a0 Hechos agravados, han afirmado, porque se\u00a0 trata\u00a0 de un centro de formaci\u00f3n profesional para el empleo p\u00fablico, de excelencia, perteneciente a la Red de Consorcios Escuela de la Junta de Andaluc\u00eda, adscrito\u00a0 a la Consejer\u00eda de Educaci\u00f3n de la Junta de Andaluc\u00eda.<\/p>\n<p>&nbsp;<\/p>\n<p>Son nueve las n\u00f3minas las que se deben ya a la plantilla del Centro Albayz\u00edn, han recordado los representantes sindicales. Y esta situaci\u00f3n, se repite en mayor o menor medida en el resto de los diez Consorcios Escuela \u00a0del resto de Andaluc\u00eda, afectando a unos doscientos trabajadores, al alumnado que no dispone de oferta formativa y a los proveedores por impago de facturas.<\/p>\n<p>&nbsp;<\/p>\n<p>As\u00ed, han afirmado los representantes de UGT, el personal del Centro Albayz\u00edn se echa a la calle para denunciar esta situaci\u00f3n injusta y desesperante, producida por la incapacidad de la administraci\u00f3n andaluza, a fecha de hoy, de dar una soluci\u00f3n a la situaci\u00f3n de los Consorcios Escuela que ven\u00edan funcionando sin problemas desde hace m\u00e1s de una d\u00e9cada.<\/p>\n<p>Los ugetistas consideran que el necesario control y la fiscalizaci\u00f3n de los expedientes de ejercicios anteriores, raz\u00f3n argumentada por la Consejer\u00eda de Educaci\u00f3n como motivo de estos retrasos, no justifica de ninguna manera el impago de n\u00f3minas al personal y el abandono de los centros. La soluci\u00f3n que busca la Consejer\u00eda de Educaci\u00f3n, han informado, es la integraci\u00f3n del personal y los centros en la recientemente creada APAEF (Agencia P\u00fablica Andaluza para la Educaci\u00f3n y la Formaci\u00f3n), y as\u00ed lo confirm\u00f3 el Director General para la FPE, que la semana pasada mantuvo una reuni\u00f3n con el personal del Centro Albayz\u00edn, transmiti\u00e9ndoles su compromiso de solucionar esta situaci\u00f3n antes del verano.<\/p>\n<p>&nbsp;<\/p>\n<p>El problema, afirman los representantes de UGT, \u00a0es que la confianza de los trabajadores y trabajadoras del centro, y la credibilidad de la Consejer\u00eda de Educaci\u00f3n, han quedado muy mermadas por culpa de los continuos incumplimientos por parte de la Junta de Andaluc\u00eda. Primero, \u00a0recuerdan, la soluci\u00f3n llegar\u00eda en septiembre del a\u00f1o pasado, luego en enero de 2015, m\u00e1s tarde en Semana Santa. Plazos y promesas que no se han cumplido, por lo que los trabajadores exigen de forma inmediata el pago de la Junta de Andaluc\u00eda de las nominas que debe, as\u00ed como que cumpla con la\u00a0 integraci\u00f3n del Centro Albayz\u00edn en la APAEF, y que la Junta de Andaluc\u00eda rectifique su actitud, impropia e indigna de una administraci\u00f3n p\u00fablica.<\/p>\n","protected":false},"excerpt":{"rendered":"<p>Hoy jueves, 7 de mayo, a las 12:00 de la ma\u00f1ana, en la entrada de la Delegaci\u00f3n de Gobierno de&hellip;<\/p>\n","protected":false},"author":2,"featured_media":1157,"comment_status":"open","ping_status":"open","sticky":false,"template":"","format":"standard","meta":{"om_disable_all_campaigns":false,"_mi_skip_tracking":false,"_monsterinsights_sitenote_active":false,"_monsterinsights_sitenote_note":"","_monsterinsights_sitenote_category":0,"footnotes":""},"categories":[21,22],"tags":[],"aioseo_notices":[],"_links":{"self":[{"href":"https:\/\/granadacostaglobal.es\/index.php?rest_route=\/wp\/v2\/posts\/1156"}],"collection":[{"href":"https:\/\/granadacostaglobal.es\/index.php?rest_route=\/wp\/v2\/posts"}],"about":[{"href":"https:\/\/granadacostaglobal.es\/index.php?rest_route=\/wp\/v2\/types\/post"}],"author":[{"embeddable":true,"href":"https:\/\/granadacostaglobal.es\/index.php?rest_route=\/wp\/v2\/users\/2"}],"replies":[{"embeddable":true,"href":"https:\/\/granadacostaglobal.es\/index.php?rest_route=%2Fwp%2Fv2%2Fcomments&post=1156"}],"version-history":[{"count":0,"href":"https:\/\/granadacostaglobal.es\/index.php?rest_route=\/wp\/v2\/posts\/1156\/revisions"}],"wp:featuredmedia":[{"embeddable":true,"href":"https:\/\/granadacostaglobal.es\/index.php?rest_route=\/"}],"wp:attachment":[{"href":"https:\/\/granadacostaglobal.es\/index.php?rest_route=%2Fwp%2Fv2%2Fmedia&parent=1156"}],"wp:term":[{"taxonomy":"category","embeddable":true,"href":"https:\/\/granadacostaglobal.es\/index.php?rest_route=%2Fwp%2Fv2%2Fcategories&post=1156"},{"taxonomy":"post_tag","embeddable":true,"href":"https:\/\/granadacostaglobal.es\/index.php?rest_route=%2Fwp%2Fv2%2Ftags&post=1156"}],"curies":[{"name":"wp","href":"https:\/\/api.w.org\/{rel}","templated":true}]}}