{"id":11548,"date":"2017-04-24T07:11:24","date_gmt":"2017-04-24T07:11:24","guid":{"rendered":"http:\/\/granadacostanacional.es\/?p=11548"},"modified":"2017-04-24T07:11:24","modified_gmt":"2017-04-24T07:11:24","slug":"amiga-claudia-eres-inolvidable-vii","status":"publish","type":"post","link":"https:\/\/granadacostaglobal.es\/?p=11548","title":{"rendered":"AMIGA CLAUDIA: \u201c\u00a1ERES INOLVIDABLE!\u201d VII"},"content":{"rendered":"<h3><strong>\u201cOFELIA Y CLAUDIA: DOS ALMAS GEMELAS\u201d<\/strong><\/h3>\n<p style=\"text-align: justify;\">Amigos y amigas lectores de nuestro Peri\u00f3dico, plural en temas de gran inter\u00e9s, -\u201cArte, Belleza, Poes\u00eda, Periodismo, Diet\u00e9tica y Medicina Natural\u201d, y otros temas \u00a0instructivos y formativos. A los simpatizantes tanto de mis \u201cConversaciones con Ofelia\u201d (cuyos 50 cap\u00edtulos publicados en este medio han tocado ya a su fin), novela que ver\u00e9is publicada por la \u00a0editorial del Peri\u00f3dico, os aclaro:<\/p>\n<p style=\"text-align: justify;\">Tanto Ofelia como Claudia, dos j\u00f3venes y emblem\u00e1ticas mujeres que, a pesar de sus diferentes protagonismos en mis escritos, y en su relaci\u00f3n personal conmigo, son \u00a1\u201dDOS ALMAS GEMELAS\u201d!\u00a0 \u00bfC\u00f3mo lo supe? Por varios indicios inequ\u00edvocos. Sin conocerse f\u00edsicamente,\u00a0 ambas le\u00edan cada mes el\u00a0 Peri\u00f3dico, y era inevitable\u00a0 que de tanto en tanto\u00a0 Ofelia me preguntara pormenores de Claudia y viceversa. \u00a0Pero\u00a0 ni una ni otra me lo preguntaban \u201ccon disimulada actitud inquisitiva\u201d, ni\u00a0 con un amago por min\u00fasculo que fuera de \u201csimple curiosidad femenina\u201d (en cierto modo explicable), \u201cni por ning\u00fan recelo profesional\u201d, ya que a ambas las eleg\u00ed para protagonizar: a Ofelia mis \u201cConversaciones con ella, y a Claudia mis relatos\u00a0 vinculados a su persona. Y yo notaba que Ofelia se alegraba\u00a0 tanto y tan sinceramente cuando le hablaba de Claudia, como Claudia de igual modo cuando\u00a0 le relataba episodios de Ofelia. Y se mostraban ambas tan sinceras\u00a0 y felices y con tan bellos y candorosos sentimientos que les brotaban, ponderando mi dulce Amistad con cada una, \u00a1que aplaud\u00edan alborozadas mis confidencias! Ante tan sorprendentes manifestaciones \u201ccoincidentes\u201d deduje que cada una, con inocente y espiritual cordialidad, \u201cse sent\u00eda parte vital de\u00a0 la otra sin suspicacias ni fisuras\u201d. Quise proporcionarles el feliz encuentro que estaban deseando, y en un viaje de Ofelia a mi hogar invit\u00e9 a Claudia que apareci\u00f3 enfervorizada y espl\u00e9ndida. Me sorprendi\u00f3, y mucho, c\u00f3mo se admiraban y trataban, festivas y alegres, desbordantes de ilusi\u00f3n. Conversaban y re\u00edan relajadas, \u00a0gozando de una beatitud suprema y trascendental. Se intercambiaban finezas como dos criaturas sin pizca de malicia, y sus palabras les flu\u00edan dotadas de las cuatro cualidades que nuestro rom\u00e1ntico poeta sevillano Gustavo Adolfo B\u00e9cquer describe en una de sus Rimas. Esa categor\u00eda de palabras que son a un tiempo, como \u00e9l dice, \u201csuspiros y risas, colores y notas\u201d. \u00a1Pues as\u00ed les brotaban sus iluminadas palabras en su primer y felic\u00edsimo encuentro! \u00a1Y tan sonrientes, afables y emotivas que, alucinado, me qued\u00e9 boquiabierto!<\/p>\n<p style=\"text-align: justify;\">\u00a0Ofelia pernoct\u00f3 en mi hogar durante los tres acostumbrados d\u00edas mensuales para lo que ya saben nuestros lectores. Pero Claudia solo una jornada completa, pues nuestro infatigable y audaz difusor del Proyecto Nacional de Cultura \u201cGranada Costa\u201d, \u00a0(nuestro \u00ednclito Pepe Segura) deb\u00eda ausentarse por varias ciudades \u00a0para su cometido cultural y Claudia, (como fiel \u201cMayordoma\u201d de su Huerto) deb\u00eda \u00a0estar al\u00a0 cuidado del mismo. Pero esa noche de convivencia entre los tres no pegamos ojo, gracias a una selecci\u00f3n de poemas de diversos poetas y de algunas leyendas que les ofrec\u00ed, con an\u00e9cdotas jocosas, acertijos, mucha hilaridad\u00a0 y paz, bienestar y ocurrentes fantas\u00edas l\u00edricas. \u00a1Todo ese variopinto arsenal de festivos y bellos pasatiempos nos mantuvieron despiertos hasta el amanecer! Y muy a nuestro pesar, Claudia se nos despidi\u00f3 con repetidos besos, abrazos y l\u00e1grimas de felicidad.<\/p>\n<p style=\"text-align: justify;\">\u00a0\u00a0\u00a0\u00a0\u00a0\u00a0\u00a0\u00a0\u00a0\u00a0\u00a0 Llam\u00e9 a nuestro creativo y emprendedor Pepe Segura, \u00a0y le expuse el tema de la \u201cgemelidad\u201d de Ofelia y Claudio que venimos tratando, con mis discretas indagaciones y deducciones \u00a0al respecto. Y para mi asombro me coment\u00f3:<\/p>\n<p style=\"text-align: justify;\">\u00a0\u00a0\u00a0\u00a0\u00a0\u00a0\u00a0\u00a0\u00a0\u00a0\u00a0 -Amigo Rogelio, no te miento si te revelo que en parte por intuici\u00f3n y en parte por una de mis corazonadas (que \u201cmutatis mutandis\u201d creo que viene a ser lo mismo), cuando t\u00fa comenzaste a redactar tus primeros cap\u00edtulos sobre Claudia aireando sus cualidades y afinidades, mientras te ocupabas en tus \u201cConversaciones con Ofelia\u201d, me dije: \u201co mucho me equivoco o el alma de Ofelia es un trasunto del alma de Claudia, y viceversa\u201d. \u00a0S\u00ed, amigo Rogelio, el alma de Claudia est\u00e1 `enrizada a la de Ofelia. O lo que es lo mismo: \u201cambas laten con el mismo coraz\u00f3n y piensan con id\u00e9nticas frecuencias mentales\u201d.<\/p>\n<p style=\"text-align: justify;\">-\u00a1\u201dMadre de Dios\u201d, amigo Pepe, c\u00f3mo me placen tus expresiones,\u00a0 que concuerdan\u00a0con mi experiencias!<\/p>\n<p style=\"text-align: justify;\">-Lo que nos ha ocurrido \u00a0\u2013continu\u00f3- es que yo esperaba que t\u00fa lo descubrieras, para yo a continuaci\u00f3n te confirmara que estabas en lo cierto. \u00a1Como as\u00ed ha sido, para tu satisfacci\u00f3n y la m\u00eda!\u00a0 T\u00fa habr\u00e1s o\u00eddo, igual que yo, que por ah\u00ed se dice con frecuencia: \u201ctal persona y tal otra\u201d son dos almas gemelas, pero la mayor\u00eda de las veces no lo son. Es\u00a0 dif\u00edcil encontrar un caso como el\u00a0 de nuestras bellas, simp\u00e1ticas y amables Ofelia y Claudia, sin duda \u201cdos almas gemelas\u201d que magnificar\u00e1n tus dos novelas: \u201cConversando con Ofelia\u201d\u00a0 y \u201cAmiga Claudia, \u00a1eres inolvidable!\u201d.<\/p>\n<p style=\"text-align: justify;\">-Amigos, la personalidad de nuestro editor y Presidente del Proyecto Nacional de Cultura \u201cGranada Costa\u201d, me maravilla por sus dotes de observaci\u00f3n de las personas, con su sentido cr\u00edtico de las actitudes y los procederes de las mismas.<\/p>\n<p style=\"text-align: justify;\">Y \u201cdicho lo antedicho\u201d, en adelante os seguir\u00e9 ofreciendo mis cap\u00edtulos\u00a0 referentes a Claudia con temas instructivos y formativos, que procuraremos sean de vuestro agrado e inter\u00e9s.<\/p>\n<p>&nbsp;<\/p>\n<p style=\"text-align: right;\"><b><i>Rogelio Garrido Monta\u00f1ana<\/i><\/b><\/p>\n<p style=\"text-align: right;\"><strong>Presidente de Honor del Proyecto Nacional de Cultura \u201cGranada Costa\u201d.<\/strong><\/p>\n","protected":false},"excerpt":{"rendered":"<p>\u201cOFELIA Y CLAUDIA: DOS ALMAS GEMELAS\u201d Amigos y amigas lectores de nuestro Peri\u00f3dico, plural en temas de gran inter\u00e9s, -\u201cArte,&hellip;<\/p>\n","protected":false},"author":2,"featured_media":7602,"comment_status":"open","ping_status":"open","sticky":false,"template":"","format":"standard","meta":{"om_disable_all_campaigns":false,"_mi_skip_tracking":false,"_monsterinsights_sitenote_active":false,"_monsterinsights_sitenote_note":"","_monsterinsights_sitenote_category":0,"footnotes":""},"categories":[21],"tags":[],"aioseo_notices":[],"_links":{"self":[{"href":"https:\/\/granadacostaglobal.es\/index.php?rest_route=\/wp\/v2\/posts\/11548"}],"collection":[{"href":"https:\/\/granadacostaglobal.es\/index.php?rest_route=\/wp\/v2\/posts"}],"about":[{"href":"https:\/\/granadacostaglobal.es\/index.php?rest_route=\/wp\/v2\/types\/post"}],"author":[{"embeddable":true,"href":"https:\/\/granadacostaglobal.es\/index.php?rest_route=\/wp\/v2\/users\/2"}],"replies":[{"embeddable":true,"href":"https:\/\/granadacostaglobal.es\/index.php?rest_route=%2Fwp%2Fv2%2Fcomments&post=11548"}],"version-history":[{"count":0,"href":"https:\/\/granadacostaglobal.es\/index.php?rest_route=\/wp\/v2\/posts\/11548\/revisions"}],"wp:featuredmedia":[{"embeddable":true,"href":"https:\/\/granadacostaglobal.es\/index.php?rest_route=\/"}],"wp:attachment":[{"href":"https:\/\/granadacostaglobal.es\/index.php?rest_route=%2Fwp%2Fv2%2Fmedia&parent=11548"}],"wp:term":[{"taxonomy":"category","embeddable":true,"href":"https:\/\/granadacostaglobal.es\/index.php?rest_route=%2Fwp%2Fv2%2Fcategories&post=11548"},{"taxonomy":"post_tag","embeddable":true,"href":"https:\/\/granadacostaglobal.es\/index.php?rest_route=%2Fwp%2Fv2%2Ftags&post=11548"}],"curies":[{"name":"wp","href":"https:\/\/api.w.org\/{rel}","templated":true}]}}