{"id":11512,"date":"2017-04-19T07:58:33","date_gmt":"2017-04-19T07:58:33","guid":{"rendered":"http:\/\/granadacostanacional.es\/?p=11512"},"modified":"2017-04-19T07:58:33","modified_gmt":"2017-04-19T07:58:33","slug":"la-saeta-en-la-casa-de-andalucia-de-valencia","status":"publish","type":"post","link":"https:\/\/granadacostaglobal.es\/?p=11512","title":{"rendered":"LA SAETA EN LA CASA DE ANDALUCIA DE VALENCIA"},"content":{"rendered":"<p style=\"text-align: justify;\">La Casa de Andaluc\u00eda en Valencia, acostumbra a celebrar casi todos los acontecimientos festivos con arraigo andaluz, como son: Los carnavales, La feria de Sevilla, El Roc\u00edo, etc.<\/p>\n<p style=\"text-align: justify;\">El s\u00e1bado 8 de Abril, celebramos all\u00ed la Semana Santa, con un homenaje a la Saeta.<\/p>\n<p style=\"text-align: justify;\">El acto se desarroll\u00f3 en el escenario de la Entidad, que estaba preciosamente decorado, con una gran Cruz, flanqueada por cirios a cada lado y macetas de lirios morados.<\/p>\n<p style=\"text-align: justify;\">La Presidenta D\u00aa Mercedes Pedraja, tuvo la deferencia de invitarme a participar en el acto, recitando poemas de La Semana Santa. Tuve la satisfacci\u00f3n de estar acompa\u00f1ada por la poeta Amparo P\u00e9rez Mengod y tres prestigiosos saeteros que fueron: Francisco Zafra, Fernando Soriano y Antonio Algarrada, presentado el acto por M\u00aa Jos\u00e9 Romero, con una fant\u00e1stica exaltaci\u00f3n de La Semana Santa. Los saeteros interpretaron alternativamente tres saetas cada uno.<\/p>\n<p style=\"text-align: justify;\">Y a continuaci\u00f3n expongo mi actuaci\u00f3n:<\/p>\n<p style=\"text-align: center;\">LA SAETA<\/p>\n<p style=\"text-align: justify;\">La Saeta se canta en varios estilos: por martinetes, por seguirillas, por carceleras y algunos m\u00e1s.<\/p>\n<p style=\"text-align: justify;\">En muchas ciudades se ve\u00eda como la figura bendita de nuestro padre Jes\u00fas, la acercaban a las rejas de la c\u00e1rcel, donde los presos le cantaban la Saeta Carcelera:<\/p>\n<p style=\"text-align: justify;\">\n<p style=\"text-align: center;\"><strong>De oro son sus potencias<\/strong><\/p>\n<p style=\"text-align: center;\"><strong>\u00a0y la corona de espinas, <\/strong><\/p>\n<p style=\"text-align: center;\"><strong>tu la llevas con paciencia,<\/strong><\/p>\n<p style=\"text-align: center;\"><strong>\u00a0sobre tu espalda divina,<\/strong><\/p>\n<p style=\"text-align: center;\"><strong>la cruz de la penitencia.<\/strong><\/p>\n<p style=\"text-align: center;\"><strong>\u00a0<\/strong><\/p>\n<p style=\"text-align: center;\"><strong>\u00a0Padre Jes\u00fas Nazareno,<\/strong><\/p>\n<p style=\"text-align: center;\"><strong>siento que lleves la cruz<\/strong><\/p>\n<p style=\"text-align: center;\"><strong>pues yo cargarla no puedo<\/strong><\/p>\n<p style=\"text-align: center;\"><strong>En cuanto salga de aqu\u00ed<\/strong><\/p>\n<p style=\"text-align: center;\"><strong>\u00a0yo ser\u00e9 tu costalero.<\/strong><\/p>\n<p style=\"text-align: center;\"><strong>\u00a0<\/strong><\/p>\n<p style=\"text-align: center;\"><strong>Que no te importe morir<\/strong><\/p>\n<p style=\"text-align: center;\"><strong>Jesucristo en el madero,<\/strong><\/p>\n<p style=\"text-align: center;\"><strong>que en ello nos va el vivir<\/strong><\/p>\n<p style=\"text-align: center;\"><strong>\u00a0y nos muestras el sendero<\/strong><\/p>\n<p style=\"text-align: center;\"><strong>pa poder salir de aqu\u00ed.<\/strong><\/p>\n<p style=\"text-align: left;\">Tambi\u00e9n le cantan a la Virgen:<\/p>\n<p style=\"text-align: left;\">\n<p style=\"text-align: center;\"><strong>\u00a1Ay Virgen de la Esperanza!<\/strong><\/p>\n<p style=\"text-align: center;\"><strong>amparo del presidiario<\/strong><\/p>\n<p style=\"text-align: center;\"><strong>amp\u00e1rame porque vengo<\/strong><\/p>\n<p style=\"text-align: center;\"><strong>al presidio por diez a\u00f1os.<\/strong><\/p>\n<p style=\"text-align: center;\"><strong>\u00a0\u00a0\u00a0\u00a0\u00a0\u00a0\u00a0\u00a0\u00a0\u00a0\u00a0\u00a0\u00a0\u00a0\u00a0\u00a0\u00a0\u00a0\u00a0\u00a0\u00a0\u00a0\u00a0\u00a0\u00a0\u00a0\u00a0 <\/strong><\/p>\n<p style=\"text-align: center;\"><strong>Se\u00f1ora de la Esperanza<\/strong><\/p>\n<p style=\"text-align: center;\"><strong>comprendo lo que es amor,<\/strong><\/p>\n<p style=\"text-align: center;\"><strong>con solo mirar tu cara<\/strong><\/p>\n<p style=\"text-align: center;\"><strong>de amargura y de dolor.<\/strong><\/p>\n<p style=\"text-align: center;\"><strong>\u00a0<\/strong><\/p>\n<p style=\"text-align: center;\"><strong>Y desde lejos se o\u00eda<\/strong><\/p>\n<p style=\"text-align: center;\"><strong>\u00a0las voces de un moribundo,<\/strong><\/p>\n<p style=\"text-align: center;\"><strong>que en sus cantares dec\u00eda:<\/strong><\/p>\n<p style=\"text-align: center;\"><strong>Estoy solo en este mundo<\/strong><\/p>\n<p style=\"text-align: center;\"><strong>amp\u00e1rame Madre m\u00eda.<\/strong><\/p>\n<p style=\"text-align: justify;\">Se han cantado saetas para las cosechas, para que llueva, para los enfermos&#8230;\u00a0 La Saeta es un canto que emociona y hace llorar.\u00a0 He visto m\u00e1s de una vez a un saetero con el pa\u00f1uelo en la mano, limpi\u00e1ndose las l\u00e1grimas por la emoci\u00f3n de la letra y el canto.<\/p>\n<p style=\"text-align: justify;\">\n<p style=\"text-align: center;\"><strong>Una corona de espinas<\/strong><\/p>\n<p style=\"text-align: center;\"><strong>en tus sienes te clavaron,<\/strong><\/p>\n<p style=\"text-align: center;\"><strong>y amarrado a la columna<\/strong><\/p>\n<p style=\"text-align: center;\"><strong>los jud\u00edos te azotaron.<\/strong><\/p>\n<p style=\"text-align: center;\"><strong>\u00a0<\/strong><\/p>\n<p style=\"text-align: center;\"><strong>\u00bfDonde van las golondrinas<\/strong><\/p>\n<p style=\"text-align: center;\"><strong>con su pico tan sereno?<\/strong><\/p>\n<p style=\"text-align: center;\"><strong>A quitarle las espinas<\/strong><\/p>\n<p style=\"text-align: center;\"><strong>a Jes\u00fas el Nazareno.<\/strong><\/p>\n<p style=\"text-align: center;\"><strong>\u00a0<\/strong><\/p>\n<p style=\"text-align: center;\"><strong>CRISTO DE LA EXPIRACI\u00d3N:<\/strong><\/p>\n<p style=\"text-align: center;\"><strong>\u00a0\u00a0\u00a0\u00a0\u00a0\u00a0\u00a0\u00a0\u00a0\u00a0\u00a0\u00a0\u00a0\u00a0\u00a0\u00a0\u00a0\u00a0\u00a0\u00a0\u00a0\u00a0\u00a0\u00a0\u00a0\u00a0\u00a0 <\/strong><\/p>\n<p style=\"text-align: center;\"><strong>Con la mirada en el cielo,<\/strong><\/p>\n<p style=\"text-align: center;\"><strong>perdonando al que le grita,<\/strong><\/p>\n<p style=\"text-align: center;\"><strong>vas acudiendo a la cita<\/strong><\/p>\n<p style=\"text-align: center;\"><strong>que tienes en nuestro suelo.<\/strong><\/p>\n<p style=\"text-align: center;\"><strong>Sufrimiento, muerte, hielo\u2026<\/strong><\/p>\n<p style=\"text-align: center;\"><strong>Siete palabras y luego<\/strong><\/p>\n<p style=\"text-align: center;\"><strong>queda la muerte de fuego<\/strong><\/p>\n<p style=\"text-align: center;\"><strong>de tu expirar en la Cruz.<\/strong><\/p>\n<p style=\"text-align: center;\"><strong>Pero nos dejas la luz<\/strong><\/p>\n<p style=\"text-align: center;\"><strong>que ilumina nuestro ruego.<\/strong><\/p>\n<p style=\"text-align: justify;\">\n<p style=\"text-align: justify;\">Una de las Saetas m\u00e1s conocida es la de Antonio Machado:<\/p>\n<p style=\"text-align: justify;\">\n<p style=\"text-align: center;\"><strong>Dice un refr\u00e1n popular:<\/strong><\/p>\n<p style=\"text-align: center;\"><strong>Quien me presta una escalera<\/strong><\/p>\n<p style=\"text-align: center;\"><strong>\u00a0para subir al madero<\/strong><\/p>\n<p style=\"text-align: center;\"><strong>\u00a0para quitarle los clavos<\/strong><\/p>\n<p style=\"text-align: center;\"><strong>a Jes\u00fas el Nazareno.<\/strong><\/p>\n<p style=\"text-align: justify;\">\n<p style=\"text-align: justify;\">Si bien, uno de los poemas m\u00e1s hermosos que he encontrado es de su hermano Manuel Machado, dedicado a la Saeta:<\/p>\n<p style=\"text-align: justify;\">\n<p style=\"text-align: center;\"><strong>LA SAETA<\/strong><\/p>\n<p style=\"text-align: center;\">\n<p style=\"text-align: center;\"><strong>I<\/strong><strong><br \/>\n\u00abM\u00edralo por d\u00f3nde viene<br \/>\nel mejor de los nacidos&#8230;\u00bb<br \/>\n<\/strong><\/p>\n<p style=\"text-align: center;\"><strong><br \/>\nUna calle de Sevilla<br \/>\nentre rezos y suspiros&#8230;<br \/>\nLargas trompetas de plata.<br \/>\nT\u00fanicas de seda&#8230; Cirios,<br \/>\nen hormiguero de estrellas,<br \/>\nfestoneando el camino&#8230;<br \/>\n<\/strong><\/p>\n<p style=\"text-align: center;\"><strong><br \/>\nEl azahar y el incienso<br \/>\nembriagan los sentidos.<br \/>\nVentana que da a la noche<br \/>\nse ilumina de improviso,<br \/>\ny en ella una voz -\u00a1saeta!-<br \/>\ncanta o llora, que es lo mismo:<br \/>\n<\/strong><\/p>\n<p style=\"text-align: center;\"><strong><br \/>\n\u00abM\u00edralo por d\u00f3nde viene<br \/>\nel mejor de los nacidos&#8230;\u00bb<br \/>\n<\/strong><\/p>\n<p style=\"text-align: center;\"><strong><br \/>\nII<br \/>\nCanto llano&#8230; Sentimiento<br \/>\nque sin guitarra se canta.<br \/>\nMaravilla<br \/>\nque por acompa\u00f1amiento<br \/>\ntiene&#8230;, la Semana Santa<br \/>\nde Sevilla<br \/>\n<\/strong><\/p>\n<p style=\"text-align: center;\"><strong><br \/>\nCantar de nuestros cantares,<br \/>\nllanto y oraci\u00f3n. Cantar,<br \/>\nsalmo y trino.<br \/>\nEntre efluvios de azahares<br \/>\ntan humano y, a la par,<br \/>\n\u00a1tan divino!<br \/>\n<\/strong><\/p>\n<p style=\"text-align: center;\"><strong><br \/>\nCanci\u00f3n del pueblo andaluz:<br \/>\n&#8230;de c\u00f3mo las golondrinas<br \/>\nle quitaban las espinas<br \/>\nal Rey del Cielo en la Cruz.<\/strong><\/p>\n<p>&nbsp;<\/p>\n<p><strong>\u00a0<\/strong><\/p>\n<p style=\"text-align: justify;\">En esta \u00a0mi segunda intervenci\u00f3n, recit\u00e9 dos poemas marineros:<\/p>\n<p style=\"text-align: justify;\"><strong>\u00a0\u00a0\u00a0\u00a0\u00a0\u00a0\u00a0\u00a0 <\/strong>Jos\u00e9 Mar\u00eda Pem\u00e1n, escribe este poema a los que llevaron el paso de la Virgen del Carmen en la isla de San Fernando:<\/p>\n<p style=\"text-align: justify;\">\n<p style=\"text-align: center;\"><strong>Cargadores de La Isla<\/strong><\/p>\n<p style=\"text-align: center;\"><strong>mecedla con suavidad,<\/strong><\/p>\n<p style=\"text-align: center;\"><strong>que llev\u00e1is sobre los hombros<\/strong><\/p>\n<p style=\"text-align: center;\"><strong>a la Reina de la Mar.<\/strong><\/p>\n<p style=\"text-align: center;\"><strong>\u00a0<\/strong><\/p>\n<p style=\"text-align: center;\"><strong>Cargadores de La Isla:<\/strong><\/p>\n<p style=\"text-align: center;\"><strong>esa que vais a sacar<\/strong><\/p>\n<p style=\"text-align: center;\"><strong>es la Virgen marinera,<\/strong><\/p>\n<p style=\"text-align: center;\"><strong>que huele a marisco y sal;<\/strong><\/p>\n<p style=\"text-align: center;\"><strong>la que llamaban \u201cSe\u00f1ora\u201d<\/strong><\/p>\n<p style=\"text-align: center;\"><strong>y \u201cCapitana\u201d, al rezar,<\/strong><\/p>\n<p style=\"text-align: center;\"><strong>los abuelos que ten\u00edan<\/strong><\/p>\n<p style=\"text-align: center;\"><strong>claras almas de cristal<\/strong><\/p>\n<p style=\"text-align: center;\"><strong>bajo la recia envoltura<\/strong><\/p>\n<p style=\"text-align: center;\"><strong>de sus capotes de mar;<\/strong><\/p>\n<p style=\"text-align: center;\"><strong>la que apacienta las olas<\/strong><\/p>\n<p style=\"text-align: center;\"><strong>los d\u00edas de tempestad;<\/strong><\/p>\n<p style=\"text-align: center;\"><strong>la que esta tarde de julio<\/strong><\/p>\n<p style=\"text-align: center;\"><strong>el crep\u00fasculo honrar\u00e1<\/strong><\/p>\n<p style=\"text-align: center;\"><strong>colgando nubes de grana<\/strong><\/p>\n<p style=\"text-align: center;\"><strong>por los balcones del mar.<\/strong><\/p>\n<p style=\"text-align: justify;\"><strong>\u00a0<\/strong><\/p>\n<p style=\"text-align: justify;\">Y ya que est\u00e1bamos en Valencia, recit\u00e9 una poes\u00eda de Nicol\u00e1s Mart\u00ednez\u00a0 dedicado a La Semana Santa Marinera:<\/p>\n<p style=\"text-align: justify;\">\n<p style=\"text-align: center;\"><strong>\u00a0MARTES SANTO<\/strong><\/p>\n<p style=\"text-align: center;\"><strong>\u00a0<\/strong><\/p>\n<p style=\"text-align: center;\"><strong>En barca de pescadores,<\/strong><\/p>\n<p style=\"text-align: center;\"><strong>a lo lejos por el mar,<\/strong><\/p>\n<p style=\"text-align: center;\"><strong>viene con sus bendiciones<\/strong><\/p>\n<p style=\"text-align: center;\"><strong>la Virgen del Caba\u00f1al.<\/strong><\/p>\n<p style=\"text-align: center;\"><strong>\u00a0<\/strong><\/p>\n<p style=\"text-align: center;\"><strong>Por fin llega hasta la playa<\/strong><\/p>\n<p style=\"text-align: center;\"><strong>donde, cubierta de flores<\/strong><\/p>\n<p style=\"text-align: center;\"><strong>est\u00e1 la arena que estalla<\/strong><\/p>\n<p style=\"text-align: center;\"><strong>de j\u00fabilo y de oraciones.<\/strong><\/p>\n<p style=\"text-align: center;\"><strong>\u00a0<\/strong><\/p>\n<p style=\"text-align: center;\"><strong>\u00a0Y posa su pie bendito<\/strong><\/p>\n<p style=\"text-align: center;\"><strong>\u00a0sobre la arena m\u00e1s blanca<\/strong><\/p>\n<p style=\"text-align: center;\"><strong>la Madre de Jesucristo,<\/strong><\/p>\n<p style=\"text-align: center;\"><strong>que es la madre de esperanza.<\/strong><\/p>\n<p style=\"text-align: center;\"><strong>\u00a0<\/strong><\/p>\n<p style=\"text-align: center;\"><strong>Y a todos nos maravilla<\/strong><\/p>\n<p style=\"text-align: center;\"><strong>que de esta hermosa manera,<\/strong><\/p>\n<p style=\"text-align: center;\"><strong>vaya pisando la orilla<\/strong><\/p>\n<p style=\"text-align: center;\"><strong>nuestra Virgen Marinera.<\/strong><\/p>\n<p style=\"text-align: center;\"><strong>\u00a0<\/strong><\/p>\n<p style=\"text-align: center;\"><strong>\u00a1Alegraos valencianos,<\/strong><\/p>\n<p style=\"text-align: center;\"><strong>venid todos a cantar<\/strong><\/p>\n<p style=\"text-align: center;\"><strong>como unos buenos hermanos,<\/strong><\/p>\n<p style=\"text-align: center;\"><strong>a nuestra Virgen del Mar!<\/strong><\/p>\n<p style=\"text-align: center;\"><strong>\u00a0<\/strong><\/p>\n<p style=\"text-align: center;\"><strong>Engalanad los balcones,<\/strong><\/p>\n<p style=\"text-align: center;\"><strong>abrid puertas y ventanas<\/strong><\/p>\n<p style=\"text-align: center;\"><strong>y alzad vuestros corazones<\/strong><\/p>\n<p style=\"text-align: center;\"><strong>con oraciones marianas.<\/strong><\/p>\n<p style=\"text-align: center;\"><strong>\u00a0<\/strong><\/p>\n<p style=\"text-align: center;\"><strong>Y cuando cruce la calle<\/strong><\/p>\n<p style=\"text-align: center;\"><strong>de La Reina o La Barraca,<\/strong><\/p>\n<p style=\"text-align: center;\"><strong>que el Cielo completo estalle<\/strong><\/p>\n<p style=\"text-align: center;\"><strong>en luces de flores blancas.<\/strong><\/p>\n<p style=\"text-align: center;\"><strong>\u00a0<\/strong><\/p>\n<p style=\"text-align: center;\"><strong>\u00a1Ay Virgen de los m\u00e1s pobres,<\/strong><\/p>\n<p style=\"text-align: center;\"><strong>toda Valencia te aclama<\/strong><\/p>\n<p style=\"text-align: center;\"><strong>\u00a0<\/strong><\/p>\n<p style=\"text-align: center;\"><strong>con una lluvia de flores<\/strong><\/p>\n<p style=\"text-align: center;\"><strong>que sobre ti se derrama!<\/strong><\/p>\n<p style=\"text-align: center;\">\n<p style=\"text-align: justify;\">Cerr\u00f3 el acto la Sra. Presidenta, dando las gracias a los participantes por su actuaci\u00f3n, a quienes se les hizo un peque\u00f1o obsequio, y al p\u00fablico que ocupaba el sal\u00f3n de La Casa, por su asistencia.<\/p>\n<p style=\"text-align: justify;\"><a href=\"http:\/\/granadacostanacional.es\/wp-content\/uploads\/2017\/04\/1-1.jpg\"><img decoding=\"async\" loading=\"lazy\" class=\"alignnone  wp-image-11514\" src=\"http:\/\/granadacostanacional.es\/wp-content\/uploads\/2017\/04\/1-1-300x113.jpg\" alt=\"1\" width=\"504\" height=\"190\" \/><\/a><\/p>\n<p style=\"text-align: justify;\">\n<p style=\"text-align: right;\"><em><strong>Isabel P\u00e9rez Fern\u00e1ndez<\/strong><\/em><\/p>\n","protected":false},"excerpt":{"rendered":"<p>La Casa de Andaluc\u00eda en Valencia, acostumbra a celebrar casi todos los acontecimientos festivos con arraigo andaluz, como son: Los&hellip;<\/p>\n","protected":false},"author":2,"featured_media":11513,"comment_status":"open","ping_status":"open","sticky":false,"template":"","format":"standard","meta":{"om_disable_all_campaigns":false,"_mi_skip_tracking":false,"_monsterinsights_sitenote_active":false,"_monsterinsights_sitenote_note":"","_monsterinsights_sitenote_category":0,"footnotes":""},"categories":[21],"tags":[],"aioseo_notices":[],"_links":{"self":[{"href":"https:\/\/granadacostaglobal.es\/index.php?rest_route=\/wp\/v2\/posts\/11512"}],"collection":[{"href":"https:\/\/granadacostaglobal.es\/index.php?rest_route=\/wp\/v2\/posts"}],"about":[{"href":"https:\/\/granadacostaglobal.es\/index.php?rest_route=\/wp\/v2\/types\/post"}],"author":[{"embeddable":true,"href":"https:\/\/granadacostaglobal.es\/index.php?rest_route=\/wp\/v2\/users\/2"}],"replies":[{"embeddable":true,"href":"https:\/\/granadacostaglobal.es\/index.php?rest_route=%2Fwp%2Fv2%2Fcomments&post=11512"}],"version-history":[{"count":0,"href":"https:\/\/granadacostaglobal.es\/index.php?rest_route=\/wp\/v2\/posts\/11512\/revisions"}],"wp:featuredmedia":[{"embeddable":true,"href":"https:\/\/granadacostaglobal.es\/index.php?rest_route=\/"}],"wp:attachment":[{"href":"https:\/\/granadacostaglobal.es\/index.php?rest_route=%2Fwp%2Fv2%2Fmedia&parent=11512"}],"wp:term":[{"taxonomy":"category","embeddable":true,"href":"https:\/\/granadacostaglobal.es\/index.php?rest_route=%2Fwp%2Fv2%2Fcategories&post=11512"},{"taxonomy":"post_tag","embeddable":true,"href":"https:\/\/granadacostaglobal.es\/index.php?rest_route=%2Fwp%2Fv2%2Ftags&post=11512"}],"curies":[{"name":"wp","href":"https:\/\/api.w.org\/{rel}","templated":true}]}}