{"id":1150,"date":"2015-05-06T17:06:10","date_gmt":"2015-05-06T17:06:10","guid":{"rendered":"http:\/\/granadacosta.es\/?p=1150"},"modified":"2015-05-06T17:06:10","modified_gmt":"2015-05-06T17:06:10","slug":"la-escuela-de-verano-2015-ha-programado-actividades-diversas-para-los-jovenes-motrilenos","status":"publish","type":"post","link":"https:\/\/granadacostaglobal.es\/?p=1150","title":{"rendered":"La Escuela de Verano 2015 ha programado actividades diversas para los j\u00f3venes motrile\u00f1os"},"content":{"rendered":"<h5>Desde el 26 de junio y hasta el 31 de julio, se van a realizar numerosos eventos relacionados tanto con el deporte como con la cultura de Motril. Las familias interesadas en inscribir a sus hijos, nacidos entre 2001 y 2009, podr\u00e1n hacerlo a partir del pr\u00f3ximo lunes 11 mayo, en las dependencias del pabell\u00f3n municipal.<\/h5>\n<p>&nbsp;<\/p>\n<p>El teniente de alcalde de Deportes del Ayuntamiento de Motril, Jos\u00e9 Garc\u00eda Fuentes, ha informado sobre las distintas actividades deportivas y culturales que acoger\u00e1 para este a\u00f1o la Escuela de Verano del municipio.<\/p>\n<p>&nbsp;<\/p>\n<p>Garc\u00eda Fuentes considera que el \u00e9xito de esta actividad radica en \u201cla necesidad que tienen los padres durante los primeros meses de verano de mantener a sus hijos ocupados con actividades saludables que les ayuden a evitar el sedentarismo mientras ellos se encuentran trabajando\u201d.<\/p>\n<p>&nbsp;<\/p>\n<p>La Escuela de Verano re\u00fane un conjunto de actividades programadas que pretende que, despu\u00e9s de la temporada escolar, los j\u00f3venes de Motril contin\u00faen con una vida activa mediante el deporte y el conocimiento de la cultura tradicional de la ciudad.<\/p>\n<p>&nbsp;<\/p>\n<p>Para este 2015, desde el 26 de junio y hasta el 31 de julio entre las 9:00 y las 14:00 horas, se van a llevar a cabo actividades relacionadas con las modalidades deportivas preferidas por los chavales, como son el f\u00fatbol, la nataci\u00f3n o el atletismo, entre otros. Adem\u00e1s, este a\u00f1o como novedad, se han incorporado a la oferta deportiva diferentes juegos tradicionales, golf y pr\u00e1cticas de vela en la playa de Las Azucenas. Tambi\u00e9n, como en a\u00f1os anteriores, los monitores encargados de los ni\u00f1os los llevar\u00e1n a la piscina y a la playa para que durante las horas de calor puedan darse un chapuz\u00f3n mientras se divierten.<\/p>\n<p>&nbsp;<\/p>\n<p>Como actividades culturales, los organizadores han programado una serie de actividades relacionadas con la tradici\u00f3n de Motril que tiene como finalidad primordial que los chavales conozcan la historia de su ciudad. Por esto, los ni\u00f1os asistir\u00e1n a excursiones locales como las que tendr\u00e1n lugar al Museo Minero, al Museo de la Ca\u00f1a, al Museo de Historia, el Ciclo integral del agua o al Centro de Arte Jos\u00e9 Hern\u00e1ndez Quero.<\/p>\n<p>&nbsp;<\/p>\n<p>De igual modo, la Escuela de Verano tiene previsto acudir a otros sitios de inter\u00e9s en la ciudad, como son las dependencias de Telemotril, para que los j\u00f3venes descubran como funciona uno de los medios de comunicaci\u00f3n de su municipio, la visita al parque de Bomberos o el curso acelerado de alem\u00e1n que se llevar\u00e1 a cabo en el conocido hotel Robinson de Playa Granada.<\/p>\n<p>&nbsp;<\/p>\n<p>Asimismo, existir\u00e1 una gran excursi\u00f3n por quincena fuera de Motril. Por un lado, se realizar\u00e1 una salida al parque acu\u00e1tico de Almu\u00f1\u00e9car, Aquatropic y, por otro lado, est\u00e1 por confirmar si los j\u00f3venes acudir\u00e1n al Mini Hollywood de Almer\u00eda o bien viajar\u00e1n hasta el parque de atracciones de Sevilla, Isla M\u00e1gica.<\/p>\n<p>&nbsp;<\/p>\n<p>EL PLAZO DE INSCRIPCI\u00d3N COMIENZA EL 11 DE MAYO<\/p>\n<p>&nbsp;<\/p>\n<p>Los interesados en inscribir a los ni\u00f1os nacidos entre 2001 y 2009,\u00a0 podr\u00e1n hacerlo desde el pr\u00f3ximo lunes 11 de mayo, en las dependencias del pabell\u00f3n municipal. Hay que tener en cuenta que las plazas son limitadas, ascienden a un total de 400.<\/p>\n<p>&nbsp;<\/p>\n<p>El precio de la escuela de verano 2015 es el mismo que el a\u00f1o pasado, 136,81 euros el mes completo y 91,19 euros si se decide apuntar a los ni\u00f1os solamente una quincena.<\/p>\n<p>&nbsp;<\/p>\n<p>Garc\u00eda Fuentes ha explicado que desde el Ayuntamiento \u201cpretendemos, con esta escuela, ayudar en vacaciones a los padres con hijos que no tienen con qui\u00e9n dejar a los peque\u00f1os\u201d.\u00a0 De igual modo, el edil ha invitado a todos los motrile\u00f1os a que inscriban a los ni\u00f1os \u201cen la Escuela de Verano 2015, porque est\u00e1 compuesta por interesantes actividades l\u00fadicas, tanto de \u00edndole cultural como deportiva, que promocionan y fomentan, principalmente, los h\u00e1bitos de una vida activa y saludable\u201d.<\/p>\n","protected":false},"excerpt":{"rendered":"<p>Desde el 26 de junio y hasta el 31 de julio, se van a realizar numerosos eventos relacionados tanto con&hellip;<\/p>\n","protected":false},"author":2,"featured_media":1151,"comment_status":"open","ping_status":"open","sticky":false,"template":"","format":"standard","meta":{"om_disable_all_campaigns":false,"_mi_skip_tracking":false,"_monsterinsights_sitenote_active":false,"_monsterinsights_sitenote_note":"","_monsterinsights_sitenote_category":0,"footnotes":""},"categories":[21,22],"tags":[],"aioseo_notices":[],"_links":{"self":[{"href":"https:\/\/granadacostaglobal.es\/index.php?rest_route=\/wp\/v2\/posts\/1150"}],"collection":[{"href":"https:\/\/granadacostaglobal.es\/index.php?rest_route=\/wp\/v2\/posts"}],"about":[{"href":"https:\/\/granadacostaglobal.es\/index.php?rest_route=\/wp\/v2\/types\/post"}],"author":[{"embeddable":true,"href":"https:\/\/granadacostaglobal.es\/index.php?rest_route=\/wp\/v2\/users\/2"}],"replies":[{"embeddable":true,"href":"https:\/\/granadacostaglobal.es\/index.php?rest_route=%2Fwp%2Fv2%2Fcomments&post=1150"}],"version-history":[{"count":0,"href":"https:\/\/granadacostaglobal.es\/index.php?rest_route=\/wp\/v2\/posts\/1150\/revisions"}],"wp:featuredmedia":[{"embeddable":true,"href":"https:\/\/granadacostaglobal.es\/index.php?rest_route=\/"}],"wp:attachment":[{"href":"https:\/\/granadacostaglobal.es\/index.php?rest_route=%2Fwp%2Fv2%2Fmedia&parent=1150"}],"wp:term":[{"taxonomy":"category","embeddable":true,"href":"https:\/\/granadacostaglobal.es\/index.php?rest_route=%2Fwp%2Fv2%2Fcategories&post=1150"},{"taxonomy":"post_tag","embeddable":true,"href":"https:\/\/granadacostaglobal.es\/index.php?rest_route=%2Fwp%2Fv2%2Ftags&post=1150"}],"curies":[{"name":"wp","href":"https:\/\/api.w.org\/{rel}","templated":true}]}}