{"id":11488,"date":"2017-04-19T07:36:15","date_gmt":"2017-04-19T07:36:15","guid":{"rendered":"http:\/\/granadacostanacional.es\/?p=11488"},"modified":"2017-04-19T07:36:15","modified_gmt":"2017-04-19T07:36:15","slug":"cofradia-del-cristo-de-la-agonia-de-lleida-semana-santa-2017","status":"publish","type":"post","link":"https:\/\/granadacostaglobal.es\/?p=11488","title":{"rendered":"Cofrad\u00eda del Cristo de la Agon\u00eda de Lleida &#8211; Semana Santa 2017"},"content":{"rendered":"<h3><strong>Participaci\u00f3n en la Procesi\u00f3n de las Palmas<\/strong><\/h3>\n<p><a href=\"http:\/\/granadacostanacional.es\/wp-content\/uploads\/2017\/04\/1.jpg\"><img decoding=\"async\" loading=\"lazy\" class=\"wp-image-11490 alignright\" src=\"http:\/\/granadacostanacional.es\/wp-content\/uploads\/2017\/04\/1.jpg\" alt=\"1\" width=\"384\" height=\"215\" \/><\/a><\/p>\n<p style=\"text-align: justify;\">Domingo de Ramos, Domingo de Palmas, Domingo de Procesi\u00f3n, nuestra Cofrad\u00eda, la Cofrad\u00eda del Cristo de la Agon\u00eda, ha acudido fiel a su cita con los hermanos cofrades de la Cofrad\u00eda de la Sagrada Familia, que procesiona el paso de la huida a Egipto, conocido popularmente en Lleida como la Somereta.<\/p>\n<p style=\"text-align: justify;\">Con un sol radiante, las palmas, ramas de laurel y olivo llenaban las calles del barrio de Pardi\u00f1as para recibir la bendici\u00f3n por parte de Mn. Joan, Consiliario de la Cofrad\u00eda de la Somereta, para una vez realizada esta bendici\u00f3n, recorrer las calles del barrio.<\/p>\n<p style=\"text-align: justify;\">Nuestra cofrad\u00eda, representada por varios miembros del Cabildo de Oficiales, un buen n\u00famero de penitentes y portantes de trono no han querido faltar a la cita de la primera procesi\u00f3n de la ciudad de Lleida que abre los actos de la Semana Santa en la ciudad.<\/p>\n<p style=\"text-align: justify;\">Nuestro Hermano Mayor, es costalero del trono de la huida a Egipto y delega en este Domingo de Ramos la representaci\u00f3n de la Hermandad en los Oficiales de la Cofrad\u00eda.<\/p>\n<p style=\"text-align: justify;\"><a href=\"http:\/\/granadacostanacional.es\/wp-content\/uploads\/2017\/04\/2.jpg\"><img decoding=\"async\" loading=\"lazy\" class=\"alignnone wp-image-11491\" src=\"http:\/\/granadacostanacional.es\/wp-content\/uploads\/2017\/04\/2-300x169.jpg\" alt=\"2\" width=\"485\" height=\"273\" \/><\/a><\/p>\n<h3><strong>Procesi\u00f3n de Los Dolores<\/strong><\/h3>\n<p><a href=\"http:\/\/granadacostanacional.es\/wp-content\/uploads\/2017\/04\/3.jpg\"><img decoding=\"async\" loading=\"lazy\" class=\"wp-image-11492 alignright\" src=\"http:\/\/granadacostanacional.es\/wp-content\/uploads\/2017\/04\/3.jpg\" alt=\"3\" width=\"254\" height=\"379\" \/><\/a><\/p>\n<p style=\"text-align: justify;\">Son las seis de la tarde, las mujeres de mantilla de la cofrad\u00eda ya llevan un rato ayud\u00e1ndose entre ellas para colocar correctamente la mantilla, la mantilla que en muchas ocasiones pasa de generaci\u00f3n en generaci\u00f3n, mientras los penitentes ponen un nuevo nudo en el c\u00edngulo, mientras estiran y colocan el capirote correctamente, ya faltan pocos minutos para la oraci\u00f3n de salida, y juntos como hermanos a participar en la Procesi\u00f3n de Domingo de Ramos.<\/p>\n<p style=\"text-align: justify;\">La casa hermandad es un ir y venir de hermanos, preparando los \u00faltimos detalles, y los oficiales ponen serenidad en el trasiego, dando las instrucciones precisas para poder efectuar la salida y encaminarse por las calles del centro hist\u00f3rico de nuestra querida Lleida hasta Blondel, donde aguarda el paso del Santo Crucifijo que hoy acompa\u00f1aremos en procesi\u00f3n.<\/p>\n<p style=\"text-align: justify;\">En ese camino parada obligada en el Oratorio, para saludar a Nuestra Madre en su Mayor Dolor, y los Armats ya preparados para la salida y el inicio de la Procesi\u00f3n, toque de tambor y todo da comienzo, las lanzas de los Armats marcan el paso y abren la procesi\u00f3n.<\/p>\n<p style=\"text-align: justify;\">Despu\u00e9s del recorrido oficial, quedan momentos emotivos, la reverencia que realiza la Cofrad\u00eda de la Sagrada Familia a la Virgen de los Dolores, mientras los costaleros cantan la Salve a la Virgen, meciendo el paso en sus hombros, este a\u00f1o con el cambio de recorrido, delante de la Catedral, momento que con ese tel\u00f3n de fondo, har\u00e1 que miles de fotograf\u00edas queden en el recuerdo de los leridanos.<\/p>\n<p style=\"text-align: justify;\">Muchos de nuestros hermanos cofrades, tambi\u00e9n quieren ver otro de los momentos \u00fanicos del Domingo de Ramos, una vez finalizada la Procesi\u00f3n, la Cofrad\u00eda de la Sagrada Familia, realiza estaci\u00f3n de penitencia en la Santa Iglesia Catedral, donde el Obispo de la Di\u00f3cesis finaliza el acto agradeciendo con sus palabras que se den muestras de religiosidad en la calle.<\/p>\n<p style=\"text-align: justify;\"><a href=\"http:\/\/granadacostanacional.es\/wp-content\/uploads\/2017\/04\/4.jpg\"><img decoding=\"async\" loading=\"lazy\" class=\"alignnone wp-image-11493\" src=\"http:\/\/granadacostanacional.es\/wp-content\/uploads\/2017\/04\/4-225x300.jpg\" alt=\"4\" width=\"261\" height=\"348\" \/><\/a>\u00a0<a href=\"http:\/\/granadacostanacional.es\/wp-content\/uploads\/2017\/04\/5.jpg\"><img decoding=\"async\" loading=\"lazy\" class=\"alignnone wp-image-11494\" src=\"http:\/\/granadacostanacional.es\/wp-content\/uploads\/2017\/04\/5-300x225.jpg\" alt=\"5\" width=\"352\" height=\"264\" \/><\/a><\/p>\n<p style=\"text-align: justify;\"><a href=\"http:\/\/granadacostanacional.es\/wp-content\/uploads\/2017\/04\/6.jpg\"><img decoding=\"async\" loading=\"lazy\" class=\"alignnone wp-image-11495\" src=\"http:\/\/granadacostanacional.es\/wp-content\/uploads\/2017\/04\/6-203x300.jpg\" alt=\"6\" width=\"246\" height=\"364\" \/><\/a>\u00a0<a href=\"http:\/\/granadacostanacional.es\/wp-content\/uploads\/2017\/04\/7.jpg\"><img decoding=\"async\" loading=\"lazy\" class=\"alignnone wp-image-11496\" src=\"http:\/\/granadacostanacional.es\/wp-content\/uploads\/2017\/04\/7-158x300.jpg\" alt=\"7\" width=\"198\" height=\"376\" \/><\/a><\/p>\n<h3><strong>Procesi\u00f3n del Traslado<\/strong><\/h3>\n<p><a href=\"http:\/\/granadacostanacional.es\/wp-content\/uploads\/2017\/04\/8.jpg\"><img decoding=\"async\" loading=\"lazy\" class=\"wp-image-11498 alignright\" src=\"http:\/\/granadacostanacional.es\/wp-content\/uploads\/2017\/04\/8.jpg\" alt=\"8\" width=\"382\" height=\"254\" \/><\/a><\/p>\n<p style=\"text-align: justify;\">M\u00e1s de medio millar de personas asistieron a la previa de la Procesi\u00f3n del Silencio, la Procesi\u00f3n del Traslado, una procesi\u00f3n surgida de una necesidad log\u00edstica como era el traslado de las im\u00e1genes para la Procesi\u00f3n del Silencio, y que cada a\u00f1o re\u00fane a un mayor n\u00famero de leridanos en esta Procesi\u00f3n de Traslado, realizado cada a\u00f1o de una manera m\u00e1s Solemne.<\/p>\n<p style=\"text-align: justify;\">La Cruz Gu\u00eda de la Cofrad\u00eda del Cristo de la Agon\u00eda abr\u00eda la Procesi\u00f3n, los bombos y tambores de la Cofrad\u00eda de la Merced, anunciaban con sus toques el paso de las im\u00e1genes del Cristo de la Agon\u00eda y la Virgen Maria en la Advocaci\u00f3n de la Piedad, y los fieles acompa\u00f1aron durante el itinerario con su velones acompa\u00f1ando con su oraci\u00f3n a las Hermandades.<\/p>\n<p style=\"text-align: justify;\">La presidencia eclesial, a cargo de Mn. Vicen\u00e7 Alfonso, consiliario de nuestra Cofrad\u00eda, acompa\u00f1ado por Mn. Daniel Turmo, Rector de la Parroquia de Sant Mart\u00ed, Mn. Joan Torrelles, cofrade de nuestra Hermandad y el Padre Mercedario, la presidencia civil, encabezada por nuestro Hermano Mayor, Jos\u00e9 Manuel G\u00f3mez, el Presidente de la Asociaci\u00f3n vecinal del Barrio, Jaume Millas, y los concejales Paco Cerd\u00e0 y Joan Vilella.<\/p>\n<p style=\"text-align: justify;\">Los portantes de trono, fueron los encargados de llevar la imagen a hombros, realizando alg\u00fan relevo durante el recorrido.<\/p>\n<p style=\"text-align: justify;\"><a href=\"http:\/\/granadacostanacional.es\/wp-content\/uploads\/2017\/04\/9.jpg\"><img decoding=\"async\" loading=\"lazy\" class=\"alignnone wp-image-11499\" src=\"http:\/\/granadacostanacional.es\/wp-content\/uploads\/2017\/04\/9-300x200.jpg\" alt=\"9\" width=\"380\" height=\"253\" \/><\/a><\/p>\n<p style=\"text-align: justify;\"><a href=\"http:\/\/granadacostanacional.es\/wp-content\/uploads\/2017\/04\/10.jpg\"><img decoding=\"async\" loading=\"lazy\" class=\"alignnone wp-image-11497\" src=\"http:\/\/granadacostanacional.es\/wp-content\/uploads\/2017\/04\/10-300x169.jpg\" alt=\"10\" width=\"421\" height=\"237\" \/><\/a><\/p>\n<h3><strong>Procesi\u00f3n del Silencio<\/strong><\/h3>\n<p><a href=\"http:\/\/granadacostanacional.es\/wp-content\/uploads\/2017\/04\/11.jpg\"><img decoding=\"async\" loading=\"lazy\" class=\"wp-image-11501 alignright\" src=\"http:\/\/granadacostanacional.es\/wp-content\/uploads\/2017\/04\/11.jpg\" alt=\"11\" width=\"428\" height=\"321\" \/><\/a><\/p>\n<p style=\"text-align: justify;\">Despu\u00e9s de casi un a\u00f1o esperando ese momento m\u00e1gico que la Cruz Gu\u00eda de nuestra Cofrad\u00eda se sit\u00fae, bajo el dintel del arco de la puerta de la Iglesia Rom\u00e1nica de Sant Mart\u00ed, llegaron las 12 de la noche de este Jueves Santo, y el murmurio de la gente que se hab\u00eda reunido para presenciar la salida del Cristo de la Agon\u00eda de la Iglesia, silenci\u00f3 al instante que se habr\u00edan las puertas para dar inicio a nuestra Salida Penitencial.<\/p>\n<p style=\"text-align: justify;\">Momentos antes de la salida, con la presencia del Obispo de la Di\u00f3cesis se realiz\u00f3 la Oraci\u00f3n de Salida, donde todos los penitentes participantes en la Procesi\u00f3n pudieron realizar un rezo para el buen devenir de la Procesi\u00f3n.<\/p>\n<p style=\"text-align: justify;\">Las diferentes cofrad\u00edas participantes en la Procesi\u00f3n fueron efectuando su salida, precedidas por sus respectivos estandartes, para dar paso al Trono del Cristo de la Agon\u00eda, que con sus maniobras ensayadas, salvan la salida donde apenas 5 cent\u00edmetros de margen para que trono procesional salga de la Iglesia Rom\u00e1nica, para despu\u00e9s salir la Presidencia eclesi\u00e1stica, que estaba formada por el Obispo de la Di\u00f3cesis, MN. Salvador Gim\u00e9nez, nuestro Consiliario Mn. Vicen\u00e7 Alfonso, el Rector de la Parroquia de Sant Mart\u00ed, Mn. Daniel Turmo, el adjunto a Sant Mart\u00ed y hermano cofrade Mn. Joan Torrelles, para continuar con la presidencia civil encabezada por nuestro Hermano Mayor, Jos\u00e9 Manuel G\u00f3mez, el alcalde accidental, F\u00e9lix Larrosa, y los concejales Joan Vilella y Paco Cerd\u00e1.<\/p>\n<p style=\"text-align: justify;\">Seguidamente la secci\u00f3n de mujeres de mantilla, para dar paso a la Cofrad\u00eda de la Piedad que cierra el cortejo procesional.<\/p>\n<p style=\"text-align: justify;\">Varias saetas cantadas durante el itinerario, pararon el paso del Cristo de la Agon\u00eda, que llegado a la la altura de la Puerta de la Misericordia de la Catedral, donde se realiz\u00f3 Solemne Estaci\u00f3n de Penitencia, pasando toda la procesi\u00f3n por el templo para retomar el camino del recorrido de la salida penitencial, llegaba los momentos de la calle La Palma, Calle del Bisbe y Calle Tallada, para encarar la calle San Carles y ver al fondo de la calle Jaume I el campanario de la Iglesia Rom\u00e1nica de Sant Mart\u00ed, donde los tambores de la Cofrad\u00eda de la Casa de Arag\u00f3n ya estaban preparados para la Rompida del Silencio.<\/p>\n<p style=\"text-align: justify;\">Roto el Silencio, dentro del templo una vez las im\u00e1genes dentro del mismo, se realiz\u00f3 la oraci\u00f3n para el final de la salida en Procesi\u00f3n, dando paso a los abrazos de los hermanos cofrades una vez realizada la salida penitencial y realizada con todo \u00e9xito.<\/p>\n<p style=\"text-align: justify;\"><a href=\"http:\/\/granadacostanacional.es\/wp-content\/uploads\/2017\/04\/12.jpg\"><img decoding=\"async\" loading=\"lazy\" class=\"alignnone wp-image-11503\" src=\"http:\/\/granadacostanacional.es\/wp-content\/uploads\/2017\/04\/12-300x300.jpg\" alt=\"12\" width=\"256\" height=\"256\" \/><\/a> <a href=\"http:\/\/granadacostanacional.es\/wp-content\/uploads\/2017\/04\/13.jpg\"><img decoding=\"async\" loading=\"lazy\" class=\"alignnone wp-image-11504\" src=\"http:\/\/granadacostanacional.es\/wp-content\/uploads\/2017\/04\/13-300x300.jpg\" alt=\"13\" width=\"257\" height=\"257\" \/><\/a><\/p>\n<p style=\"text-align: justify;\"><a href=\"http:\/\/granadacostanacional.es\/wp-content\/uploads\/2017\/04\/15.jpg\"><img decoding=\"async\" loading=\"lazy\" class=\"alignnone wp-image-11505\" src=\"http:\/\/granadacostanacional.es\/wp-content\/uploads\/2017\/04\/15-300x300.jpg\" alt=\"15\" width=\"279\" height=\"279\" \/><\/a> <a href=\"http:\/\/granadacostanacional.es\/wp-content\/uploads\/2017\/04\/16.jpg\"><img decoding=\"async\" loading=\"lazy\" class=\"alignnone wp-image-11506\" src=\"http:\/\/granadacostanacional.es\/wp-content\/uploads\/2017\/04\/16-225x300.jpg\" alt=\"16\" width=\"210\" height=\"280\" \/><\/a><\/p>\n<p style=\"text-align: justify;\"><a href=\"http:\/\/granadacostanacional.es\/wp-content\/uploads\/2017\/04\/18.jpg\"><img decoding=\"async\" loading=\"lazy\" class=\"alignnone wp-image-11508\" src=\"http:\/\/granadacostanacional.es\/wp-content\/uploads\/2017\/04\/18-300x225.jpg\" alt=\"18\" width=\"268\" height=\"201\" \/><\/a> <a href=\"http:\/\/granadacostanacional.es\/wp-content\/uploads\/2017\/04\/17.jpg\"><img decoding=\"async\" loading=\"lazy\" class=\"alignnone wp-image-11507\" src=\"http:\/\/granadacostanacional.es\/wp-content\/uploads\/2017\/04\/17-300x225.jpg\" alt=\"17\" width=\"265\" height=\"199\" \/><\/a><\/p>\n<p style=\"text-align: justify;\"><a href=\"http:\/\/granadacostanacional.es\/wp-content\/uploads\/2017\/04\/20170414_025522-copia.jpg\"><img decoding=\"async\" loading=\"lazy\" class=\"alignnone wp-image-11502\" src=\"http:\/\/granadacostanacional.es\/wp-content\/uploads\/2017\/04\/20170414_025522-copia-169x300.jpg\" alt=\"20170414_025522 - copia\" width=\"304\" height=\"540\" \/><\/a><\/p>\n<p style=\"text-align: right;\"><em><strong>Jos\u00e9 Manuel G\u00f3mez<\/strong><\/em><\/p>\n","protected":false},"excerpt":{"rendered":"<p>Participaci\u00f3n en la Procesi\u00f3n de las Palmas Domingo de Ramos, Domingo de Palmas, Domingo de Procesi\u00f3n, nuestra Cofrad\u00eda, la Cofrad\u00eda&hellip;<\/p>\n","protected":false},"author":2,"featured_media":11489,"comment_status":"open","ping_status":"open","sticky":false,"template":"","format":"standard","meta":{"om_disable_all_campaigns":false,"_mi_skip_tracking":false,"_monsterinsights_sitenote_active":false,"_monsterinsights_sitenote_note":"","_monsterinsights_sitenote_category":0,"footnotes":""},"categories":[21],"tags":[],"aioseo_notices":[],"_links":{"self":[{"href":"https:\/\/granadacostaglobal.es\/index.php?rest_route=\/wp\/v2\/posts\/11488"}],"collection":[{"href":"https:\/\/granadacostaglobal.es\/index.php?rest_route=\/wp\/v2\/posts"}],"about":[{"href":"https:\/\/granadacostaglobal.es\/index.php?rest_route=\/wp\/v2\/types\/post"}],"author":[{"embeddable":true,"href":"https:\/\/granadacostaglobal.es\/index.php?rest_route=\/wp\/v2\/users\/2"}],"replies":[{"embeddable":true,"href":"https:\/\/granadacostaglobal.es\/index.php?rest_route=%2Fwp%2Fv2%2Fcomments&post=11488"}],"version-history":[{"count":0,"href":"https:\/\/granadacostaglobal.es\/index.php?rest_route=\/wp\/v2\/posts\/11488\/revisions"}],"wp:featuredmedia":[{"embeddable":true,"href":"https:\/\/granadacostaglobal.es\/index.php?rest_route=\/"}],"wp:attachment":[{"href":"https:\/\/granadacostaglobal.es\/index.php?rest_route=%2Fwp%2Fv2%2Fmedia&parent=11488"}],"wp:term":[{"taxonomy":"category","embeddable":true,"href":"https:\/\/granadacostaglobal.es\/index.php?rest_route=%2Fwp%2Fv2%2Fcategories&post=11488"},{"taxonomy":"post_tag","embeddable":true,"href":"https:\/\/granadacostaglobal.es\/index.php?rest_route=%2Fwp%2Fv2%2Ftags&post=11488"}],"curies":[{"name":"wp","href":"https:\/\/api.w.org\/{rel}","templated":true}]}}