{"id":11356,"date":"2017-04-11T14:38:17","date_gmt":"2017-04-11T14:38:17","guid":{"rendered":"http:\/\/granadacostanacional.es\/?p=11356"},"modified":"2017-04-11T14:38:17","modified_gmt":"2017-04-11T14:38:17","slug":"presentacion-del-libro-los-valles-del-alma-y-entrega-de-premios-del-9a-certamen-internacional-de-poesia-marcelino-arellano-itrabo-2017","status":"publish","type":"post","link":"https:\/\/granadacostaglobal.es\/?p=11356","title":{"rendered":"presentaci\u00f3n del libro \u201cLos Valles del Alma\u201d y entrega de premios del 9\u00aa Certamen Internacional de Poes\u00eda Marcelino Arellano Alabarces  \u00cdtrabo 2017"},"content":{"rendered":"<p>Por Manuel Ceballos<\/p>\n<p style=\"text-align: justify;\">\u00a0 \u00a0 <a href=\"http:\/\/granadacostanacional.es\/wp-content\/uploads\/2017\/04\/P1100890.jpg\"><img decoding=\"async\" loading=\"lazy\" class=\"size-medium wp-image-11363 alignleft\" src=\"http:\/\/granadacostanacional.es\/wp-content\/uploads\/2017\/04\/P1100890-300x169.jpg\" alt=\"P1100890\" width=\"300\" height=\"169\" \/><\/a>\u00a0 Cr\u00f3nica presentaci\u00f3n del libro \u201c<em>Los Valles del Alma<\/em>\u201d y entrega de premios del 9\u00aa Certamen Internacional de Poes\u00eda Marcelino Arellano Alabarces \u00a0\u00cdtrabo2017<\/p>\n<p style=\"text-align: justify;\">\u00a0 \u00a0 \u00a0 Nos hab\u00edamos citado en la cafeter\u00eda del hotel Helios, lugar de referencia para los socios de Granada Costa que poco a poco est\u00e1 asent\u00e1ndose como un rinc\u00f3n m\u00e1s de nuestra casa. Reci\u00e9n remozado con una atractiva decoraci\u00f3n en blancos y grises, la cafeter\u00eda con vistas a la playa resultaba irresistible para tomar el aperitivo dej\u00e1ndose contemplar por el Mediterr\u00e1neo que luc\u00eda un tanto alborotado con el estreno del sol primaveral.<\/p>\n<p style=\"text-align: justify;\">\u00a0 \u00a0 \u00a0 Avisaron que ven\u00edan en camino, y al poco se presentaron D. Antonio Jes\u00fas Carrascosa, se\u00f1or alcalde de \u00cdtrabo, y nuestro estimado gran poeta Marcelino Arellano Alabarces, all\u00ed estaba tambi\u00e9n convocada la Dra. To\u00f1y Castillo que har\u00eda la presentaci\u00f3n del libro. Durante el almuerzo el se\u00f1or Carrascosa y Marcelino mano a mano fueron narrando detalles y an\u00e9cdotas que nos permitieron ir adentrarnos tanto en el lugar como en la persona.<\/p>\n<p style=\"text-align: justify;\">\u00a0 \u00a0 \u00a0 Sit\u00faense en otro tiempo, recuerden o imaginen el calor de aquellos veranos de abanico y b\u00facaro en el que los ventiladores escaseaban e iban a 125 voltios, y all\u00ed en medio de esos campos de almendros emboscados con chicharras envalentonadas, contemplen como un peque\u00f1o en pantal\u00f3n corto y zapatos de goma de suelas casi gastadas, camina apresurado una vez m\u00e1s decidido a no defraudar a su h\u00e9roe. No, no vacila ni un instante en recorrer una los 17 kil\u00f3metros de senderos que distan hasta Motril para encontrarse con su capit\u00e1n y acompa\u00f1arle all\u00ed donde el ejemplar de esta semana les depare. Valiente muchacho, no le atemorizaba recorrer s\u00f3lo esas pedregosas veredas porque \u00e9l es uno m\u00e1s de la compa\u00f1\u00eda, tan fuerte como Goliath, tan leal como Crisp\u00edn, tan enamorado o m\u00e1s de Ingrid. As\u00ed, bati\u00e9ndose con innumerables villanos, recorriendo reinos y lugares, intentando averiguar si Thule quedaba por poniente o por levante, el peque\u00f1o Marcelino se ha apasionado con la lectura y los tebeos.<\/p>\n<p style=\"text-align: justify;\">\u00a0 \u00a0 \u00a0 Tebeos que fue reemplazando por libros. Monta\u00f1as de libros. Los ama, los atesora y los comparte, con los a\u00f1os ha hecho de una biblioteca su hogar&#8230; \u00bfo era al rev\u00e9s\u2026? Generoso, no hace mucho que regalo m\u00e1s de 1.600 ejemplares de su colecci\u00f3n al municipio de \u00cdtrabo. Me imagino la mesa del poeta, y me pregunto si se encuentra ubicada en uno de esos valles&#8230;, un lugar que se me antoja angosto pero confortable, ese que queda entre las henchidas estanter\u00edas de su despacho. Si, puede ser ese un buen lugar para tratar de encontrar esa dichosa alma.<\/p>\n<p style=\"text-align: justify;\">\u00a0 \u00a0 \u00a0 Pero el se\u00f1or Arellano Alabarces descuidadamente, deja asomar otra importante pista que seguir: las migas de los s\u00e1bados. A\u00fan hoy, all\u00e1 en Mallorca todas las semanas, haya o no familia o compa\u00f1a, \u00e9l y su mujer las preparan como Dios siempre ha mandado en \u00cdtrabo: harina o mejor a\u00fan s\u00e9mola de trigo, bacalao y pimiento frito, y una buena ensalada de naranja para acompa\u00f1ar. Las recetas de la familia, propias del lugar donde crecimos, forman parte de nosotros. Y lo afirma con convicci\u00f3n: \u201c<em>Quien pierde sus ra\u00edces, pierde su identidad<\/em>\u201d. As\u00ed pues, podremos tambi\u00e9n buscar el alma entre vaguadas de recuerdos, el ser entre ca\u00f1adas superpuestas de signos y manifestaciones de identidad.<\/p>\n<p style=\"text-align: justify;\">\u00a0 \u00a0 \u00a0<a href=\"http:\/\/granadacostanacional.es\/wp-content\/uploads\/2017\/04\/WhatsApp-Image-2017-04-11-at-08.16.17.jpeg\"><img decoding=\"async\" loading=\"lazy\" class=\"size-medium wp-image-11378 alignleft\" src=\"http:\/\/granadacostanacional.es\/wp-content\/uploads\/2017\/04\/WhatsApp-Image-2017-04-11-at-08.16.17-300x169.jpeg\" alt=\"WhatsApp Image 2017-04-11 at 08.16.17\" width=\"300\" height=\"169\" \/><\/a> No es que el \u00a0tiempo se nos echara encima a los postres, aunque quiz\u00e1s s\u00ed, es que los for\u00e1neos ya impacient\u00e1bamos por llegar y disfrutar del prometido paseo por el pueblo; as\u00ed pues, alegres y desenfadados, emprendimos la traves\u00eda del valle del Jete, valle esmeralda guarnecido por cien mil chirimoyos, dej\u00e1ndonos saludar por las casas arracimadas que a cada poco se arrimaban a una u a otra cuneta. Pasado el cruce comenzaron los virajes escarpados, curva tras curva las n\u00edsporas en flor dieron relevo abri\u00e9ndonos paso, y por fin tras una revuelta asoma \u00cdtrabo. Paramos a gozar de las vistas y la brisa, a estas alturas Antonio Jes\u00fas y Marcelino nos tratan como amigos, estamos viviendo lo que ser\u00e1 un grato recuerdo y cuando los encuadro al borde del mirador, miro tras ellos y creo atinar otra vez: este es el lugar, este es el valle&#8230; o si no cuando menos, es un valle con alma.<\/p>\n<p style=\"text-align: justify;\"><a href=\"http:\/\/granadacostanacional.es\/wp-content\/uploads\/2017\/04\/calle.jpg\"><img decoding=\"async\" loading=\"lazy\" class=\"size-medium wp-image-11435 alignleft\" src=\"http:\/\/granadacostanacional.es\/wp-content\/uploads\/2017\/04\/calle-169x300.jpg\" alt=\"calle\" width=\"169\" height=\"300\" \/><\/a>\u00a0 Ya en \u00cdtrabo Marcelino ni quiere ni lo puede disimular: es feliz en su tierra. \u201c<em>Paisano<\/em>&#8230;\u201d, cuando oye que as\u00ed le llaman los itrabe\u00f1os con los que se encuentra, crece su sonrisa; no se nos escapa que todas las personas con las que se cruza le tratan con cari\u00f1o y afecto. Parada obligada es su calle, la calle que lleva su nombre y con la que el pueblo de \u00cdtrabo le honra. Bajamos por la cuesta del Coronel y en una contracurva de la Avenida de Salobre\u00f1a encontramos al t\u00edo Ram\u00f3n, envidiable joven de ochenta y poco a\u00f1os con el cual quedamos emplazamos m\u00e1s tarde para tomar un caf\u00e9 en lo de Vicente. Un poco m\u00e1s arriba Marcelino para a preguntar por su prima, y antes de llegar a la plaza, justo antes del arco a la derecha se abre un callej\u00f3n; paramos y\u00a0 nos cuenta que tras ese viejo port\u00f3n el recuerda de muy peque\u00f1o ver como su padre guardaba las cabras. Qued\u00f3 hu\u00e9rfano de padre a los 3 a\u00f1os, con 8 de madre. Conforme avanzamos por la plaza, nos habla de la cata de vino que se celebra ma\u00f1ana, pero algo se sigue removiendo. \u201c\u00bf<em>Otra vez por aqu\u00ed Marcelino?<\/em>\u201d, los saludos se repiten casi en cada esquina. Pasada la fuente giramos en direcci\u00f3n a la que fue su casa, la casa de sus abuelos d\u00f3nde creci\u00f3, especialmente de la mano de su t\u00edo Ram\u00f3n. Todos quer\u00edan mucho a su madre, de los 8 t\u00edos, 7 le pusieron su nombre a su primera hija. El que quedaba es que solo tuvo hijos, pero como Carmen bautiz\u00f3 a su primera nieta.<\/p>\n<p style=\"text-align: justify;\">\u00a0 \u00a0 <a href=\"http:\/\/granadacostanacional.es\/wp-content\/uploads\/2017\/04\/WhatsApp-Image-2017-04-11-at-08.17.08.jpeg\"><img decoding=\"async\" loading=\"lazy\" class=\"size-medium wp-image-11374 alignleft\" src=\"http:\/\/granadacostanacional.es\/wp-content\/uploads\/2017\/04\/WhatsApp-Image-2017-04-11-at-08.17.08-300x169.jpeg\" alt=\"WhatsApp Image 2017-04-11 at 08.17.08\" width=\"300\" height=\"169\" \/><\/a>\u00a0 A la altura de la imagen del Santo, solemne afirma que el tiempo cura las heridas cambia el paso y recupera la jovialidad, nos lleva camino a la Carmeta y all\u00ed en el lavadero restaurado nos<a href=\"http:\/\/granadacostanacional.es\/wp-content\/uploads\/2017\/04\/WhatsApp-Image-2017-04-11-at-08.17.11.jpeg\"><img decoding=\"async\" loading=\"lazy\" class=\"size-medium wp-image-11375 alignright\" src=\"http:\/\/granadacostanacional.es\/wp-content\/uploads\/2017\/04\/WhatsApp-Image-2017-04-11-at-08.17.11-169x300.jpeg\" alt=\"WhatsApp Image 2017-04-11 at 08.17.11\" width=\"169\" height=\"300\" \/><\/a> refrescamos con el agua de la pileta. Abreviamos la pausa porque aqu\u00ed los lugare\u00f1os no dan palabra en vano, y con Ram\u00f3n hemos quedado. \u201c<em>Que tal Marcelino, \u00bfc\u00f3mo andas<\/em>?\u201d le pregunta la en\u00e9sima vecina con la que nos cruzamos. Pasamos por el Ayuntamiento camino de la Iglesia del Carmen, o\u00edmos de historias a las que sabe poner vida: moriscos, guerras y expolios pasados, que el templo ahora alberga a la patrona del pueblo, la virgen de la Salud o la \u201cvirgen de oro\u201d, porque en estos tiempos, cada d\u00eda m\u00e1s sola en su ermita, no estaba ya segura de ladrones\u2026\u201d<\/p>\n<p style=\"text-align: justify;\"><i>Adi\u00f3s<\/i><em>\u00a0Marcelino, ma\u00f1ana nos vemos<\/em>\u201d. Nadie pasa de largo del poeta, es su paisano s\u00ed, pero bien que se nota que le quieren y le respetan. Pues bien podr\u00eda haber elegido calles en vez de valles para el t\u00edtulo, porque, aunque sea a media tarde bien llenas de almas con alma est\u00e1n&#8230;<\/p>\n<p style=\"text-align: justify;\">\u00a0 \u00a0 \u00a0<img decoding=\"async\" loading=\"lazy\" class=\"size-medium wp-image-11373 alignleft\" src=\"http:\/\/granadacostanacional.es\/wp-content\/uploads\/2017\/04\/WhatsApp-Image-2017-04-11-at-08.16.46-300x169.jpeg\" alt=\"WhatsApp Image 2017-04-11 at 08.16.46\" width=\"300\" height=\"169\" \/> Nos aceramos al final del paseo, pero ya m\u00e1s que cr\u00f3nica lo que me apetece es hacer una entrevista, as\u00ed que no me contengo: \u00bf<em>Que es lo primero que escribiste que recuerdas&#8230;?<\/em> Nos mira y nos recita un poema que habla de amor y quimeras. En la escuela le daba clases una moja que no hab\u00eda hecho votos perpetuos. El amor le entr\u00f3 por sus lindos ojos, y como no, con apenas catorce a\u00f1os y con el arrojo del capit\u00e1n Trueno se puede competir con el mism\u00edsimo Se\u00f1or por el amor de una mujer est\u00e9 o no prometida. Todo lo que ustedes quieran, pero a diferencia de otros, el chico no solo no tir\u00f3 la toalla tras el primer desenga\u00f1o, sino que el maestro persever\u00f3 para cultivarse y aflorar su talento de poeta. Esto del amor quiz\u00e1s sea otro buen indicio, pero en cualquier caso har\u00e1n bien los lectores en andarse con cuidado, que entre valles y vericuetos de amores las almas pueden tanto encontrarse como descarriarse.<\/p>\n<p style=\"text-align: justify;\">\u00a0 \u00a0 \u00a0 Nos sentamos a tomar ese caf\u00e9 con el t\u00edo Ram\u00f3n, pero c\u00f3mo no catar antes el vino de estas tierras, Marcelino nos cuenta c\u00f3mo y d\u00f3nde se hace, y tambi\u00e9n como se hac\u00eda hace a\u00f1os. Se rememora lo laborioso que resultaba alimentar con 6 huevos reci\u00e9n puestos a una familia de nueve, y por el t\u00edo nos enteramos que enorme rat\u00f3n era aquel que agujereaba el cerete para comerse los higos secos: a diferencia de P\u00e9rez, el Arellano no tra\u00eda, sino que p\u00edcaro era el quien se convidaba. Se nos suman m\u00e1s paisanos y conversamos sobre las labores de los frutales, que a algunos no se les tala, pero hay hacerles la entresaca, que el n\u00edspero puede ser generoso, pero de seguro exigente\u2026. Ya nos lo avisaba Antonio Jes\u00fas, las gentes del lugar tienen fama de fiables y laboriosas. Sigo indagando, no, no es \u00a0que sea un valle, aunque bien podr\u00eda ser\u2026, quiz\u00e1s sean muchos los que en el tajo ponen cuerpo y alma.<\/p>\n<p style=\"text-align: justify;\">\u00a0 \u00a0 <img decoding=\"async\" loading=\"lazy\" class=\"size-medium wp-image-11381 aligncenter\" src=\"http:\/\/granadacostanacional.es\/wp-content\/uploads\/2017\/04\/P1100903-300x169.jpg\" alt=\"P1100903\" width=\"300\" height=\"169\" \/><\/p>\n<p style=\"text-align: justify;\">\u00a0 Cuando llegamos a d\u00f3nde va a comenzar el acto, ya est\u00e1 llena la sala, cuento filas y sillas, rondan la centena, pero es que en el pasillo de entrada ya hay m\u00e1s de veinte personas aguardando en pi\u00e9&#8230; ten\u00eda reservado asiento, menos mal, y no puede ser mejor el sitio, en primera fila justo al lado de Pepe Segura, en funciones de reportero gr\u00e1fico con el que siempre puede contar Granada Costa, siempre al pi\u00e9 del ca\u00f1\u00f3n. En la mesa de autoridades se sientan D\u00f1a. M\u00aa \u00c1ngeles Fern\u00e1ndez la actual concejala de cultura (su cara me suena, es una de las paisanas que hemos antes saludado&#8230;), a la derecha la se\u00f1ora diputada de cultura de la diputaci\u00f3n de Granada, D\u00f1a. F\u00e1tima G\u00f3mez, en el centro D. Antonio Jes\u00fas Carrascosa, al lado la Dra. To\u00f1y Castillo y en otra esquina nuestro poeta, D. \u00a0Marcelino Arellano\u00a0Alabarces<\/p>\n<p style=\"text-align: justify;\">\u00a0 \u00a0 <img decoding=\"async\" loading=\"lazy\" class=\"size-medium wp-image-11376 alignleft\" src=\"http:\/\/granadacostanacional.es\/wp-content\/uploads\/2017\/04\/WhatsApp-Image-2017-04-11-at-08.17.38-300x169.jpeg\" alt=\"WhatsApp Image 2017-04-11 at 08.17.38\" width=\"300\" height=\"169\" \/>\u00a0 Da comienzo el acto de entrega de premios del 9\u00aa Certamen internacional de poes\u00eda Marcelino Arellano Alabarces\u00a02017, y es el propio autor al que honra el certamen quien da lectura al fallo del jurado, no sin antes comentar la dificultad que ha supuesto dar los premios tanto por la calidad de los trabajos como por el volumen de los mismos, ya que en esta edici\u00f3n han concurrido m\u00e1s de 250 poemas que han llegado desde pa\u00edses como Italia, Francia, M\u00e9xico o Argentina. Los ganadores han sido:<\/p>\n<p style=\"text-align: justify;\">Primer Premio al poema \u201cBridas L\u00edricas\u201d de Restituto N\u00fa\u00f1ez Cobos de Castellar de Santiago (Ciudad Real).<\/p>\n<p style=\"text-align: justify;\">Segundo Premio al poema \u201cTres sonetos con pregunta\u201d de Nieves Fern\u00e1ndez Rodr\u00edguez de Ciudad Real.<\/p>\n<p style=\"text-align: justify;\">Premio Local al poema \u201cEn terror de los emigrantes\u201d de Elisabet S\u00e1ez Rodr\u00edguez.<\/p>\n<p style=\"text-align: justify;\">1\u00ba. Acc\u00e9sit al poema \u201cComo extendiendo la mano\u201d de Antonio San Miguel Rold\u00e1n de Madrid.<\/p>\n<p style=\"text-align: justify;\">2\u00ba Acc\u00e9sit al poema \u201cPlegaria de Juan Ram\u00f3n Barat\u201d de Moncada (Valencia).<\/p>\n<p style=\"text-align: justify;\"><img decoding=\"async\" loading=\"lazy\" class=\"alignnone size-medium wp-image-11382\" src=\"http:\/\/granadacostanacional.es\/wp-content\/uploads\/2017\/04\/P1100912-300x169.jpg\" alt=\"P1100912\" width=\"300\" height=\"169\" \/><img decoding=\"async\" loading=\"lazy\" class=\"alignnone size-medium wp-image-11384\" src=\"http:\/\/granadacostanacional.es\/wp-content\/uploads\/2017\/04\/P1100916-300x169.jpg\" alt=\"P1100916\" width=\"300\" height=\"169\" \/><\/p>\n<p style=\"text-align: justify;\"><img decoding=\"async\" loading=\"lazy\" class=\"alignnone size-medium wp-image-11383\" src=\"http:\/\/granadacostanacional.es\/wp-content\/uploads\/2017\/04\/P1100913-300x169.jpg\" alt=\"P1100913\" width=\"300\" height=\"169\" \/><img decoding=\"async\" loading=\"lazy\" class=\"alignnone size-medium wp-image-11385\" src=\"http:\/\/granadacostanacional.es\/wp-content\/uploads\/2017\/04\/P1100919-300x169.jpg\" alt=\"P1100919\" width=\"300\" height=\"169\" \/><\/p>\n<p style=\"text-align: justify;\">\u00a0 \u00a0 \u00a0 Seguidamente se da entrega de su premio a los galardonados, se leen los poemas premiados, si est\u00e1n en la sala son los propios autores tal cual es el caso de D. Restituto N\u00fa\u00f1ez, o para quienes han excusando su presencia, rapsodas locales\u2026pero\u2026murmullos en la sala\u2026 \u00bfy los diplomas\u2026? \u00bfQu\u00e9 ha ocurrido con los diplomas que no se los dan\u2026?, cosas del directo.<\/p>\n<p style=\"text-align: justify;\"><a href=\"http:\/\/granadacostanacional.es\/wp-content\/uploads\/2017\/04\/P1100909.jpg\"><img decoding=\"async\" loading=\"lazy\" class=\"size-medium wp-image-11387 alignleft\" src=\"http:\/\/granadacostanacional.es\/wp-content\/uploads\/2017\/04\/P1100909-300x169.jpg\" alt=\"P1100909\" width=\"300\" height=\"169\" \/><\/a><\/p>\n<p style=\"text-align: justify;\">\u00a0 \u00a0 \u00a0 A continuaci\u00f3n, intervienen las autoridades, cabe destacar las palabras de la diputada de cultura F\u00e1tima G\u00f3mez poniendo de relieve la participaci\u00f3n y compromiso con la cultura del pueblo de \u00cdtrabo, (puede comprobarse dicha afirmaci\u00f3n por la elevada concurrencia al acto) y de la corporaci\u00f3n municipal. Posteriormente en sus intervenciones tanto Marcelino como Antonio Jes\u00fas le trasladaron a la Diputaci\u00f3n el agradecimiento por el apoyo y les pidieron que siguieran apoyando tal como lo hacen o m\u00e1s la Cultura en las comarcas y localidades de la provincia, especialmente en los pueblos peque\u00f1os.<\/p>\n<p style=\"text-align: justify;\">\u00a0 \u00a0 <img decoding=\"async\" loading=\"lazy\" class=\"size-medium wp-image-11386 alignleft\" src=\"http:\/\/granadacostanacional.es\/wp-content\/uploads\/2017\/04\/P1100926-300x169.jpg\" alt=\"P1100926\" width=\"300\" height=\"169\" \/>\u00a0 Llega ahora el momento de la presentaci\u00f3n de la obra \u201c<em>Los Valles del Alma<\/em>\u201d a cargo de la escritora To\u00f1y Castillo, que comenz\u00f3 afirmando que compart\u00eda con el poeta la pasi\u00f3n por escribir, en sus palabras \u201c<em>La pasi\u00f3n por escribir y siempre digo que el escribir es enhebrar sentimientos, porque creo que cuando escribes \u2026 Desnudas el alma\u2026 quiz\u00e1s ese sea uno de los motivos por los cuales desee conocer esa alma construida hilo a hilo para dibujar un valle lleno de sentimientos<\/em>\u201d.\u00a0 Coincidi\u00f3 en se\u00f1alar que Marcelino ama a su pueblo. Refiere To\u00f1y que Marcelino ama profundamente a su pueblo ofreci\u00e9ndole lo m\u00e1s profundo de su ser: su poes\u00eda. \u201c<em>El amor toma forma en May\u00fascula para convertirse en el eje de su vida literaria\u201d <\/em>nos advierte<em>. <\/em>\u00a0Resulta inevitable empatizar con quien entrega el coraz\u00f3n y es buena persona, el tono de la presentadora es afectuoso y se intensifica cuando se refiere a su gran calidad humana y la obra del poeta Marcelino Arellano Alabarces , \u201c<em>uno de los escritores espa\u00f1oles con m\u00e1s extensa producci\u00f3n en las \u00faltimas d\u00e9cadas&#8230;\u201d.<\/em><\/p>\n<p style=\"text-align: justify;\">La Dra. Castillo destaca el amor en la obra de Marcelino, donde<em> \u201ctoma forma de may\u00fascula para convertirse en un eje que envuelve su vida literaria, y esta, es transformada en una extensi\u00f3n de su vida personal debido a la implicaci\u00f3n de emociones que de ella se deriva\u201d.<\/em><\/p>\n<p style=\"text-align: justify;\">Seg\u00fan la presentadora, el autor nos vuelve a encandilar por su lucidez, inmensidad y su capacidad de comunicar desde la madurez de su l\u00edrica, ya situada, como en obras anteriores, dentro del neorromanticismo que impera desde el siglo pasado como corriente literaria.<\/p>\n<p style=\"text-align: justify;\"><em>\u201c<\/em><em>Marcelino Arellano Alabarces \u00a0como escritor, se caracteriza por ser un poeta valiente, tenaz que nos habla abiertamente y sin pudor del escarnio, del vivir, del gozar&#8230;\u201d, <\/em>no sorprende o\u00edr que el autor habla de crecer como persona en toda su magnitud, pero si que que nos muestre \u201c <em>el placer del desencanto, la melancol\u00eda y la a\u00f1oranza que queda detr\u00e1s de la ventana de la tristeza o el amor eternamente loco como regalo y siempre bendito por ser apasionado y motor que envuelve la vida<\/em>\u201d.<\/p>\n<p style=\"text-align: justify;\">To\u00f1y nos advierte que al acercarnos a las p\u00e1ginas del autor, estas pasan r\u00e1pido por el anhelo de avanzar en este encuentro que va m\u00e1s all\u00e1 de la pura literatura, ya que \u201c<em>m\u00e1gicamente y de manera sabia nos lleva a un paisaje donde las palabras se hacen frases para construir, una a una, destellos de belleza sobrepasando las l\u00edneas impresas<\/em>\u201d, y ensalza su estilo cercano, directo, sin met\u00e1foras sobrantes,<em> \u201cdonde l\u00ednea a l\u00ednea, sientes el pulso de latidos fuertes, apasionados, cargados de la vitalidad que solo lo consiguen los \u00e1giles dedos de la sinceridad\u201d.<\/em><\/p>\n<p>Y nos centra en\u00a0 el libro<\/p>\n<p><strong><em>\u00a0<\/em><em>\u201cAl acercarse a estas hojas, nacen: Los valles del alma&#8221;<\/em><\/strong><\/p>\n<p style=\"text-align: justify;\"><em>Un espacio donde el lector puede encontrase consigo mismo, ya que este prol\u00edfico y gran maestro del sentir que es Marcelino Arellano Alabarces , nos transporta con este nuevo libro a los albores m\u00e1s esenciales del ser: El paso del tiempo, la vida y muerte, el amor eterno y los conflictos de amar, haciendo que sus versos queden impregnados en nuestras miradas como reflejos de nuestros propios ojos.<\/em><\/p>\n<p style=\"text-align: justify;\"><em>\u201cSiempre existir\u00e1 tu nombre\u201d es el primer poema marcando la eternidad de amar, dej\u00e1ndonos estas bellas palabras el maestro:<\/em><\/p>\n<p style=\"text-align: center;\"><em>\u2026Siempre estar\u00e1s junto a m\u00ed,<\/em><\/p>\n<p style=\"text-align: center;\"><em>por el camino que yo vaya,<\/em><\/p>\n<p style=\"text-align: center;\"><em>como guirnaldas de flores<\/em><\/p>\n<p style=\"text-align: center;\"><em>de tus manos artesanas.<\/em><\/p>\n<p style=\"text-align: center;\"><em>Te oir\u00e9 muy cerca de m\u00ed<\/em><\/p>\n<p style=\"text-align: center;\"><em>porque las oir\u00e9 con mi alma\u2026<\/em><\/p>\n<p style=\"text-align: justify;\"><em>Los valles del Alma, enhebra los hilos de un viaje a\u00a0 mundos\u00a0 internos mediante la identificaci\u00f3n, verso a verso,\u00a0 conecta con nuestras propias emociones, ya que el amor es una realidad compartida por la condici\u00f3n de ser persona y es la vida en s\u00ed misma.<\/em><\/p>\n<p style=\"text-align: center;\"><em>\u2026Cada cual es due\u00f1o de su destino,<\/em><\/p>\n<p style=\"text-align: center;\"><em>de nuestros pasos en la huella que dejamos<\/em><\/p>\n<p style=\"text-align: center;\"><em>en el camino que nos marc\u00f3 la vida.<\/em><\/p>\n<p style=\"text-align: center;\"><em>No me busques como algo pasajero\u2026\u00a0<\/em><\/p>\n<p style=\"text-align: justify;\">Poeta entre poetas, en estos t\u00e9rminos nos describe To\u00f1y a Marcelino, equipar\u00e1ndolo a un trovador que cantaba gestas vividas, por vivir o compartidas en su largo caminar por estos valles y nos hace pasear por r\u00edos y cuestas.<\/p>\n<p style=\"text-align: justify;\"><em>\u00a0\u00a0\u00a0\u00a0\u00a0\u00a0\u00a0\u00a0\u00a0\u00a0\u00a0 \u201cEn textos como: \u201cRecordar\u00e1s mis palabras\u201d, o \u201cNo es posible olvidarte\u201d,\u00a0magistralmente el autor nos adentra a un compendio de poemas no exentos de garra, pasiones entrecruzadas, dolor al desapego, deseos y rabia&#8230; besos dados y por dar&#8230; ternura y duelo&#8230; Todo ello desde la perceptiva de que \u201csiempre fue m\u00e1s feliz quien m\u00e1s am\u00f3&#8230;\u201d<\/em><\/p>\n<p style=\"text-align: justify;\"><em>\u00a0\u00a0\u00a0\u00a0\u00a0\u00a0\u00a0\u00a0\u00a0\u00a0\u00a0 \u00a0Y as\u00ed, de esta manera, el escritor en su l\u00edrica nos abre su equipaje para mostrarnos un c\u00famulo de experiencias propias y ajenas donde nos eleva \u201cal sentir m\u00e1s all\u00e1 de la persona como ser individual\u201d, siendo viajero del tiempo y acompa\u00f1ante en el trayecto por este recorrido.\u201d<\/em><\/p>\n<p style=\"text-align: justify;\">La presentadora acierta cuando afirma que \u201cLos valles del alma\u201d nos recuerda que el amor no permanece enjaulado, sino que vuela a trav\u00e9s de sus l\u00edneas a cualquier alma deseosa de abrir sus alas para abrazar la eternidad.<\/p>\n<p style=\"text-align: center;\"><em>\u2026Y\u00a0sin darnos cuenta va pasando el verano,<\/em><\/p>\n<p style=\"text-align: center;\"><em>march\u00e1ndose r\u00e1pidamente de dar tantas vueltas.<\/em><\/p>\n<p style=\"text-align: center;\"><em>Se va, qu\u00e9 distante t\u00fa de m\u00ed en este tiempo.<\/em><\/p>\n<p style=\"text-align: center;\"><em>Vuelve la calma y de nuevo tu acercamiento\u2026<\/em><\/p>\n<p>&nbsp;<\/p>\n<p style=\"text-align: justify;\">\u00a0 \u00a0 \u00a0 Dif\u00edcil resumir este nuevo libro de Marcelino Arellano Alabarces en una sola palabra, y To\u00f1y lo hizo al final: <em>Hermosura<\/em>.<\/p>\n<p style=\"text-align: justify;\"><strong><em>\u201c<\/em><em>Los valles del alma\u00a0es una obra hermosa, bella, de una ternura solo equiparable a la pluma de este gran escritor.<\/em><\/strong><\/p>\n<p style=\"text-align: justify;\"><strong><em>Los valles del alma, un valle un lugar para viajar donde la grandeza de su paisaje est\u00e1 en la inmensidad de amar\u201d<\/em><\/strong><\/p>\n<p style=\"text-align: justify;\">\u00a0 \u00a0 \u00a0Tras la presentaci\u00f3n M\u00aa Dolores Alabarces ley\u00f3 una composici\u00f3n po\u00e9tica que glosaba a modo de antolog\u00eda todos los t\u00edtulos publicados por el autor hasta el presente, un original y emotivo homenaje. Llegan por fin los diplomas que estaban en camino, y finalmente se hace la entrega de los mismos.<\/p>\n<p style=\"text-align: justify;\">\u00a0 \u00a0<a href=\"http:\/\/granadacostanacional.es\/wp-content\/uploads\/2017\/04\/P1100901.jpg\"><img decoding=\"async\" loading=\"lazy\" class=\"size-medium wp-image-11366 alignleft\" src=\"http:\/\/granadacostanacional.es\/wp-content\/uploads\/2017\/04\/P1100901-300x168.jpg\" alt=\"P1100901\" width=\"300\" height=\"168\" \/><\/a> \u00a0 \u00a0Tom\u00f3 la palabra Marcelino para agradecer la asistencia a paisanos y autoridades, agradeci\u00f3\u00a0 tambi\u00e9n especialmente Susana o \u201cSuni\u201d, anterior edil de cultura, por tantos a\u00f1os dedicados a la cultura en \u00cdtrabo, habl\u00f3 del esfuerzo que supone celebrar y mantener con los a\u00f1os un certamen po\u00e9tico como este, bien lo sabe \u00e9l por todos los que organiz\u00f3 en la que tambi\u00e9n es su tierra, Mallorca, d\u00f3nde tuvo la satisfacci\u00f3n que todos los autores a los que invit\u00f3, ninguno rechaz\u00f3 la participaci\u00f3n y todos fueron, bueno, todos menos un Caballero en concreto\u2026.<\/p>\n<p style=\"text-align: justify;\">\u00a0 \u00a0 \u00a0 Agradeci\u00f3 tambi\u00e9n al Ayuntamiento, sobre todo tambi\u00e9n por el detalle de invitar a un vino despu\u00e9s, que los vecinos ya le hab\u00edan estado preguntando si habr\u00eda morcilla, o si M\u00aa Dolores llevar\u00eda pesti\u00f1os. Por cierto, que lo del nombre de la calle estaba muy bien, pero que sus nietos ya le hab\u00edan preguntado que cuando le iban a regalar la casa.<\/p>\n<p style=\"text-align: justify;\">\u00a0 \u00a0 \u00a0 Nos habl\u00f3 de las ra\u00edces, de los or\u00edgenes moriscos del apellido Alabarces, \u201c<em>los que no se convirtieron<\/em>\u201d, cont\u00f3 que los descendientes de tercera generaci\u00f3n de un Alabarces que lleg\u00f3 hasta Puerto Rico est\u00e1n al d\u00eda de todo cuanto acontece en \u00cdtrabo y mantienen incluso una fundaci\u00f3n; a trav\u00e9s del apellido nos habl\u00f3 como los itrabe\u00f1os en la di\u00e1spora siguen amando su pueblo y anhelan volver: \u201c<em>Aquel que pierde las ra\u00edces, no es nada<\/em>\u201d.<\/p>\n<p style=\"text-align: justify;\">\u00a0 \u00a0 \u00a0 Marcelino nos cuenta que est\u00e1 preparando una antolog\u00eda po\u00e9tica, y que ahora est\u00e1 escribiendo una novela basada en el Albaic\u00edn y Granada. Nos lee un art\u00edculo que va a publicar sobre el Albaic\u00edn. Termina la lectura y quiere agradecer a Granada Club Selecci\u00f3n las excelentes ediciones de sus obras, y sobre todo, por la labor cultural gracias a la cual muchos autores han tenido la oportunidad de ser le\u00eddos y conocidos.<\/p>\n<p style=\"text-align: justify;\">\u00a0 \u00a0 \u00a0 Finaliza el acto D. Antonio Jes\u00fas Carrascosa felicitando al jurado y a los ganadores, y pide disculpas por no habernos advertido de la innovaci\u00f3n de este a\u00f1o que consist\u00eda en que el diploma a los ganadores se har\u00eda justo antes de que interviniese Marcelino\u2026 brillante quite de humor que hace que termine el acto entre fuertes aplausos y risas.<\/p>\n<p style=\"text-align: justify;\">\u00a0 \u00a0 \u00a0<img decoding=\"async\" loading=\"lazy\" class=\"size-medium wp-image-11377 alignleft\" src=\"http:\/\/granadacostanacional.es\/wp-content\/uploads\/2017\/04\/WhatsApp-Image-2017-04-11-at-08.18.38-300x169.jpeg\" alt=\"WhatsApp Image 2017-04-11 at 08.18.38\" width=\"300\" height=\"169\" \/> El lector que hasta este punto ha tenido la paciencia de leer podr\u00e1 indignarse: \u201c<em>Pero oiga, c\u00f3mo se le ocurre acabar ya la cr\u00f3nica. \u00a0\u00bfEs qu\u00e9 no va a decir nada de lo que dijo Marcelino\u2026?, tanto marearnos rebuscando valles y al final, \u00bfno nos va a contar cu\u00e1les son esos valles seg\u00fan el autor\u2026?\u201d.<\/em><\/p>\n<p style=\"text-align: justify;\"><em>\u00a0 \u00a0 \u00a0 \u00a0<\/em>Pues miren ustedes, Paco Umbral tampoco se lo termina de creer all\u00ed en el Parnaso o d\u00f3nde quiera que est\u00e9, porque, sorpr\u00e9ndanse, simplemente Marcelino no fue al acto a hablar de su libro.<\/p>\n<p style=\"text-align: justify;\">\u00a0 \u00a0 \u00a0 \u00a0Van a tener que leer el libro: lo van a disfrutar. Manuel Ceballos<\/p>\n<p style=\"text-align: justify;\">\n","protected":false},"excerpt":{"rendered":"<p>Por Manuel Ceballos \u00a0 \u00a0 \u00a0 Cr\u00f3nica presentaci\u00f3n del libro \u201cLos Valles del Alma\u201d y entrega de premios del 9\u00aa&hellip;<\/p>\n","protected":false},"author":4,"featured_media":11381,"comment_status":"open","ping_status":"open","sticky":false,"template":"","format":"standard","meta":{"om_disable_all_campaigns":false,"_mi_skip_tracking":false,"_monsterinsights_sitenote_active":false,"_monsterinsights_sitenote_note":"","_monsterinsights_sitenote_category":0,"footnotes":""},"categories":[26,21,22],"tags":[],"aioseo_notices":[],"_links":{"self":[{"href":"https:\/\/granadacostaglobal.es\/index.php?rest_route=\/wp\/v2\/posts\/11356"}],"collection":[{"href":"https:\/\/granadacostaglobal.es\/index.php?rest_route=\/wp\/v2\/posts"}],"about":[{"href":"https:\/\/granadacostaglobal.es\/index.php?rest_route=\/wp\/v2\/types\/post"}],"author":[{"embeddable":true,"href":"https:\/\/granadacostaglobal.es\/index.php?rest_route=\/wp\/v2\/users\/4"}],"replies":[{"embeddable":true,"href":"https:\/\/granadacostaglobal.es\/index.php?rest_route=%2Fwp%2Fv2%2Fcomments&post=11356"}],"version-history":[{"count":0,"href":"https:\/\/granadacostaglobal.es\/index.php?rest_route=\/wp\/v2\/posts\/11356\/revisions"}],"wp:featuredmedia":[{"embeddable":true,"href":"https:\/\/granadacostaglobal.es\/index.php?rest_route=\/"}],"wp:attachment":[{"href":"https:\/\/granadacostaglobal.es\/index.php?rest_route=%2Fwp%2Fv2%2Fmedia&parent=11356"}],"wp:term":[{"taxonomy":"category","embeddable":true,"href":"https:\/\/granadacostaglobal.es\/index.php?rest_route=%2Fwp%2Fv2%2Fcategories&post=11356"},{"taxonomy":"post_tag","embeddable":true,"href":"https:\/\/granadacostaglobal.es\/index.php?rest_route=%2Fwp%2Fv2%2Ftags&post=11356"}],"curies":[{"name":"wp","href":"https:\/\/api.w.org\/{rel}","templated":true}]}}